{"id":61221,"date":"2025-06-10T00:01:00","date_gmt":"2025-06-10T06:01:00","guid":{"rendered":"https:\/\/www.opinionpublica.tv\/portada\/?p=61221"},"modified":"2025-06-09T14:53:12","modified_gmt":"2025-06-09T20:53:12","slug":"manifestante-con-bandera-mexicana-se-vuelve-viral-divide-opiniones-en-mexico-y-eu","status":"publish","type":"post","link":"https:\/\/www.opinionpublica.tv\/portada\/manifestante-con-bandera-mexicana-se-vuelve-viral-divide-opiniones-en-mexico-y-eu\/","title":{"rendered":"Manifestante con una bandera mexicana se vuelve viral; divide opini\u00f3n en M\u00e9xico y EU"},"content":{"rendered":"\n<figure class=\"wp-block-image size-full\"><img fetchpriority=\"high\" decoding=\"async\" width=\"1100\" height=\"666\" src=\"https:\/\/www.opinionpublica.tv\/portada\/wp-content\/uploads\/2025\/06\/Manifestante-con-bandera-mexicana-se-vuelve-viral-divide-opinion-en-Mexico-y-EU.avif\" alt=\"Manifestante con bandera mexicana se vuelve viral; divide opinio\u0301n en me\u0301xico y eu\" class=\"wp-image-61225\"\/><\/figure>\n\n\n\n<p class=\"wp-block-paragraph\">Una fotograf\u00eda tomada durante las protestas contra ICE en Los \u00c1ngeles muestra a un hombre encapuchado ondeando una bandera mexicana arriba de un auto; el gesto ha sido celebrado por algunos como s\u00edmbolo de resistencia, mientras que otros lo consideran provocador y contraproducente.<\/p>\n\n\n\n<p class=\"wp-block-paragraph\">La imagen que encendi\u00f3 el debate en redes sociales<\/p>\n\n\n\n<p class=\"wp-block-paragraph\">En medio de las recientes manifestaciones en Los \u00c1ngeles contra las acciones del Servicio de Inmigraci\u00f3n y Control de Aduanas (ICE), una imagen se convirti\u00f3 en el centro de atenci\u00f3n: un manifestante enmascarado, montado arriba de un auto, ondeando una bandera de M\u00e9xico.<\/p>\n\n\n\n<p class=\"wp-block-paragraph\">La escena, captada por periodistas, r\u00e1pidamente se viraliz\u00f3 en redes sociales, generando un intenso debate tanto en Estados Unidos como en M\u00e9xico.<\/p>\n\n\n\n<p class=\"wp-block-paragraph\">Para algunos, se trat\u00f3 de un acto de orgullo identitario y resistencia. Para otros, una provocaci\u00f3n innecesaria que alimenta discursos conservadores en contra de la comunidad migrante.<\/p>\n\n\n\n<p class=\"wp-block-paragraph\">Esta dualidad de reacciones ha dejado en evidencia las tensiones que persisten en torno a la migraci\u00f3n, la identidad cultural y el activismo social.<\/p>\n\n\n\n<p class=\"wp-block-paragraph\">El Departamento de Seguridad Nacional (DHS, por sus siglas en ingl\u00e9s) incluso comparti\u00f3 la imagen como ejemplo de la supuesta presencia de \u201cextranjeros ilegales criminales\u201d en California, us\u00e1ndola como argumento en su narrativa sobre seguridad nacional.<\/p>\n\n\n\n<p class=\"wp-block-paragraph\">Opiniones encontradas: entre el s\u00edmbolo y la controversia<\/p>\n\n\n\n<p class=\"wp-block-paragraph\">La imagen no tard\u00f3 en provocar reacciones en figuras p\u00fablicas mexicanas. El periodista Pascal Beltr\u00e1n del R\u00edo critic\u00f3 la utilizaci\u00f3n del s\u00edmbolo por parte de autoridades estadounidenses para criminalizar a los migrantes. Por su parte, el comediante Chumel Torres ironiz\u00f3 en su cuenta de X: \u201cSip, justo este tipo de cosas necesitamos para llevar la fiesta en paz con los gringos. Bien ah\u00ed\u201d, junto a un video del incidente.<\/p>\n\n\n\n<p class=\"wp-block-paragraph\">El periodista Leon Krauze ofreci\u00f3 una visi\u00f3n m\u00e1s contextualizada. Destac\u00f3 que, aunque la vandalizaci\u00f3n es reprobable, portar una bandera mexicana en Los \u00c1ngeles \u2014una ciudad con fuerte identidad hispana\u2014 no debe verse como un acto de confrontaci\u00f3n. \u201cEs comprensible si uno conoce Los \u00c1ngeles&#8230; Es la segunda ciudad con m\u00e1s mexicanos en el mundo\u201d, puntualiz\u00f3, recordando que la comunidad hispana busca pertenecer sin perder su identidad.<\/p>\n\n\n\n<p class=\"wp-block-paragraph\">Otros usuarios en redes, como el influencer pol\u00edtico conocido como Vampipe, reaccionaron con sarcasmo, sugiriendo que el manifestante parec\u00eda m\u00e1s un actor contratado para reforzar narrativas conservadoras: \u201cO es un modelo contratado para reafirmar convenientemente las pol\u00edticas de Trump o es el mexicano m\u00e1s tonto del mundo\u201d, escribi\u00f3.<\/p>\n\n\n\n<p class=\"wp-block-paragraph\">Dudas, teor\u00edas y el papel del periodismo<\/p>\n\n\n\n<p class=\"wp-block-paragraph\">La viralidad de la imagen tambi\u00e9n dio paso a teor\u00edas m\u00e1s complejas. El periodista Ariel Moutsatsos, especializado en temas internacionales, comparti\u00f3 un hilo en X donde cuestionaba la autenticidad del protagonista de la imagen. Moutsatsos not\u00f3 detalles como el color de piel visible en partes del rostro, el cabello y la complexi\u00f3n f\u00edsica, insinuando que podr\u00eda no tratarse de un mexicano.<\/p>\n\n\n\n<p class=\"wp-block-paragraph\">Adem\u00e1s, el comunicador mostr\u00f3 un video donde un encapuchado con bandera mexicana tambi\u00e9n llevaba una cinta con s\u00edmbolos de Hamas, lo que sugiere la posible infiltraci\u00f3n de actores ajenos a las protestas originales. \u201cLa labor del periodista no es solo reportar disturbios, sino investigar si hay grupos externos provocando violencia y a qui\u00e9n beneficia todo esto\u201d, concluy\u00f3 Moutsatsos.<\/p>\n\n\n\n<p class=\"wp-block-paragraph\">Sus palabras subrayan la importancia de un an\u00e1lisis responsable y completo en tiempos donde las im\u00e1genes virales pueden distorsionar la percepci\u00f3n p\u00fablica y alimentar agendas pol\u00edticas. (El Universal)<\/p>\n","protected":false},"excerpt":{"rendered":"<p>Una fotograf\u00eda tomada durante las protestas contra ICE en Los \u00c1ngeles muestra a un hombre encapuchado ondeando una bandera mexicana arriba de un auto; el gesto ha sido celebrado por algunos como s\u00edmbolo de resistencia, mientras que otros lo consideran provocador y contraproducente. La imagen que encendi\u00f3 el debate en redes sociales En medio de [&hellip;]<\/p>\n","protected":false},"author":6,"featured_media":61225,"comment_status":"closed","ping_status":"closed","sticky":false,"template":"","format":"standard","meta":{"_acf_changed":false,"_monsterinsights_skip_tracking":false,"slim_seo":{"title":"Manifestante con una bandera mexicana se vuelve viral; divide opini\u00f3n en M\u00e9xico y EU - Opini\u00f3n P\u00fablica","description":"Una fotograf\u00eda tomada durante las protestas contra ICE en Los \u00c1ngeles muestra a un hombre encapuchado ondeando una bandera mexicana arriba de un auto; el gesto"},"footnotes":""},"categories":[4],"tags":[],"class_list":["post-61221","post","type-post","status-publish","format-standard","has-post-thumbnail","hentry","category-pulsopolitico"],"acf":[],"_links":{"self":[{"href":"https:\/\/www.opinionpublica.tv\/portada\/wp-json\/wp\/v2\/posts\/61221","targetHints":{"allow":["GET"]}}],"collection":[{"href":"https:\/\/www.opinionpublica.tv\/portada\/wp-json\/wp\/v2\/posts"}],"about":[{"href":"https:\/\/www.opinionpublica.tv\/portada\/wp-json\/wp\/v2\/types\/post"}],"author":[{"embeddable":true,"href":"https:\/\/www.opinionpublica.tv\/portada\/wp-json\/wp\/v2\/users\/6"}],"replies":[{"embeddable":true,"href":"https:\/\/www.opinionpublica.tv\/portada\/wp-json\/wp\/v2\/comments?post=61221"}],"version-history":[{"count":4,"href":"https:\/\/www.opinionpublica.tv\/portada\/wp-json\/wp\/v2\/posts\/61221\/revisions"}],"predecessor-version":[{"id":61227,"href":"https:\/\/www.opinionpublica.tv\/portada\/wp-json\/wp\/v2\/posts\/61221\/revisions\/61227"}],"wp:featuredmedia":[{"embeddable":true,"href":"https:\/\/www.opinionpublica.tv\/portada\/wp-json\/wp\/v2\/media\/61225"}],"wp:attachment":[{"href":"https:\/\/www.opinionpublica.tv\/portada\/wp-json\/wp\/v2\/media?parent=61221"}],"wp:term":[{"taxonomy":"category","embeddable":true,"href":"https:\/\/www.opinionpublica.tv\/portada\/wp-json\/wp\/v2\/categories?post=61221"},{"taxonomy":"post_tag","embeddable":true,"href":"https:\/\/www.opinionpublica.tv\/portada\/wp-json\/wp\/v2\/tags?post=61221"}],"curies":[{"name":"wp","href":"https:\/\/api.w.org\/{rel}","templated":true}]}}