{"id":61214,"date":"2025-06-09T00:01:00","date_gmt":"2025-06-09T06:01:00","guid":{"rendered":"https:\/\/www.opinionpublica.tv\/portada\/?p=61214"},"modified":"2025-06-08T17:56:39","modified_gmt":"2025-06-08T23:56:39","slug":"acude-alcalde-perez-cuellar-a-expo-pets-2025-realizaron-mas-de-200-esterilizaciones","status":"publish","type":"post","link":"https:\/\/www.opinionpublica.tv\/portada\/acude-alcalde-perez-cuellar-a-expo-pets-2025-realizaron-mas-de-200-esterilizaciones\/","title":{"rendered":"Acude alcalde P\u00e9rez Cu\u00e9llar a la Expo Pets 2025, realizaron m\u00e1s de 200 esterilizaciones"},"content":{"rendered":"\n<figure class=\"wp-block-image size-large\"><img fetchpriority=\"high\" decoding=\"async\" width=\"1024\" height=\"682\" src=\"https:\/\/www.opinionpublica.tv\/portada\/wp-content\/uploads\/2025\/06\/Acude-alcalde-Perez-Cuellar-a-la-Expo-Pets-2025-realizaron-mas-de-200-esterilizaciones-1024x682.jpeg\" alt=\"Acude alcalde pe\u0301rez cue\u0301llar a la expo pets 2025, realizaron ma\u0301s de 200 esterilizaciones\" class=\"wp-image-61217\" srcset=\"https:\/\/www.opinionpublica.tv\/portada\/wp-content\/uploads\/2025\/06\/Acude-alcalde-Perez-Cuellar-a-la-Expo-Pets-2025-realizaron-mas-de-200-esterilizaciones-1024x682.jpeg 1024w, https:\/\/www.opinionpublica.tv\/portada\/wp-content\/uploads\/2025\/06\/Acude-alcalde-Perez-Cuellar-a-la-Expo-Pets-2025-realizaron-mas-de-200-esterilizaciones-300x200.jpeg 300w, https:\/\/www.opinionpublica.tv\/portada\/wp-content\/uploads\/2025\/06\/Acude-alcalde-Perez-Cuellar-a-la-Expo-Pets-2025-realizaron-mas-de-200-esterilizaciones-768x512.jpeg 768w, https:\/\/www.opinionpublica.tv\/portada\/wp-content\/uploads\/2025\/06\/Acude-alcalde-Perez-Cuellar-a-la-Expo-Pets-2025-realizaron-mas-de-200-esterilizaciones-1536x1023.jpeg 1536w, https:\/\/www.opinionpublica.tv\/portada\/wp-content\/uploads\/2025\/06\/Acude-alcalde-Perez-Cuellar-a-la-Expo-Pets-2025-realizaron-mas-de-200-esterilizaciones.jpeg 1600w\" sizes=\"(max-width: 1024px) 100vw, 1024px\" \/><\/figure>\n\n\n\n<p class=\"wp-block-paragraph\"><em>Ciudad Ju\u00e1rez, Chih<\/em>.- Durante la Expo Pets Ju\u00e1rez que se realiz\u00f3 este fin de semana, la Direcci\u00f3n de Atenci\u00f3n y Bienestar Animal (DABA) en coordinaci\u00f3n de grupos de defensores de los derechos de los animales y m\u00e9dicos veterinarios ofrecieron diferentes servicios a la comunidad.<\/p>\n\n\n\n<p class=\"wp-block-paragraph\">Al evento, efectuado en el Centro Recreativo Las Anitas, acudi\u00f3 el presidente municipal, Cruz P\u00e9rez Cu\u00e9llar, acompa\u00f1ado de su hija Regina, y junto con la directora de DABA, Alma Arredondo Salinas, recorri\u00f3 la exposici\u00f3n.<\/p>\n\n\n\n<p class=\"wp-block-paragraph\">Resalt\u00f3 que esta expo es un esfuerzo muy grande por parte de la Direcci\u00f3n de Atenci\u00f3n y Bienestar Animal, el Municipio y particulares.<\/p>\n\n\n\n<p class=\"wp-block-paragraph\">\u00abHay una gran demanda de vacunas, microchips y esterilizaciones, todo esto es muy positivo, sobre todo las esterilizaciones\u00bb, agreg\u00f3.<\/p>\n\n\n\n<p class=\"wp-block-paragraph\">\u00abVamos a seguir con el programa de esterilizaciones, llevamos desde la pasada administraci\u00f3n m\u00e1s de 10 mil y vamos a continuar\u00bb, resalt\u00f3.<\/p>\n\n\n\n<p class=\"wp-block-paragraph\">La titular de DABA, dio a conocer que se estuvieron ofreciendo diversos servicios s\u00e1bado y domingo.<\/p>\n\n\n\n<p class=\"wp-block-paragraph\">Dijo que acudieron personas para vacunar a sus mascotas, ponerles microchips, as\u00ed como para esterilizaci\u00f3n.<\/p>\n\n\n\n<p class=\"wp-block-paragraph\">\u00abAyer se realizaron alrededor de 200 esterilizaciones de las 300 que se registraron\u00bb, a\u00f1adi\u00f3.<\/p>\n\n\n\n<p class=\"wp-block-paragraph\">Agreg\u00f3 que lo que la gente a lo que m\u00e1s ha acudido es para poner a sus mascotas el microchip, el cual se inyecta al animalito y queda de por vida.<\/p>\n\n\n\n<p class=\"wp-block-paragraph\">\u00abEs un microchip que no se mueve y al momento que se registra el due\u00f1o, registra a su mascota quien ya tiene una identificaci\u00f3n \u00fanica, d\u00f3nde se ingresan los datos a la base de DABA\u00bb, mencion\u00f3.<\/p>\n\n\n\n<p class=\"wp-block-paragraph\">Indic\u00f3 que tambi\u00e9n particip\u00f3 personal de otras dependencias como el Sistema para el Desarrollo Integral de la Familia del Municipio, as\u00ed como de las direcciones de Protecci\u00f3n Civil, Seguridad P\u00fablica, Limpia, Servicios P\u00fablicos y Parques y Jardines.<\/p>\n","protected":false},"excerpt":{"rendered":"<p>Ciudad Ju\u00e1rez, Chih.- Durante la Expo Pets Ju\u00e1rez que se realiz\u00f3 este fin de semana, la Direcci\u00f3n de Atenci\u00f3n y Bienestar Animal (DABA) en coordinaci\u00f3n de grupos de defensores de los derechos de los animales y m\u00e9dicos veterinarios ofrecieron diferentes servicios a la comunidad. Al evento, efectuado en el Centro Recreativo Las Anitas, acudi\u00f3 el [&hellip;]<\/p>\n","protected":false},"author":6,"featured_media":61217,"comment_status":"closed","ping_status":"closed","sticky":false,"template":"","format":"standard","meta":{"_acf_changed":false,"_monsterinsights_skip_tracking":false,"slim_seo":{"title":"Acude alcalde P\u00e9rez Cu\u00e9llar a la Expo Pets 2025, realizaron m\u00e1s de 200 esterilizaciones - Opini\u00f3n P\u00fablica","description":"Ciudad Ju\u00e1rez, Chih .- Durante la Expo Pets Ju\u00e1rez que se realiz\u00f3 este fin de semana, la Direcci\u00f3n de Atenci\u00f3n y Bienestar Animal (DABA) en coordinaci\u00f3n de grup"},"footnotes":""},"categories":[41],"tags":[],"class_list":["post-61214","post","type-post","status-publish","format-standard","has-post-thumbnail","hentry","category-juarez"],"acf":[],"_links":{"self":[{"href":"https:\/\/www.opinionpublica.tv\/portada\/wp-json\/wp\/v2\/posts\/61214","targetHints":{"allow":["GET"]}}],"collection":[{"href":"https:\/\/www.opinionpublica.tv\/portada\/wp-json\/wp\/v2\/posts"}],"about":[{"href":"https:\/\/www.opinionpublica.tv\/portada\/wp-json\/wp\/v2\/types\/post"}],"author":[{"embeddable":true,"href":"https:\/\/www.opinionpublica.tv\/portada\/wp-json\/wp\/v2\/users\/6"}],"replies":[{"embeddable":true,"href":"https:\/\/www.opinionpublica.tv\/portada\/wp-json\/wp\/v2\/comments?post=61214"}],"version-history":[{"count":2,"href":"https:\/\/www.opinionpublica.tv\/portada\/wp-json\/wp\/v2\/posts\/61214\/revisions"}],"predecessor-version":[{"id":61218,"href":"https:\/\/www.opinionpublica.tv\/portada\/wp-json\/wp\/v2\/posts\/61214\/revisions\/61218"}],"wp:featuredmedia":[{"embeddable":true,"href":"https:\/\/www.opinionpublica.tv\/portada\/wp-json\/wp\/v2\/media\/61217"}],"wp:attachment":[{"href":"https:\/\/www.opinionpublica.tv\/portada\/wp-json\/wp\/v2\/media?parent=61214"}],"wp:term":[{"taxonomy":"category","embeddable":true,"href":"https:\/\/www.opinionpublica.tv\/portada\/wp-json\/wp\/v2\/categories?post=61214"},{"taxonomy":"post_tag","embeddable":true,"href":"https:\/\/www.opinionpublica.tv\/portada\/wp-json\/wp\/v2\/tags?post=61214"}],"curies":[{"name":"wp","href":"https:\/\/api.w.org\/{rel}","templated":true}]}}