{"id":61208,"date":"2025-06-09T00:01:00","date_gmt":"2025-06-09T06:01:00","guid":{"rendered":"https:\/\/www.opinionpublica.tv\/portada\/?p=61208"},"modified":"2025-06-08T17:50:50","modified_gmt":"2025-06-08T23:50:50","slug":"invitan-a-ciudadanos-a-regularizarse-en-el-pago-del-impuesto-predial-en-juarez","status":"publish","type":"post","link":"https:\/\/www.opinionpublica.tv\/portada\/invitan-a-ciudadanos-a-regularizarse-en-el-pago-del-impuesto-predial-en-juarez\/","title":{"rendered":"Invitan a contribuyentes a regularizarse en el pago del Impuesto Predial en Ju\u00e1rez"},"content":{"rendered":"\n<figure class=\"wp-block-image size-large\"><img fetchpriority=\"high\" decoding=\"async\" width=\"1024\" height=\"683\" src=\"https:\/\/www.opinionpublica.tv\/portada\/wp-content\/uploads\/2025\/06\/Invitan-a-contribuyentes-a-regularizarse-en-el-pago-del-Impuesto-Predial-en-Juarez-1024x683.jpeg\" alt=\"Invitan a contribuyentes a regularizarse en el pago del impuesto predial en jua\u0301rez\" class=\"wp-image-61211\" srcset=\"https:\/\/www.opinionpublica.tv\/portada\/wp-content\/uploads\/2025\/06\/Invitan-a-contribuyentes-a-regularizarse-en-el-pago-del-Impuesto-Predial-en-Juarez-1024x683.jpeg 1024w, https:\/\/www.opinionpublica.tv\/portada\/wp-content\/uploads\/2025\/06\/Invitan-a-contribuyentes-a-regularizarse-en-el-pago-del-Impuesto-Predial-en-Juarez-300x200.jpeg 300w, https:\/\/www.opinionpublica.tv\/portada\/wp-content\/uploads\/2025\/06\/Invitan-a-contribuyentes-a-regularizarse-en-el-pago-del-Impuesto-Predial-en-Juarez-768x512.jpeg 768w, https:\/\/www.opinionpublica.tv\/portada\/wp-content\/uploads\/2025\/06\/Invitan-a-contribuyentes-a-regularizarse-en-el-pago-del-Impuesto-Predial-en-Juarez.jpeg 1280w\" sizes=\"(max-width: 1024px) 100vw, 1024px\" \/><\/figure>\n\n\n\n<p class=\"wp-block-paragraph\"><em>Ciudad Ju\u00e1rez, Chih<\/em>.- Con el fin de que se eviten mayores recargos y adem\u00e1s protejan su patrimonio, Carlos Israel N\u00e1jera Pay\u00e1n, coordinador general de Comunicaci\u00f3n Social del Municipio, invit\u00f3 a los ciudadanos morosos del Impuesto Predial para que se acerquen a la Direcci\u00f3n de Ingresos y busquen un acuerdo para hacer sus pagos.<\/p>\n\n\n\n<p class=\"wp-block-paragraph\">Destac\u00f3 que actualmente el Gobierno Municipal puede promover descuentos en recargos que podr\u00edan ascender hasta un 75 por ciento, seg\u00fan sea el caso, lo que podr\u00eda facilitar la regularizaci\u00f3n en beneficio del contribuyente.<\/p>\n\n\n\n<p class=\"wp-block-paragraph\">El funcionario puso como ejemplo un predio ubicado en la avenida Paseo Triunfo de la Republica y San Lorenzo, en lo que se conoc\u00eda como restaurante Gardi\u00e9, donde se adeudan 3 millones 272 mil 798 pesos de un predio contiguo, adeudo que podr\u00eda seguir incrementando en caso de no regularizarse.<\/p>\n\n\n\n<p class=\"wp-block-paragraph\">\u201cTanto a \u00e9l como a todos los ciudadanos que presentan moratoria en su adeudo del Predial, les pedimos que se acerquen a la Direcci\u00f3n de Ingresos para que lleguen a un acuerdo; se est\u00e1n haciendo descuentos a los recargos, hemos presentado una buena respuesta por parte de la dependencia\u201d, resalt\u00f3.<\/p>\n\n\n\n<p class=\"wp-block-paragraph\">Dio a conocer que desde la anterior Administraci\u00f3n Municipal encabezada por el Alcalde Cruz P\u00e9rez Cuellar y gracias a estos descuentos, se ha logrado reducir la cartera vencida generando un importante ingreso anual para el presupuesto del Gobierno Municipal, lo que se traduce en obras y servicios para la ciudad.<\/p>\n\n\n\n<p class=\"wp-block-paragraph\">\u201cA\u00f1o con a\u00f1o se ha incrementado la recaudaci\u00f3n del Predial, porque se tienen este tipo de acciones, tan solo de cartera vencida se recaban 150 millones de pesos al a\u00f1o, es decir el 10 por ciento de la recaudaci\u00f3n del impuesto es por cartera vencida\u201d, destac\u00f3.<\/p>\n\n\n\n<p class=\"wp-block-paragraph\">N\u00e1jera Pay\u00e1n anticip\u00f3 que se prev\u00e9 que la campa\u00f1a de descuentos del 100 por ciento en recargos que tiene como inicio el mes de agosto, podr\u00eda empezar desde el mes de julio, con la intenci\u00f3n de que m\u00e1s ciudadanos logren ponerse al corriente con esta contribuci\u00f3n.<\/p>\n","protected":false},"excerpt":{"rendered":"<p>Ciudad Ju\u00e1rez, Chih.- Con el fin de que se eviten mayores recargos y adem\u00e1s protejan su patrimonio, Carlos Israel N\u00e1jera Pay\u00e1n, coordinador general de Comunicaci\u00f3n Social del Municipio, invit\u00f3 a los ciudadanos morosos del Impuesto Predial para que se acerquen a la Direcci\u00f3n de Ingresos y busquen un acuerdo para hacer sus pagos. Destac\u00f3 que [&hellip;]<\/p>\n","protected":false},"author":6,"featured_media":61211,"comment_status":"closed","ping_status":"closed","sticky":false,"template":"","format":"standard","meta":{"_acf_changed":false,"_monsterinsights_skip_tracking":false,"slim_seo":{"title":"Invitan a contribuyentes a regularizarse en el pago del Impuesto Predial en Ju\u00e1rez - Opini\u00f3n P\u00fablica","description":"Ciudad Ju\u00e1rez, Chih .- Con el fin de que se eviten mayores recargos y adem\u00e1s protejan su patrimonio, Carlos Israel N\u00e1jera Pay\u00e1n, coordinador general de Comunica"},"footnotes":""},"categories":[41],"tags":[],"class_list":["post-61208","post","type-post","status-publish","format-standard","has-post-thumbnail","hentry","category-juarez"],"acf":[],"_links":{"self":[{"href":"https:\/\/www.opinionpublica.tv\/portada\/wp-json\/wp\/v2\/posts\/61208","targetHints":{"allow":["GET"]}}],"collection":[{"href":"https:\/\/www.opinionpublica.tv\/portada\/wp-json\/wp\/v2\/posts"}],"about":[{"href":"https:\/\/www.opinionpublica.tv\/portada\/wp-json\/wp\/v2\/types\/post"}],"author":[{"embeddable":true,"href":"https:\/\/www.opinionpublica.tv\/portada\/wp-json\/wp\/v2\/users\/6"}],"replies":[{"embeddable":true,"href":"https:\/\/www.opinionpublica.tv\/portada\/wp-json\/wp\/v2\/comments?post=61208"}],"version-history":[{"count":3,"href":"https:\/\/www.opinionpublica.tv\/portada\/wp-json\/wp\/v2\/posts\/61208\/revisions"}],"predecessor-version":[{"id":61213,"href":"https:\/\/www.opinionpublica.tv\/portada\/wp-json\/wp\/v2\/posts\/61208\/revisions\/61213"}],"wp:featuredmedia":[{"embeddable":true,"href":"https:\/\/www.opinionpublica.tv\/portada\/wp-json\/wp\/v2\/media\/61211"}],"wp:attachment":[{"href":"https:\/\/www.opinionpublica.tv\/portada\/wp-json\/wp\/v2\/media?parent=61208"}],"wp:term":[{"taxonomy":"category","embeddable":true,"href":"https:\/\/www.opinionpublica.tv\/portada\/wp-json\/wp\/v2\/categories?post=61208"},{"taxonomy":"post_tag","embeddable":true,"href":"https:\/\/www.opinionpublica.tv\/portada\/wp-json\/wp\/v2\/tags?post=61208"}],"curies":[{"name":"wp","href":"https:\/\/api.w.org\/{rel}","templated":true}]}}