{"id":61198,"date":"2025-06-09T00:01:00","date_gmt":"2025-06-09T06:01:00","guid":{"rendered":"https:\/\/www.opinionpublica.tv\/portada\/?p=61198"},"modified":"2025-06-08T16:52:26","modified_gmt":"2025-06-08T22:52:26","slug":"guardia-nacional-de-eu-se-enfrenta-a-manifestantes-en-el-centro-de-los-angeles","status":"publish","type":"post","link":"https:\/\/www.opinionpublica.tv\/portada\/guardia-nacional-de-eu-se-enfrenta-a-manifestantes-en-el-centro-de-los-angeles\/","title":{"rendered":"La Guardia Nacional de EU se enfrenta con manifestantes en el centro de Los \u00c1ngeles"},"content":{"rendered":"\n<figure class=\"wp-block-image size-large\"><img fetchpriority=\"high\" decoding=\"async\" width=\"1024\" height=\"682\" src=\"https:\/\/www.opinionpublica.tv\/portada\/wp-content\/uploads\/2025\/06\/La-Guardia-Nacional-de-EU-se-enfrenta-con-manifestantes-en-el-centro-de-Los-Angeles-1024x682.webp\" alt=\"La guardia nacional de eu se enfrenta con manifestantes en el centro de los a\u0301ngeles\" class=\"wp-image-61201\" srcset=\"https:\/\/www.opinionpublica.tv\/portada\/wp-content\/uploads\/2025\/06\/La-Guardia-Nacional-de-EU-se-enfrenta-con-manifestantes-en-el-centro-de-Los-Angeles-1024x682.webp 1024w, https:\/\/www.opinionpublica.tv\/portada\/wp-content\/uploads\/2025\/06\/La-Guardia-Nacional-de-EU-se-enfrenta-con-manifestantes-en-el-centro-de-Los-Angeles-300x200.webp 300w, https:\/\/www.opinionpublica.tv\/portada\/wp-content\/uploads\/2025\/06\/La-Guardia-Nacional-de-EU-se-enfrenta-con-manifestantes-en-el-centro-de-Los-Angeles-768x512.webp 768w, https:\/\/www.opinionpublica.tv\/portada\/wp-content\/uploads\/2025\/06\/La-Guardia-Nacional-de-EU-se-enfrenta-con-manifestantes-en-el-centro-de-Los-Angeles.webp 1081w\" sizes=\"(max-width: 1024px) 100vw, 1024px\" \/><\/figure>\n\n\n\n<p class=\"wp-block-paragraph\"><em>Los \u00c1ngeles, California, EU<\/em>.- Miembros de la Guardia Nacional se enfrentaron el domingo con manifestantes en el centro de Los \u00c1ngeles el domingo, arrojando gases lacrim\u00f3genos contra una creciente multitud que se reuni\u00f3 fuera de un complejo federal horas despu\u00e9s de que las tropas federales llegaron a la ciudad por orden del presidente Donald Trump.<\/p>\n\n\n\n<p class=\"wp-block-paragraph\">El enfrentamiento estall\u00f3 frente al Centro de Detenci\u00f3n Metropolitano de Los \u00c1ngeles, mientras un grupo de manifestantes insultaba a las fuerzas de seguridad equipadas con escudos antidisturbios. De momento no parec\u00eda haber arrestos.<\/p>\n\n\n\n<p class=\"wp-block-paragraph\">Alrededor de 300 efectivos de la Guardia Nacional llegaron a Los \u00c1ngeles a primera hora del domingo por orden de Trump, apost\u00e1ndose fuera de un complejo federal que hab\u00eda permaneci\u00f3 en gran medida tranquilo luego de dos d\u00edas de enfrentamientos con las autoridades de inmigraci\u00f3n.<\/p>\n\n\n\n<p class=\"wp-block-paragraph\">Su llegada se produce despu\u00e9s de dos d\u00edas de protestas que comenzaron el viernes en el centro de Los \u00c1ngeles antes de extenderse el s\u00e1bado a Paramount, una ciudad predominantemente latina al sur de la ciudad, y la vecina Compton. (La Jornada)<\/p>\n","protected":false},"excerpt":{"rendered":"<p>Los \u00c1ngeles, California, EU.- Miembros de la Guardia Nacional se enfrentaron el domingo con manifestantes en el centro de Los \u00c1ngeles el domingo, arrojando gases lacrim\u00f3genos contra una creciente multitud que se reuni\u00f3 fuera de un complejo federal horas despu\u00e9s de que las tropas federales llegaron a la ciudad por orden del presidente Donald Trump. [&hellip;]<\/p>\n","protected":false},"author":6,"featured_media":61201,"comment_status":"closed","ping_status":"closed","sticky":false,"template":"","format":"standard","meta":{"_acf_changed":false,"_monsterinsights_skip_tracking":false,"slim_seo":{"title":"La Guardia Nacional de EU se enfrenta con manifestantes en el centro de Los \u00c1ngeles - Opini\u00f3n P\u00fablica","description":"Los \u00c1ngeles, California, EU .- Miembros de la Guardia Nacional se enfrentaron el domingo con manifestantes en el centro de Los \u00c1ngeles el domingo, arrojando gas"},"footnotes":""},"categories":[4],"tags":[],"class_list":["post-61198","post","type-post","status-publish","format-standard","has-post-thumbnail","hentry","category-pulsopolitico"],"acf":[],"_links":{"self":[{"href":"https:\/\/www.opinionpublica.tv\/portada\/wp-json\/wp\/v2\/posts\/61198","targetHints":{"allow":["GET"]}}],"collection":[{"href":"https:\/\/www.opinionpublica.tv\/portada\/wp-json\/wp\/v2\/posts"}],"about":[{"href":"https:\/\/www.opinionpublica.tv\/portada\/wp-json\/wp\/v2\/types\/post"}],"author":[{"embeddable":true,"href":"https:\/\/www.opinionpublica.tv\/portada\/wp-json\/wp\/v2\/users\/6"}],"replies":[{"embeddable":true,"href":"https:\/\/www.opinionpublica.tv\/portada\/wp-json\/wp\/v2\/comments?post=61198"}],"version-history":[{"count":2,"href":"https:\/\/www.opinionpublica.tv\/portada\/wp-json\/wp\/v2\/posts\/61198\/revisions"}],"predecessor-version":[{"id":61202,"href":"https:\/\/www.opinionpublica.tv\/portada\/wp-json\/wp\/v2\/posts\/61198\/revisions\/61202"}],"wp:featuredmedia":[{"embeddable":true,"href":"https:\/\/www.opinionpublica.tv\/portada\/wp-json\/wp\/v2\/media\/61201"}],"wp:attachment":[{"href":"https:\/\/www.opinionpublica.tv\/portada\/wp-json\/wp\/v2\/media?parent=61198"}],"wp:term":[{"taxonomy":"category","embeddable":true,"href":"https:\/\/www.opinionpublica.tv\/portada\/wp-json\/wp\/v2\/categories?post=61198"},{"taxonomy":"post_tag","embeddable":true,"href":"https:\/\/www.opinionpublica.tv\/portada\/wp-json\/wp\/v2\/tags?post=61198"}],"curies":[{"name":"wp","href":"https:\/\/api.w.org\/{rel}","templated":true}]}}