{"id":61192,"date":"2025-06-09T00:01:00","date_gmt":"2025-06-09T06:01:00","guid":{"rendered":"https:\/\/www.opinionpublica.tv\/portada\/?p=61192"},"modified":"2025-06-08T16:48:16","modified_gmt":"2025-06-08T22:48:16","slug":"sheinbaum-exige-respeto-para-connacionales-detenidos-durante-redadas-en-eu","status":"publish","type":"post","link":"https:\/\/www.opinionpublica.tv\/portada\/sheinbaum-exige-respeto-para-connacionales-detenidos-durante-redadas-en-eu\/","title":{"rendered":"Sheinbaum exige respeto para los connacionales detenidos durante las redadas en EU"},"content":{"rendered":"\n<figure class=\"wp-block-image size-full\"><img fetchpriority=\"high\" decoding=\"async\" width=\"1100\" height=\"666\" src=\"https:\/\/www.opinionpublica.tv\/portada\/wp-content\/uploads\/2025\/06\/Sheinbaum-exige-respeto-para-los-connacionales-detenidos-durante-las-redadas-en-EU.avif\" alt=\"Sheinbaum exige respeto para los connacionales detenidos durante las redadas en eu\" class=\"wp-image-61195\"\/><\/figure>\n\n\n\n<p class=\"wp-block-paragraph\"><em>San Andr\u00e9s Cholula, Puebla<\/em>.- Luego de la detenci\u00f3n de 35 migrantes mexicanos en Los \u00c1ngeles, California, la presidenta Claudia Sheinbaum Pardo asegur\u00f3 que no es con violencia ni con redadas que se debe de atender el fen\u00f3meno migratorio.<\/p>\n\n\n\n<p class=\"wp-block-paragraph\">Al encabezar la ceremonia de la inauguraci\u00f3n de las torres de Cardiolog\u00eda y Oncolog\u00eda Pedi\u00e1trica del Hospital General para la Ni\u00f1ez Poblana, la Mandataria federal llam\u00f3 a que se respeten los derechos humanos de los paisanos detenidos y quienes, indic\u00f3, ya reciben todo el apoyo de la red consular mexicana.<\/p>\n\n\n\n<p class=\"wp-block-paragraph\">La jefa del Ejecutivo federal llam\u00f3 al Gobierno de la Uni\u00f3n Americana a trabajar en una reforma integral migratoria.<\/p>\n\n\n\n<p class=\"wp-block-paragraph\">\u201cNo estamos de acuerdo con esta forma de atender el fen\u00f3meno migratorio. No es con redadas ni con violencia como se va a atender el fen\u00f3meno migratorio. Es sentarnos, trabajando en una reforma integral migratoria que tome en cuenta a todos los mexicanos que est\u00e1n del otro lado de la frontera esa es nuestra posici\u00f3n\u201d.<\/p>\n\n\n\n<p class=\"wp-block-paragraph\">Acompa\u00f1ada por el gobernador Alejandro Armenta (Morena), la presidenta Claudia Sheinbaum hizo un llamado a la paz y a la no violencia.<\/p>\n\n\n\n<p class=\"wp-block-paragraph\">\u201cSiempre un llamado a la paz, a la no violencia, a no exacerbar ninguna forma violenta de manifestaci\u00f3n, ninguna. El secretario de Relaciones Exteriores (Juan Ram\u00f3n de la Fuente) entr\u00f3 ayer en contacto con el embajador de los Estados Unidos; nuestro embajador all\u00e1 en Estados Unidos tambi\u00e9n con las autoridades de Estados Unidos y siempre las mexicanas y los mexicanos van a tener nuestro apoyo y nuestra demanda para que se respeten siempre los derechos humanos de los mexicanos\u201d.<\/p>\n\n\n\n<p class=\"wp-block-paragraph\">La mandataria federal afirm\u00f3 que los migrantes mexicanos son hombres de bien, y no criminales.<\/p>\n\n\n\n<p class=\"wp-block-paragraph\">\u201cHay que decirlo: las mexicanas y los mexicanos que viven en Estados Unidos son hombres y mujeres de bien, son hombres honestos que se fueron a Estados Unidos a buscar una mejor vida para ellos y para aportar a sus familias. No son criminales; son hombres de bien, honestos\u201d, expres\u00f3.<\/p>\n\n\n\n<p class=\"wp-block-paragraph\">Detall\u00f3 que instruy\u00f3 al canciller Juan Ram\u00f3n de la Fuente para que la red consular mexicana en la Uni\u00f3n Americana brinde todo el apoyo que se requiere.<\/p>\n\n\n\n<p class=\"wp-block-paragraph\">Frente a cientos de personas reunidas en el Hospital de la Ni\u00f1ez Poblana, la presidenta Sheinbaum Pardo destac\u00f3 el aporte de los mexicanos para el desarrollo de ciudades estadounidenses como Los \u00c1ngeles.<\/p>\n\n\n\n<p class=\"wp-block-paragraph\">\u201cPor ejemplo, hay muchas poblanas y poblanos que viven en Nueva York, le dicen \u2018Puebla York\u2019 porque Nueva York no ser\u00eda lo que es si no fuera por los poblados que est\u00e1n all\u00e1. Los \u00c1ngeles, California, no ser\u00eda lo que es si no fuera por los mexicanos y las mexicanas que est\u00e1n all\u00e1. Migran por necesidad y desde all\u00e1 env\u00edan recursos a sus familias\u201d.<\/p>\n\n\n\n<p class=\"wp-block-paragraph\">\u201cEstados Unidos es lo que es gracias tambi\u00e9n al trabajo de las mexicanas y de los mexicanos que viven del otro lado de la frontera. Para nosotros siempre lo hemos dicho son h\u00e9roes y hero\u00ednas de la patria porque solidariamente ayudan a sus familias y sostienen la econom\u00eda de los Estados Unidos\u201d, asever\u00f3.<\/p>\n\n\n\n<p class=\"wp-block-paragraph\">La presidenta Claudia Sheinbaum Pardo destac\u00f3 que si los paisanos quieren regresar a nuestro pa\u00eds, se cuenta con el programa \u201cM\u00e9xico te abraza\u201d. (El Universal)<\/p>\n","protected":false},"excerpt":{"rendered":"<p>San Andr\u00e9s Cholula, Puebla.- Luego de la detenci\u00f3n de 35 migrantes mexicanos en Los \u00c1ngeles, California, la presidenta Claudia Sheinbaum Pardo asegur\u00f3 que no es con violencia ni con redadas que se debe de atender el fen\u00f3meno migratorio. Al encabezar la ceremonia de la inauguraci\u00f3n de las torres de Cardiolog\u00eda y Oncolog\u00eda Pedi\u00e1trica del Hospital [&hellip;]<\/p>\n","protected":false},"author":6,"featured_media":61195,"comment_status":"closed","ping_status":"closed","sticky":false,"template":"","format":"standard","meta":{"_acf_changed":false,"_monsterinsights_skip_tracking":false,"slim_seo":{"title":"Sheinbaum exige respeto para los connacionales detenidos durante las redadas en EU - Opini\u00f3n P\u00fablica","description":"San Andr\u00e9s Cholula, Puebla .- Luego de la detenci\u00f3n de 35 migrantes mexicanos en Los \u00c1ngeles, California, la presidenta Claudia Sheinbaum Pardo asegur\u00f3 que no e"},"footnotes":""},"categories":[4],"tags":[],"class_list":["post-61192","post","type-post","status-publish","format-standard","has-post-thumbnail","hentry","category-pulsopolitico"],"acf":[],"_links":{"self":[{"href":"https:\/\/www.opinionpublica.tv\/portada\/wp-json\/wp\/v2\/posts\/61192","targetHints":{"allow":["GET"]}}],"collection":[{"href":"https:\/\/www.opinionpublica.tv\/portada\/wp-json\/wp\/v2\/posts"}],"about":[{"href":"https:\/\/www.opinionpublica.tv\/portada\/wp-json\/wp\/v2\/types\/post"}],"author":[{"embeddable":true,"href":"https:\/\/www.opinionpublica.tv\/portada\/wp-json\/wp\/v2\/users\/6"}],"replies":[{"embeddable":true,"href":"https:\/\/www.opinionpublica.tv\/portada\/wp-json\/wp\/v2\/comments?post=61192"}],"version-history":[{"count":2,"href":"https:\/\/www.opinionpublica.tv\/portada\/wp-json\/wp\/v2\/posts\/61192\/revisions"}],"predecessor-version":[{"id":61196,"href":"https:\/\/www.opinionpublica.tv\/portada\/wp-json\/wp\/v2\/posts\/61192\/revisions\/61196"}],"wp:featuredmedia":[{"embeddable":true,"href":"https:\/\/www.opinionpublica.tv\/portada\/wp-json\/wp\/v2\/media\/61195"}],"wp:attachment":[{"href":"https:\/\/www.opinionpublica.tv\/portada\/wp-json\/wp\/v2\/media?parent=61192"}],"wp:term":[{"taxonomy":"category","embeddable":true,"href":"https:\/\/www.opinionpublica.tv\/portada\/wp-json\/wp\/v2\/categories?post=61192"},{"taxonomy":"post_tag","embeddable":true,"href":"https:\/\/www.opinionpublica.tv\/portada\/wp-json\/wp\/v2\/tags?post=61192"}],"curies":[{"name":"wp","href":"https:\/\/api.w.org\/{rel}","templated":true}]}}