{"id":61179,"date":"2025-06-09T00:01:00","date_gmt":"2025-06-09T06:01:00","guid":{"rendered":"https:\/\/www.opinionpublica.tv\/portada\/?p=61179"},"modified":"2025-06-08T15:56:58","modified_gmt":"2025-06-08T21:56:58","slug":"video-frankenstein-guillermo-del-toro-avance-oficial-estreno-netflix","status":"publish","type":"post","link":"https:\/\/www.opinionpublica.tv\/portada\/video-frankenstein-guillermo-del-toro-avance-oficial-estreno-netflix\/","title":{"rendered":"Video: Frankenstein | Guillermo del Toro | Avance oficial | Netflix"},"content":{"rendered":"\n<figure class=\"wp-block-embed is-type-video is-provider-youtube wp-block-embed-youtube wp-embed-aspect-16-9 wp-has-aspect-ratio\"><div class=\"wp-block-embed__wrapper\">\n<iframe title=\"Frankenstein | Guillermo del Toro | Avance oficial | Netflix\" width=\"800\" height=\"450\" src=\"https:\/\/www.youtube.com\/embed\/dqzdqilkoiw?feature=oembed\" frameborder=\"0\" allow=\"accelerometer; autoplay; clipboard-write; encrypted-media; gyroscope; picture-in-picture; web-share\" referrerpolicy=\"strict-origin-when-cross-origin\" allowfullscreen><\/iframe>\n<\/div><\/figure>\n\n\n\n<p class=\"wp-block-paragraph\">\u00abFrankenstein\u00bb \u2014escrita y dirigida por Guillermo del Toro\u2014 llega a Netflix en noviembre. Protagonizada por Oscar Isaac, Jacob Elordi, Mia Goth, Felix Kammerer, con Charles Dance y Christoph Waltz.<\/p>\n\n\n\n<p class=\"wp-block-paragraph\">El director ganador del Oscar\u00ae Guillermo del Toro adapta el cuento cl\u00e1sico de Mary Shelley sobre V\u00edctor Frankenstein, un cient\u00edfico brillante y eg\u00f3latra que da vida a una criatura en un monstruoso experimento que termina siendo la perdici\u00f3n tanto del creador como de su tr\u00e1gica creaci\u00f3n.<a href=\"https:\/\/www.youtube.com\/@NetflixLATAM\"><\/a><\/p>\n","protected":false},"excerpt":{"rendered":"<p>\u00abFrankenstein\u00bb \u2014escrita y dirigida por Guillermo del Toro\u2014 llega a Netflix en noviembre. Protagonizada por Oscar Isaac, Jacob Elordi, Mia Goth, Felix Kammerer, con Charles Dance y Christoph Waltz. El director ganador del Oscar\u00ae Guillermo del Toro adapta el cuento cl\u00e1sico de Mary Shelley sobre V\u00edctor Frankenstein, un cient\u00edfico brillante y eg\u00f3latra que da vida [&hellip;]<\/p>\n","protected":false},"author":6,"featured_media":61182,"comment_status":"closed","ping_status":"closed","sticky":false,"template":"","format":"standard","meta":{"_acf_changed":false,"_monsterinsights_skip_tracking":false,"slim_seo":{"title":"Video: Frankenstein | Guillermo del Toro | Avance oficial | Netflix - Opini\u00f3n P\u00fablica","description":"https:\/\/youtu.be\/dqzdqilkoiw?si=0mPTvhU88rFNKr27 \u00abFrankenstein\u00bb \u2014escrita y dirigida por Guillermo del Toro\u2014 llega a Netflix en noviembre. Protagonizada por Osca"},"footnotes":""},"categories":[2,13,8],"tags":[],"class_list":["post-61179","post","type-post","status-publish","format-standard","has-post-thumbnail","hentry","category-videos-destacados","category-videos-destacados-contenido","category-videos"],"acf":[],"_links":{"self":[{"href":"https:\/\/www.opinionpublica.tv\/portada\/wp-json\/wp\/v2\/posts\/61179","targetHints":{"allow":["GET"]}}],"collection":[{"href":"https:\/\/www.opinionpublica.tv\/portada\/wp-json\/wp\/v2\/posts"}],"about":[{"href":"https:\/\/www.opinionpublica.tv\/portada\/wp-json\/wp\/v2\/types\/post"}],"author":[{"embeddable":true,"href":"https:\/\/www.opinionpublica.tv\/portada\/wp-json\/wp\/v2\/users\/6"}],"replies":[{"embeddable":true,"href":"https:\/\/www.opinionpublica.tv\/portada\/wp-json\/wp\/v2\/comments?post=61179"}],"version-history":[{"count":2,"href":"https:\/\/www.opinionpublica.tv\/portada\/wp-json\/wp\/v2\/posts\/61179\/revisions"}],"predecessor-version":[{"id":61183,"href":"https:\/\/www.opinionpublica.tv\/portada\/wp-json\/wp\/v2\/posts\/61179\/revisions\/61183"}],"wp:featuredmedia":[{"embeddable":true,"href":"https:\/\/www.opinionpublica.tv\/portada\/wp-json\/wp\/v2\/media\/61182"}],"wp:attachment":[{"href":"https:\/\/www.opinionpublica.tv\/portada\/wp-json\/wp\/v2\/media?parent=61179"}],"wp:term":[{"taxonomy":"category","embeddable":true,"href":"https:\/\/www.opinionpublica.tv\/portada\/wp-json\/wp\/v2\/categories?post=61179"},{"taxonomy":"post_tag","embeddable":true,"href":"https:\/\/www.opinionpublica.tv\/portada\/wp-json\/wp\/v2\/tags?post=61179"}],"curies":[{"name":"wp","href":"https:\/\/api.w.org\/{rel}","templated":true}]}}