{"id":61172,"date":"2025-06-09T00:01:00","date_gmt":"2025-06-09T06:01:00","guid":{"rendered":"https:\/\/www.opinionpublica.tv\/portada\/?p=61172"},"modified":"2025-06-08T15:54:08","modified_gmt":"2025-06-08T21:54:08","slug":"nuevo-presidente-de-la-scjn-indigena-de-claroscuros-operador-de-amlo-y-el-mas-votado-en-los-acordeones","status":"publish","type":"post","link":"https:\/\/www.opinionpublica.tv\/portada\/nuevo-presidente-de-la-scjn-indigena-de-claroscuros-operador-de-amlo-y-el-mas-votado-en-los-acordeones\/","title":{"rendered":"Nuevo presidente de la SCJN: ind\u00edgena de claroscuros, operador de AMLO y el m\u00e1s votado gracias a los &#8216;acordeones&#8217;"},"content":{"rendered":"\n<figure class=\"wp-block-image size-full\"><img fetchpriority=\"high\" decoding=\"async\" width=\"980\" height=\"617\" src=\"https:\/\/www.opinionpublica.tv\/portada\/wp-content\/uploads\/2025\/06\/Nuevo-presidente-de-la-SCJN-indigena-de-claroscuros-operador-de-AMLO-y-el-mas-votado-gracias-a-los-acordeones.webp\" alt=\"Nuevo presidente de la scjn, indi\u0301gena de claroscuros, operador de amlo y el ma\u0301s votado gracias a los 'acordeones'\" class=\"wp-image-61176\" srcset=\"https:\/\/www.opinionpublica.tv\/portada\/wp-content\/uploads\/2025\/06\/Nuevo-presidente-de-la-SCJN-indigena-de-claroscuros-operador-de-AMLO-y-el-mas-votado-gracias-a-los-acordeones.webp 980w, https:\/\/www.opinionpublica.tv\/portada\/wp-content\/uploads\/2025\/06\/Nuevo-presidente-de-la-SCJN-indigena-de-claroscuros-operador-de-AMLO-y-el-mas-votado-gracias-a-los-acordeones-300x189.webp 300w, https:\/\/www.opinionpublica.tv\/portada\/wp-content\/uploads\/2025\/06\/Nuevo-presidente-de-la-SCJN-indigena-de-claroscuros-operador-de-AMLO-y-el-mas-votado-gracias-a-los-acordeones-768x484.webp 768w\" sizes=\"(max-width: 980px) 100vw, 980px\" \/><\/figure>\n\n\n\n<p class=\"wp-block-paragraph\">El pr\u00f3ximo presidente de la Suprema Corte de Justicia de la Naci\u00f3n, Hugo Aguilar Ortiz, es un ind\u00edgena de claroscuros. Mientras un sector aplaude su trabajo con comunidades ind\u00edgenas, otro lo acusa de atentar contra dichos grupos para imponer los megaproyectos de Andr\u00e9s Manuel L\u00f3pez Obrador.<\/p>\n\n\n\n<p class=\"wp-block-paragraph\">En todos los acordeones distribuidos por Morena en el Pa\u00eds para la elecci\u00f3n de Ministros hab\u00eda un nombre en com\u00fan: Hugo Aguilar Ortiz, coordinador general de Derechos Ind\u00edgenas del Instituto Nacional de los Pueblos Ind\u00edgenas (INPI).<\/p>\n\n\n\n<p class=\"wp-block-paragraph\">Aunque lleg\u00f3 a esa instancia como mano derecha del titular de esa dependencia, Adelfo Regino, con quien trabaj\u00f3 durante muchos a\u00f1os en comunidades originarias de Oaxaca, su estado natal, pronto se convirti\u00f3 en el operador del ex Presidente que le encarg\u00f3 las negociaciones con comunidades ind\u00edgenas para que aceptaran sus megaproyectos.<\/p>\n\n\n\n<p class=\"wp-block-paragraph\">As\u00ed, venci\u00f3 las resistencias de grupos originarios en la construcci\u00f3n del Tren Maya, del Corredor Interoce\u00e1nico y del Aeropuerto Internacional Felipe \u00c1ngeles, entre otros.<\/p>\n\n\n\n<p class=\"wp-block-paragraph\">Sin embargo, la Oficina del Alto Comisionado de las Naciones Unidas para los Derechos Humanos (ONU-DH) denunci\u00f3 en 2019 que la consulta entre los pueblos ind\u00edgenas para avalar el Tren Maya no cumpli\u00f3 con las normas.<\/p>\n\n\n\n<p class=\"wp-block-paragraph\">\u00abLa convocatoria, el protocolo y la informaci\u00f3n presentada s\u00f3lo hac\u00edan referencia a los posibles beneficios del proyecto y no a los impactos negativos\u00bb, sostuvo.<\/p>\n\n\n\n<p class=\"wp-block-paragraph\">Licenciado en Derecho y con Maestr\u00eda sin t\u00edtulo a\u00fan, Aguilar Ortiz, nacido en San Miguel El Grande, Oaxaca, tambi\u00e9n fue el interlocutor con los legisladores para concretar la reforma en materia de derechos ind\u00edgenas y aterrizar el plan para el pueblo yaqui.<\/p>\n\n\n\n<p class=\"wp-block-paragraph\">De acuerdo con morenistas, fue petici\u00f3n de L\u00f3pez Obrador que estuviera como prioridad en las listas, e incluso, \u00abvender la idea\u00bb de que regresar\u00eda Benito Ju\u00e1rez -personaje central del ex Mandatario federal al m\u00e1ximo \u00f3rgano de justicia.<\/p>\n\n\n\n<p class=\"wp-block-paragraph\">Esa orden se atendi\u00f3 al pie de la letra. En todos los estados, las estructuras morenistas votaron por \u00e9l, logrando 6 millones 195 mil 612 votos, el 5.3 por ciento de los sufragios para hombres. Ninguna de las cinco mujeres con mayor n\u00famero de votos logr\u00f3 ese consenso.<\/p>\n\n\n\n<p class=\"wp-block-paragraph\">Su llegada a la presidencia de la Corte no s\u00f3lo trajo felicitaciones porque llega un ind\u00edgena, tambi\u00e9n acusaciones y cr\u00edticas por su trabajo. Incluso de legisladores de la 4T.<\/p>\n\n\n\n<p class=\"wp-block-paragraph\">Irma Pineda Santiago, ex representante de los pueblos ind\u00edgenas ante la Organizaci\u00f3n de las Naciones Unidas (ONU) y actual diputada local por el PT en Oaxaca, afirma que si bien tiene esperanzas en Aguilar porque inyectar\u00e1 una nueva visi\u00f3n a la SCJN, no se pueden dejar a un lado \u00ablos claroscuros\u00bb que lo rodean.<\/p>\n\n\n\n<p class=\"wp-block-paragraph\">\u00abSu trayectoria profesional y de vida pueden darle esta perspectiva ind\u00edgena intercultural a la Corte. Su llegada permite visibilizar a la poblaci\u00f3n originaria que sigue existiendo en el Pa\u00eds. Y esa visibilizaci\u00f3n, en la medida de lo posible, va a ayudar tambi\u00e9n al proceso de combate a la discriminaci\u00f3n, al racismo\u00bb, apunta.<\/p>\n\n\n\n<p class=\"wp-block-paragraph\">Sin embargo, es enf\u00e1tica: \u00abTampoco hay que dejar de mirar los claroscuros que toda persona y profesional tiene. No se pueden desestimar las observaciones que se le han hecho a su actuar dentro del sistema de Gobierno\u00bb.<\/p>\n\n\n\n<p class=\"wp-block-paragraph\">Recuerda que para sectores de esas comunidades, \u00e9l representa a un funcionario que ayud\u00f3 a \u00ablegitimar\u00bb proyectos como el Tren Maya o el Corredor Interoce\u00e1nico, que tambi\u00e9n \u00abhan lacerado bastante\u00bb a los pueblos ind\u00edgenas.<\/p>\n\n\n\n<p class=\"wp-block-paragraph\">La oaxaque\u00f1a advierte que no tiene ning\u00fan sentido comparar a Aguilar con el pr\u00f3cer Benito Ju\u00e1rez, pues no s\u00f3lo son personajes muy distintos, sino que los tiempos que le tocar\u00e1n enfrentar tambi\u00e9n.<\/p>\n\n\n\n<p class=\"wp-block-paragraph\">\u00abLe tocar\u00e1 construir su propia historia. Mucha gente de pueblos originarios tiene bastantes expectativas. Tenemos las esperanzas de que act\u00fae desde su ser ind\u00edgena y no sea consumido por el poder, que ese es un gran riesgo\u00bb, a\u00f1ade la originaria de Juchit\u00e1n.<\/p>\n\n\n\n<p class=\"wp-block-paragraph\">El abogado y activista mixe Joaqu\u00edn G\u00e1lvez acus\u00f3 hace unos d\u00edas que el equipo jur\u00eddico del INPI, encabezado por Hugo Aguilar, le ofreci\u00f3 un cheque a cambio de su silencio a la activista Sandra Dom\u00ednguez -desaparecida en octubre pasado y cuyo cuerpo fue hallado el 24 de abril-, quien en 2020 denunci\u00f3 chats de acoso sexual contra mujeres ind\u00edgenas por parte de funcionarios de ese Instituto y del Gobierno de Oaxaca.<\/p>\n\n\n\n<p class=\"wp-block-paragraph\">En su ficha que Aguilar Ortiz ingres\u00f3 al INE afirma que \u00abla justicia no se debe basar en la simple aplicaci\u00f3n de la ley\u00bb.<\/p>\n\n\n\n<p class=\"wp-block-paragraph\">\u00abCuando tienes un caso concreto, puedes interpretar a favor de intereses particulares, a favor del dinero, o puedes interpretar a favor del pueblo, a favor de los desfavorecidos\u00bb, dijo en una entrevista.<\/p>\n\n\n\n<p class=\"wp-block-paragraph\">Dichas declaraciones, han generado el temor de algunos sectores.<\/p>\n\n\n\n<p class=\"wp-block-paragraph\">Por ejemplo, Pedro Uc Be, poeta yucateco y activista de la Asamblea de Defensores del Territorio Maya M\u00fauch&#8217; X\u00edinbal, califica a Aguilar como \u00abel operador del despojo del territorio en la pen\u00ednsula Yucat\u00e1n\u00bb para construir el Tren Maya.<\/p>\n\n\n\n<p class=\"wp-block-paragraph\">\u00abEl que llegue como presidente de la Suprema Corte m\u00e1s bien nos pone en un riesgo, sobre todo con esta declaraci\u00f3n que hace de que no va a aplicar la ley como est\u00e1 establecida, sino va a buscar una intencionalidad de la ley, pues es un doble riesgo. Podr\u00eda hacer un uso pol\u00edtico de las leyes.<\/p>\n\n\n\n<p class=\"wp-block-paragraph\">\u00abEl hecho de que tambi\u00e9n lo comparen con Benito Ju\u00e1rez me parece rid\u00edculo porque no corresponden las cartas de ambos, no se parecen. Es un discurso m\u00e1s del poder para se\u00f1alar que ha sido un \u00e9xito todo este acto de verg\u00fcenza, dir\u00eda yo\u00bb, arremete el escritor ind\u00edgena.<\/p>\n\n\n\n<p class=\"wp-block-paragraph\">En su curr\u00edculum, Aguilar Ortiz presume haber formado parte del cuerpo asesor del Ej\u00e9rcito Zapatista de Liberaci\u00f3n Nacional (EZLN) durante los Di\u00e1logos de San Andr\u00e9s Larr\u00e1inzar, en 1996, sin embargo, no aparece en la lista oficial.<\/p>\n\n\n\n<p class=\"wp-block-paragraph\">La activista y escritora mixe, Y\u00e1snaya Elena Aguilar Gil, adem\u00e1s, record\u00f3 el rechazo del EZLN en 2019 al director del INPI, Adelfo Regino, mentor de Aguilar Ortiz.<\/p>\n\n\n\n<p class=\"wp-block-paragraph\">\u00abEl capataz ahora pretende reeditar a uno de sus caporales, un abogado que alguna vez fue ind\u00edgena (Regino), y que ahora, como a lo largo de la historia mundial, se dedica a dividir, perseguir y manipular a quienes alguna vez fueron sus semejantes.<\/p>\n\n\n\n<p class=\"wp-block-paragraph\">El titular del INPI se talla todos los d\u00edas la conciencia con piedra p\u00f3mez para eliminar todo rastro de dignidad\u00bb, acus\u00f3 el EZLN en un comunicado del 19 de agosto de 2019.<\/p>\n\n\n\n<p class=\"wp-block-paragraph\"><em>Con informaci\u00f3n de Reforma<\/em>.<\/p>\n","protected":false},"excerpt":{"rendered":"<p>El pr\u00f3ximo presidente de la Suprema Corte de Justicia de la Naci\u00f3n, Hugo Aguilar Ortiz, es un ind\u00edgena de claroscuros. Mientras un sector aplaude su trabajo con comunidades ind\u00edgenas, otro lo acusa de atentar contra dichos grupos para imponer los megaproyectos de Andr\u00e9s Manuel L\u00f3pez Obrador. En todos los acordeones distribuidos por Morena en el [&hellip;]<\/p>\n","protected":false},"author":6,"featured_media":61176,"comment_status":"closed","ping_status":"closed","sticky":false,"template":"","format":"standard","meta":{"_acf_changed":false,"_monsterinsights_skip_tracking":false,"slim_seo":{"title":"Nuevo presidente de la SCJN: ind\u00edgena de claroscuros, operador de AMLO y el m\u00e1s votado gracias a los 'acordeones' - Opini\u00f3n P\u00fablica","description":"El pr\u00f3ximo presidente de la Suprema Corte de Justicia de la Naci\u00f3n, Hugo Aguilar Ortiz, es un ind\u00edgena de claroscuros. Mientras un sector aplaude su trabajo con"},"footnotes":""},"categories":[3],"tags":[],"class_list":["post-61172","post","type-post","status-publish","format-standard","has-post-thumbnail","hentry","category-principal"],"acf":[],"_links":{"self":[{"href":"https:\/\/www.opinionpublica.tv\/portada\/wp-json\/wp\/v2\/posts\/61172","targetHints":{"allow":["GET"]}}],"collection":[{"href":"https:\/\/www.opinionpublica.tv\/portada\/wp-json\/wp\/v2\/posts"}],"about":[{"href":"https:\/\/www.opinionpublica.tv\/portada\/wp-json\/wp\/v2\/types\/post"}],"author":[{"embeddable":true,"href":"https:\/\/www.opinionpublica.tv\/portada\/wp-json\/wp\/v2\/users\/6"}],"replies":[{"embeddable":true,"href":"https:\/\/www.opinionpublica.tv\/portada\/wp-json\/wp\/v2\/comments?post=61172"}],"version-history":[{"count":3,"href":"https:\/\/www.opinionpublica.tv\/portada\/wp-json\/wp\/v2\/posts\/61172\/revisions"}],"predecessor-version":[{"id":61178,"href":"https:\/\/www.opinionpublica.tv\/portada\/wp-json\/wp\/v2\/posts\/61172\/revisions\/61178"}],"wp:featuredmedia":[{"embeddable":true,"href":"https:\/\/www.opinionpublica.tv\/portada\/wp-json\/wp\/v2\/media\/61176"}],"wp:attachment":[{"href":"https:\/\/www.opinionpublica.tv\/portada\/wp-json\/wp\/v2\/media?parent=61172"}],"wp:term":[{"taxonomy":"category","embeddable":true,"href":"https:\/\/www.opinionpublica.tv\/portada\/wp-json\/wp\/v2\/categories?post=61172"},{"taxonomy":"post_tag","embeddable":true,"href":"https:\/\/www.opinionpublica.tv\/portada\/wp-json\/wp\/v2\/tags?post=61172"}],"curies":[{"name":"wp","href":"https:\/\/api.w.org\/{rel}","templated":true}]}}