{"id":61157,"date":"2025-06-09T00:01:00","date_gmt":"2025-06-09T06:01:00","guid":{"rendered":"https:\/\/www.opinionpublica.tv\/portada\/?p=61157"},"modified":"2025-06-08T16:43:49","modified_gmt":"2025-06-08T22:43:49","slug":"estrenan-documental-sobre-sentencia-a-favor-de-comunidad-raramuri-en-zona-serrana","status":"publish","type":"post","link":"https:\/\/www.opinionpublica.tv\/portada\/estrenan-documental-sobre-sentencia-a-favor-de-comunidad-raramuri-en-zona-serrana\/","title":{"rendered":"Estrenan el corto documental \u00abTierra y Voz Justicia en la Sierra Tarahumara\u00bb"},"content":{"rendered":"\n<figure class=\"wp-block-image size-large\"><img fetchpriority=\"high\" decoding=\"async\" width=\"1024\" height=\"663\" src=\"https:\/\/www.opinionpublica.tv\/portada\/wp-content\/uploads\/2025\/06\/Estrenan-documental-sobre-sentencia-a-favor-de-raramuris-en-la-Sierra-Tarahumara-1024x663.png\" alt=\"Estrenan documental sobre sentencia a favor de rara\u0301muris en la sierra tarahumara\" class=\"wp-image-61161\" srcset=\"https:\/\/www.opinionpublica.tv\/portada\/wp-content\/uploads\/2025\/06\/Estrenan-documental-sobre-sentencia-a-favor-de-raramuris-en-la-Sierra-Tarahumara-1024x663.png 1024w, https:\/\/www.opinionpublica.tv\/portada\/wp-content\/uploads\/2025\/06\/Estrenan-documental-sobre-sentencia-a-favor-de-raramuris-en-la-Sierra-Tarahumara-300x194.png 300w, https:\/\/www.opinionpublica.tv\/portada\/wp-content\/uploads\/2025\/06\/Estrenan-documental-sobre-sentencia-a-favor-de-raramuris-en-la-Sierra-Tarahumara-768x497.png 768w, https:\/\/www.opinionpublica.tv\/portada\/wp-content\/uploads\/2025\/06\/Estrenan-documental-sobre-sentencia-a-favor-de-raramuris-en-la-Sierra-Tarahumara-1536x994.png 1536w, https:\/\/www.opinionpublica.tv\/portada\/wp-content\/uploads\/2025\/06\/Estrenan-documental-sobre-sentencia-a-favor-de-raramuris-en-la-Sierra-Tarahumara-2048x1326.png 2048w\" sizes=\"(max-width: 1024px) 100vw, 1024px\" \/><\/figure>\n\n\n\n<p class=\"wp-block-paragraph\"><em>Chihuahua, Chih<\/em>.- La plataforma de periodismo jur\u00eddico independiente \u00abPortal Judicial\u00bb anunci\u00f3 el estreno del corto documental Tierra y voz: justicia en la Sierra Tarahumara, una producci\u00f3n original que documenta el proceso legal impulsado por la comunidad rar\u00e1muri de Huitosachi ante las afectaciones generadas por el desarrollo tur\u00edstico en la regi\u00f3n de las Barrancas del Cobre.<\/p>\n\n\n\n<p class=\"wp-block-paragraph\">El audiovisual aborda una lucha legal de m\u00e1s de 15 a\u00f1os por parte de comunidades ind\u00edgenas de la Sierra Tarahumara, con \u00e9nfasis en la falta de consulta previa, libre e informada, as\u00ed como en los impactos ambientales derivados del proyecto tur\u00edstico, incluyendo la contaminaci\u00f3n de fuentes de agua y la acumulaci\u00f3n de residuos.<\/p>\n\n\n\n<p class=\"wp-block-paragraph\">El documental expone la contradicci\u00f3n entre el uso de la imagen rar\u00e1muri como s\u00edmbolo de promoci\u00f3n tur\u00edstica y la exclusi\u00f3n de estas comunidades de los beneficios econ\u00f3micos del mismo desarrollo. Tambi\u00e9n se aborda la crisis h\u00eddrica en la regi\u00f3n y los retos para acceder al agua potable. Se documenta c\u00f3mo la escasez de aguajes y la compra de agua a altos costos afectan directamente la vida cotidiana de las familias rar\u00e1muris, cuya cultura agr\u00edcola tiene al ma\u00edz como elemento central.<\/p>\n\n\n\n<p class=\"wp-block-paragraph\">Uno de los ejes del documental es la sentencia emitida por el Segundo Tribunal Colegiado en Materia Penal y Administrativa, que reconoce los derechos de la comunidad y ordena su inclusi\u00f3n en un fideicomiso tur\u00edstico. La producci\u00f3n muestra el proceso de socializaci\u00f3n de dicha sentencia, incluyendo su lectura en lengua rar\u00e1muri por parte de autoridades judiciales en la propia comunidad, en cumplimiento del principio de acceso a la justicia con perspectiva intercultural.<\/p>\n\n\n\n<p class=\"wp-block-paragraph\">El documental tambi\u00e9n da seguimiento a la verificaci\u00f3n judicial del cumplimiento de esta resoluci\u00f3n, que contempla la participaci\u00f3n comunitaria en los proyectos de trabajo, cultura y distribuci\u00f3n de beneficios derivados del turismo en la zona.<\/p>\n\n\n\n<p class=\"wp-block-paragraph\">Tierra y voz: justicia en la Sierra Tarahumara, est\u00e1 disponible desde hoy en su canal oficial de YouTube. La obra busca contribuir al conocimiento y defensa de los derechos de los pueblos ind\u00edgenas en M\u00e9xico, promoviendo una comprensi\u00f3n m\u00e1s amplia de los mecanismos legales que permiten exigir la restituci\u00f3n de derechos colectivos y la participaci\u00f3n efectiva en decisiones sobre el territorio.<\/p>\n\n\n\n<p class=\"wp-block-paragraph\">Enlace del documental: <a href=\"https:\/\/youtu.be\/m4Rqh0BB0SI?si=8fl3oFlMoAFrKyszxxx\">https:\/\/youtu.be\/m4Rqh0BB0SI?si=8fl3oFlMoAFrKyszxxx<\/a>.<\/p>\n","protected":false},"excerpt":{"rendered":"<p>Chihuahua, Chih.- La plataforma de periodismo jur\u00eddico independiente \u00abPortal Judicial\u00bb anunci\u00f3 el estreno del corto documental Tierra y voz: justicia en la Sierra Tarahumara, una producci\u00f3n original que documenta el proceso legal impulsado por la comunidad rar\u00e1muri de Huitosachi ante las afectaciones generadas por el desarrollo tur\u00edstico en la regi\u00f3n de las Barrancas del Cobre. [&hellip;]<\/p>\n","protected":false},"author":6,"featured_media":61162,"comment_status":"closed","ping_status":"closed","sticky":false,"template":"","format":"standard","meta":{"_acf_changed":false,"_monsterinsights_skip_tracking":false,"slim_seo":{"title":"Estrenan el corto documental \"Tierra y Voz Justicia en la Sierra Tarahumara\" - Opini\u00f3n P\u00fablica","description":"Chihuahua, Chih .- La plataforma de periodismo jur\u00eddico independiente \"Portal Judicial\" anunci\u00f3 el estreno del corto documental Tierra y voz: justicia en la Sie"},"footnotes":""},"categories":[11],"tags":[],"class_list":["post-61157","post","type-post","status-publish","format-standard","has-post-thumbnail","hentry","category-tendencias"],"acf":[],"_links":{"self":[{"href":"https:\/\/www.opinionpublica.tv\/portada\/wp-json\/wp\/v2\/posts\/61157","targetHints":{"allow":["GET"]}}],"collection":[{"href":"https:\/\/www.opinionpublica.tv\/portada\/wp-json\/wp\/v2\/posts"}],"about":[{"href":"https:\/\/www.opinionpublica.tv\/portada\/wp-json\/wp\/v2\/types\/post"}],"author":[{"embeddable":true,"href":"https:\/\/www.opinionpublica.tv\/portada\/wp-json\/wp\/v2\/users\/6"}],"replies":[{"embeddable":true,"href":"https:\/\/www.opinionpublica.tv\/portada\/wp-json\/wp\/v2\/comments?post=61157"}],"version-history":[{"count":11,"href":"https:\/\/www.opinionpublica.tv\/portada\/wp-json\/wp\/v2\/posts\/61157\/revisions"}],"predecessor-version":[{"id":61191,"href":"https:\/\/www.opinionpublica.tv\/portada\/wp-json\/wp\/v2\/posts\/61157\/revisions\/61191"}],"wp:featuredmedia":[{"embeddable":true,"href":"https:\/\/www.opinionpublica.tv\/portada\/wp-json\/wp\/v2\/media\/61162"}],"wp:attachment":[{"href":"https:\/\/www.opinionpublica.tv\/portada\/wp-json\/wp\/v2\/media?parent=61157"}],"wp:term":[{"taxonomy":"category","embeddable":true,"href":"https:\/\/www.opinionpublica.tv\/portada\/wp-json\/wp\/v2\/categories?post=61157"},{"taxonomy":"post_tag","embeddable":true,"href":"https:\/\/www.opinionpublica.tv\/portada\/wp-json\/wp\/v2\/tags?post=61157"}],"curies":[{"name":"wp","href":"https:\/\/api.w.org\/{rel}","templated":true}]}}