{"id":61110,"date":"2025-06-08T00:01:00","date_gmt":"2025-06-08T06:01:00","guid":{"rendered":"https:\/\/www.opinionpublica.tv\/portada\/?p=61110"},"modified":"2025-06-07T19:44:20","modified_gmt":"2025-06-08T01:44:20","slug":"lo-que-mal-empieza","status":"publish","type":"post","link":"https:\/\/www.opinionpublica.tv\/portada\/lo-que-mal-empieza\/","title":{"rendered":"Lo que mal empieza\u2026"},"content":{"rendered":"\n<h4 class=\"wp-block-heading\">Jos\u00e9 Woldenberg<\/h4>\n\n\n\n<p class=\"wp-block-paragraph\">___________________________<\/p>\n\n\n\n<p class=\"wp-block-paragraph\">Acicateado por una curiosidad malsana me acerqu\u00e9 a la casilla donde he votado a lo largo de los a\u00f1os. Cre\u00ed que lo abigarrado de las boletas pod\u00edan generar una cierta fila de electores. Era la 1.50 y solo vi a unos funcionarios de casilla heroicos y aburridos y a una ciudadana votando. La casilla estaba m\u00e1s sola que el estadio Azteca cuando ah\u00ed jugaba el Necaxa.<\/p>\n\n\n\n<p class=\"wp-block-paragraph\">Lo que mal empieza, dice la conseja popular, peor termina. Y se cumple de manera cabal con la mal llamada reforma judicial. Desde la intenci\u00f3n se pudo vislumbrar el desenlace. Se trat\u00f3, por la voluntad del expresidente, avalada por la actual presidenta, de deshacerse de un Poder Judicial independiente para edificar otro alineado a la voluntad del Ejecutivo.<\/p>\n\n\n\n<p class=\"wp-block-paragraph\">Pero, adem\u00e1s, con un m\u00e9todo impertinente que coloca a los nuevos jueces, magistrados y ministros en la \u00f3rbita de la pol\u00edtica, porque si quieren que sus candidaturas prosperen tienen que \u201cauxiliarse\u201d de los \u201cbuenos oficios\u201d de los grupos y\/o partidos que les puedan \u201cacercar\u201d los votos suficientes.<\/p>\n\n\n\n<p class=\"wp-block-paragraph\">Desde la forma en que se aprob\u00f3 la reforma, pasando por el recurso utilizado para que la Corte no la declarara inconstitucional, hasta el procedimiento electoral, todo anunciaba que el desenlace ser\u00eda el que hemos observado: unas elecciones en las cuales el ciudadano carece de los instrumentos para identificar a los candidatos y en su \u201cauxilio\u201d concurre el gobierno, Morena y sus tent\u00e1culos.<\/p>\n\n\n\n<p class=\"wp-block-paragraph\">Dadas las listas de candidatos desconocidos, sin signos de identidad, era de esperarse que los grupos pol\u00edticos organizados (preferentemente el gobierno y sus partidos), incidieran en el proceso con sus \u201cacordeones\u201d. A diferencia de las elecciones en las que participan partidos, en esta ocasi\u00f3n no existi\u00f3 ni pod\u00eda existir esa identificaci\u00f3n (o por lo menos reconocimiento) con esos grandes agregadores de intereses que sirven de \u201catajo cognitivo\u201d para los electores.<\/p>\n\n\n\n<p class=\"wp-block-paragraph\">Ante la apat\u00eda o rechazo al truculento expediente electoral, a una f\u00f3rmula que ni se entend\u00eda ni se apreciaba, el aparato estatal fue puesto a funcionar. Miles de j\u00f3venes (y no tanto) visitaron casa por casa no solo explicando c\u00f3mo se deb\u00eda votar, sino por qui\u00e9n. Hace muchos a\u00f1os no se ve\u00eda un despliegue de recursos tal. La consigna era incrementar el n\u00famero de participantes ante unas elecciones que resultaban incomprensibles para la gran mayor\u00eda.<\/p>\n\n\n\n<p class=\"wp-block-paragraph\">Y a\u00fan falta m\u00e1s. Cuando los nuevos jueces, magistrados y ministros den muestras de su deficiente capacitaci\u00f3n los afectados ser\u00e1n todos aquellos que est\u00e9n envueltos en un litigio judicial. Y cuando la Corte devele que no es m\u00e1s que un pe\u00f3n de la fuerza pol\u00edtica mayoritaria, y sea incapaz de corregirle la p\u00e1gina, entonces s\u00ed, apreciaremos con toda su crudeza lo que significa haber abolido la divisi\u00f3n de poderes y a uno de los contrapesos institucionales del Ejecutivo.<\/p>\n\n\n\n<p class=\"wp-block-paragraph\">Ciertamente lo vivimos en el pasado. Pero en las \u00faltimas d\u00e9cadas se ven\u00eda abriendo paso una aspiraci\u00f3n de generaciones: la de que el poder pol\u00edtico no se encontrara concentrado y que el dise\u00f1o constitucional fuera realidad.<\/p>\n\n\n\n<p class=\"wp-block-paragraph\">El porcentaje de votaci\u00f3n no pod\u00eda ser m\u00e1s bajo. El INE inform\u00f3 que la participaci\u00f3n fluctu\u00f3 entre el 12.57 y 13.32%. A los que les gusta llenarse la boca de \u201cpueblo\u201d, tendr\u00e1n que reconocer que el pueblo no compareci\u00f3; le dio la espalda a ese ejercicio espurio.<\/p>\n\n\n\n<p class=\"wp-block-paragraph\">Triste jornada la del domingo. Pero m\u00e1s triste lo que significa: la dr\u00e1stica reversa a un proceso democratizador que con altibajos ven\u00eda abri\u00e9ndose paso desde hace casi 50 a\u00f1os.<\/p>\n","protected":false},"excerpt":{"rendered":"<p>Jos\u00e9 Woldenberg ___________________________ Acicateado por una curiosidad malsana me acerqu\u00e9 a la casilla donde he votado a lo largo de los a\u00f1os. Cre\u00ed que lo abigarrado de las boletas pod\u00edan generar una cierta fila de electores. Era la 1.50 y solo vi a unos funcionarios de casilla heroicos y aburridos y a una ciudadana votando. [&hellip;]<\/p>\n","protected":false},"author":6,"featured_media":43694,"comment_status":"closed","ping_status":"closed","sticky":false,"template":"","format":"standard","meta":{"_acf_changed":false,"_monsterinsights_skip_tracking":false,"slim_seo":{"title":"Lo que mal empieza\u2026 - Opini\u00f3n P\u00fablica","description":"Jos\u00e9 Woldenberg ___________________________ Acicateado por una curiosidad malsana me acerqu\u00e9 a la casilla donde he votado a lo largo de los a\u00f1os. Cre\u00ed que lo ab"},"footnotes":""},"categories":[26],"tags":[782],"class_list":["post-61110","post","type-post","status-publish","format-standard","has-post-thumbnail","hentry","category-de-chile-dulce-y-manteca-columna-invitada","tag-jose-woldenberg"],"acf":[],"_links":{"self":[{"href":"https:\/\/www.opinionpublica.tv\/portada\/wp-json\/wp\/v2\/posts\/61110","targetHints":{"allow":["GET"]}}],"collection":[{"href":"https:\/\/www.opinionpublica.tv\/portada\/wp-json\/wp\/v2\/posts"}],"about":[{"href":"https:\/\/www.opinionpublica.tv\/portada\/wp-json\/wp\/v2\/types\/post"}],"author":[{"embeddable":true,"href":"https:\/\/www.opinionpublica.tv\/portada\/wp-json\/wp\/v2\/users\/6"}],"replies":[{"embeddable":true,"href":"https:\/\/www.opinionpublica.tv\/portada\/wp-json\/wp\/v2\/comments?post=61110"}],"version-history":[{"count":3,"href":"https:\/\/www.opinionpublica.tv\/portada\/wp-json\/wp\/v2\/posts\/61110\/revisions"}],"predecessor-version":[{"id":61114,"href":"https:\/\/www.opinionpublica.tv\/portada\/wp-json\/wp\/v2\/posts\/61110\/revisions\/61114"}],"wp:featuredmedia":[{"embeddable":true,"href":"https:\/\/www.opinionpublica.tv\/portada\/wp-json\/wp\/v2\/media\/43694"}],"wp:attachment":[{"href":"https:\/\/www.opinionpublica.tv\/portada\/wp-json\/wp\/v2\/media?parent=61110"}],"wp:term":[{"taxonomy":"category","embeddable":true,"href":"https:\/\/www.opinionpublica.tv\/portada\/wp-json\/wp\/v2\/categories?post=61110"},{"taxonomy":"post_tag","embeddable":true,"href":"https:\/\/www.opinionpublica.tv\/portada\/wp-json\/wp\/v2\/tags?post=61110"}],"curies":[{"name":"wp","href":"https:\/\/api.w.org\/{rel}","templated":true}]}}