{"id":61100,"date":"2025-06-08T00:01:00","date_gmt":"2025-06-08T06:01:00","guid":{"rendered":"https:\/\/www.opinionpublica.tv\/portada\/?p=61100"},"modified":"2025-06-07T19:36:44","modified_gmt":"2025-06-08T01:36:44","slug":"el-gobierno-planea-poner-trabas-a-exportadores-asegura-la-iniciativa-privada","status":"publish","type":"post","link":"https:\/\/www.opinionpublica.tv\/portada\/el-gobierno-planea-poner-trabas-a-exportadores-asegura-la-iniciativa-privada\/","title":{"rendered":"\u00abEl gobierno planea ponerle trabas a los exportadores\u00bb, asegura la iniciativa privada"},"content":{"rendered":"\n<figure class=\"wp-block-image size-full\"><img fetchpriority=\"high\" decoding=\"async\" width=\"700\" height=\"454\" src=\"https:\/\/www.opinionpublica.tv\/portada\/wp-content\/uploads\/2025\/06\/22El-gobierno-planea-poner-trabas-a-los-exportadores22-asegura-la-iniciativa-privada.jpg\" alt=\"%22el gobierno planea poner trabas a los exportadores%22, asegura la iniciativa privada\" class=\"wp-image-61102\" srcset=\"https:\/\/www.opinionpublica.tv\/portada\/wp-content\/uploads\/2025\/06\/22El-gobierno-planea-poner-trabas-a-los-exportadores22-asegura-la-iniciativa-privada.jpg 700w, https:\/\/www.opinionpublica.tv\/portada\/wp-content\/uploads\/2025\/06\/22El-gobierno-planea-poner-trabas-a-los-exportadores22-asegura-la-iniciativa-privada-300x195.jpg 300w\" sizes=\"(max-width: 700px) 100vw, 700px\" \/><\/figure>\n\n\n\n<p class=\"wp-block-paragraph\">Aunque los exportadores atraviesan una situaci\u00f3n dif\u00edcil por los aranceles de Estados Unidos, el gobierno de M\u00e9xico alista un nuevo requisito que retrasar\u00e1 sus env\u00edos y pondr\u00e1 en riesgo el empleo de millones de personas, advirtieron empresarios.<\/p>\n\n\n\n<p class=\"wp-block-paragraph\">El pasado martes, la Secretar\u00eda de Econom\u00eda public\u00f3 en el Diario Oficial de la Federaci\u00f3n (DOF) una lista de productos agrupados en 30 fracciones arancelarias que deber\u00e1n sujetarse al requisito de \u201caviso autom\u00e1tico de exportaci\u00f3n\u201d.<\/p>\n\n\n\n<p class=\"wp-block-paragraph\">Esto significa que se tendr\u00e1 que solicitar un permiso para exportar estas mercanc\u00edas y la dependencia que encabeza Marcelo Ebrard contar\u00e1 hasta con 10 d\u00edas h\u00e1biles para responder la solicitud.<\/p>\n\n\n\n<p class=\"wp-block-paragraph\">En la lista aparecen pantallas planas, computadoras, convertidores catal\u00edticos, unidades de memoria, cables de fibras \u00f3pticas, aparatos para la recepci\u00f3n y transmisi\u00f3n de voz e imagen.<\/p>\n\n\n\n<p class=\"wp-block-paragraph\">Tambi\u00e9n se incluyeron dos de los principales productos agr\u00edcolas de exportaci\u00f3n: la cerveza, cuyas ventas al exterior sumaron mil 566 millones de d\u00f3lares de enero a marzo de este a\u00f1o, y el tequila, con env\u00edos valorados en mil 29 millones durante el mismo periodo.<\/p>\n\n\n\n<p class=\"wp-block-paragraph\">El gobierno ten\u00eda previsto que la medida entrara en vigor el mi\u00e9rcoles pasado, pero la posterg\u00f3 al 7 de julio por la preocupaci\u00f3n que origin\u00f3 entre los directivos de empresas exportadoras.<\/p>\n\n\n\n<p class=\"wp-block-paragraph\">La Secretar\u00eda de Econom\u00eda inform\u00f3 que el acuerdo que sujeta las mercanc\u00edas al requisito de aviso autom\u00e1tico de exportaci\u00f3n, que se indican en el DOF, se \u201cvalorar\u00e1\u201d para enfocarlo en productos con menor contenido nacional.<\/p>\n\n\n\n<p class=\"wp-block-paragraph\">Esta medida, asegur\u00f3 la secretar\u00eda, \u201cse implementar\u00e1 a empresas que exportan bajo el programa Immex [Industria Manufacturera, Maquiladora y de Servicios de Exportaci\u00f3n], no [a las empresas exportadoras] en general\u201d.<\/p>\n\n\n\n<p class=\"wp-block-paragraph\">Alzan la voz<\/p>\n\n\n\n<p class=\"wp-block-paragraph\">A trav\u00e9s de un documento interno, el Consejo Nacional de la Industria Maquiladora y Manufacturera de Exportaci\u00f3n (Index) explic\u00f3 a sus socios que ser\u00e1 \u201cun nuevo requisito para la exportaci\u00f3n de diversos productos estrat\u00e9gicos, lo cual afecta directamente al sector\u201d.<\/p>\n\n\n\n<p class=\"wp-block-paragraph\">De acuerdo con el an\u00e1lisis preliminar del Comit\u00e9 de Comercio Exterior y Aduanas, la medida impactar\u00e1 a m\u00e1s de 50% del volumen total de exportaciones de la industria, alert\u00f3 el Index.<\/p>\n\n\n\n<p class=\"wp-block-paragraph\">El organismo privado destac\u00f3 que la pr\u00f3rroga ser\u00e1 temporal y \u201cla medida pone en riesgo la continuidad operativa de empresas exportadoras, afectando a miles de empresas y millones de empleos\u201d.<\/p>\n\n\n\n<p class=\"wp-block-paragraph\">El ex negociador del Tratado de Libre Comercio de Am\u00e9rica del Norte (TLCAN, ahora T-MEC), Jorge Molina, dijo que \u201cel aviso previo puede hacer m\u00e1s lenta la exportaci\u00f3n y generar problemas con tu cliente, sobre todo cuando tienes que entregar justo a tiempo\u201d, ya que el gobierno tardar\u00e1 10 d\u00edas para permitir la salida de las mercanc\u00edas.<\/p>\n\n\n\n<p class=\"wp-block-paragraph\">Tomar\u00e1 mayor tiempo de lo que regularmente tarda el producto en llegar de la f\u00e1brica al comprador, debido a que el aviso significa que estar\u00e1 sujeto al visto bueno de alguien y generar\u00e1 retrasos, agreg\u00f3.<\/p>\n\n\n\n<p class=\"wp-block-paragraph\">Pasar\u00e1 factura<\/p>\n\n\n\n<p class=\"wp-block-paragraph\">Una fuente del sector exportador que pidi\u00f3 el anonimato expuso que \u201ct\u00e9cnicamente se trata de una regulaci\u00f3n y restricci\u00f3n no arancelaria que se viste de aviso, pero operativamente el gobierno puede tomar hasta 10 d\u00edas h\u00e1biles para responder y no lo puedes ejercer en la aduana si la Secretar\u00eda de Econom\u00eda no ha enviado la autorizaci\u00f3n electr\u00f3nica\u201d.<\/p>\n\n\n\n<p class=\"wp-block-paragraph\">La pr\u00f3rroga muestra que \u201cno hay una visi\u00f3n completa de la situaci\u00f3n y si la medida fuera \u00fanicamente contra maquiladoras pareciera privar un criterio de xenofobia comercial, porque no son nacionales, aunque buena parte de la industria nacional opera bajo el esquema de Immex como medida de facilitaci\u00f3n comercial, no por ser extranjeras\u201d, agreg\u00f3.<\/p>\n\n\n\n<p class=\"wp-block-paragraph\">Los registros del Inegi se\u00f1alan que 3 millones 244 mil personas laboraban en los establecimientos con programa Immex en marzo pasado, 7 mil por debajo del mismo mes de 2024 y 52 mil menos que hace dos a\u00f1os. (El Universal)<\/p>\n","protected":false},"excerpt":{"rendered":"<p>Aunque los exportadores atraviesan una situaci\u00f3n dif\u00edcil por los aranceles de Estados Unidos, el gobierno de M\u00e9xico alista un nuevo requisito que retrasar\u00e1 sus env\u00edos y pondr\u00e1 en riesgo el empleo de millones de personas, advirtieron empresarios. El pasado martes, la Secretar\u00eda de Econom\u00eda public\u00f3 en el Diario Oficial de la Federaci\u00f3n (DOF) una lista [&hellip;]<\/p>\n","protected":false},"author":6,"featured_media":61102,"comment_status":"closed","ping_status":"closed","sticky":false,"template":"","format":"standard","meta":{"_acf_changed":false,"_monsterinsights_skip_tracking":false,"slim_seo":{"title":"\"El gobierno planea ponerle trabas a los exportadores\", asegura la iniciativa privada - Opini\u00f3n P\u00fablica","description":"Aunque los exportadores atraviesan una situaci\u00f3n dif\u00edcil por los aranceles de Estados Unidos, el gobierno de M\u00e9xico alista un nuevo requisito que retrasar\u00e1 sus"},"footnotes":""},"categories":[4],"tags":[],"class_list":["post-61100","post","type-post","status-publish","format-standard","has-post-thumbnail","hentry","category-pulsopolitico"],"acf":[],"_links":{"self":[{"href":"https:\/\/www.opinionpublica.tv\/portada\/wp-json\/wp\/v2\/posts\/61100","targetHints":{"allow":["GET"]}}],"collection":[{"href":"https:\/\/www.opinionpublica.tv\/portada\/wp-json\/wp\/v2\/posts"}],"about":[{"href":"https:\/\/www.opinionpublica.tv\/portada\/wp-json\/wp\/v2\/types\/post"}],"author":[{"embeddable":true,"href":"https:\/\/www.opinionpublica.tv\/portada\/wp-json\/wp\/v2\/users\/6"}],"replies":[{"embeddable":true,"href":"https:\/\/www.opinionpublica.tv\/portada\/wp-json\/wp\/v2\/comments?post=61100"}],"version-history":[{"count":3,"href":"https:\/\/www.opinionpublica.tv\/portada\/wp-json\/wp\/v2\/posts\/61100\/revisions"}],"predecessor-version":[{"id":61104,"href":"https:\/\/www.opinionpublica.tv\/portada\/wp-json\/wp\/v2\/posts\/61100\/revisions\/61104"}],"wp:featuredmedia":[{"embeddable":true,"href":"https:\/\/www.opinionpublica.tv\/portada\/wp-json\/wp\/v2\/media\/61102"}],"wp:attachment":[{"href":"https:\/\/www.opinionpublica.tv\/portada\/wp-json\/wp\/v2\/media?parent=61100"}],"wp:term":[{"taxonomy":"category","embeddable":true,"href":"https:\/\/www.opinionpublica.tv\/portada\/wp-json\/wp\/v2\/categories?post=61100"},{"taxonomy":"post_tag","embeddable":true,"href":"https:\/\/www.opinionpublica.tv\/portada\/wp-json\/wp\/v2\/tags?post=61100"}],"curies":[{"name":"wp","href":"https:\/\/api.w.org\/{rel}","templated":true}]}}