{"id":61097,"date":"2025-06-09T00:01:00","date_gmt":"2025-06-09T06:01:00","guid":{"rendered":"https:\/\/www.opinionpublica.tv\/portada\/?p=61097"},"modified":"2025-06-07T19:34:01","modified_gmt":"2025-06-08T01:34:01","slug":"efemerides-9-de-junio-un-dia-como-hoy-en-la-historia","status":"publish","type":"post","link":"https:\/\/www.opinionpublica.tv\/portada\/efemerides-9-de-junio-un-dia-como-hoy-en-la-historia\/","title":{"rendered":"Efem\u00e9rides 9 de junio | Un d\u00eda como hoy en la historia&#8230;"},"content":{"rendered":"\n<p class=\"wp-block-paragraph\"><em>Un d\u00eda 9 de junio como hoy, pero de 1924, la ecuatoriana Matilde Hidalgo se convierte en la primera mujer de Latinoam\u00e9rica en ejercer el derecho al voto en unas elecciones nacionales<\/em>.<\/p>\n\n\n\n<figure class=\"wp-block-image size-full\"><img fetchpriority=\"high\" decoding=\"async\" width=\"634\" height=\"450\" src=\"https:\/\/www.opinionpublica.tv\/portada\/wp-content\/uploads\/2025\/06\/1924-la-ecuatoriana-Matilde-Hidalgo-se-convierte-en-la-primera-mujer-de-Latinoamerica-en-ejercer-el-derecho-al-voto.jpg\" alt=\"1924, la ecuatoriana matilde hidalgo se convierte en la primera mujer de latinoame\u0301rica en ejercer el derecho al voto\" class=\"wp-image-61098\" srcset=\"https:\/\/www.opinionpublica.tv\/portada\/wp-content\/uploads\/2025\/06\/1924-la-ecuatoriana-Matilde-Hidalgo-se-convierte-en-la-primera-mujer-de-Latinoamerica-en-ejercer-el-derecho-al-voto.jpg 634w, https:\/\/www.opinionpublica.tv\/portada\/wp-content\/uploads\/2025\/06\/1924-la-ecuatoriana-Matilde-Hidalgo-se-convierte-en-la-primera-mujer-de-Latinoamerica-en-ejercer-el-derecho-al-voto-300x213.jpg 300w\" sizes=\"(max-width: 634px) 100vw, 634px\" \/><\/figure>\n\n\n\n<p class=\"wp-block-paragraph\"><strong>Otras efem\u00e9rides<\/strong><\/p>\n\n\n\n<p class=\"wp-block-paragraph\">1815.- Firma del acta final del Congreso de Viena para restablecer las fronteras de Europa tras la derrota de Napole\u00f3n.<\/p>\n\n\n\n<p class=\"wp-block-paragraph\">1869.- El presidente ecuatoriano, Gabriel Garc\u00eda Moreno, proclama una nueva Constituci\u00f3n, calificada de \u00abcarta negra\u00bb por la oposici\u00f3n.<\/p>\n\n\n\n<p class=\"wp-block-paragraph\">1894.- El general Juan Juan Bautista Luis Egusquiza Isasi encabeza un golpe de Estado en Paraguay que depone al presidente Juan Gualberto Gonz\u00e1lez.<\/p>\n\n\n\n<p class=\"wp-block-paragraph\">1928.- Charles Kingsford Smith, pionero de la aviaci\u00f3n australiana, concluye en Brisbane, Australia, el primer vuelo transpac\u00edfico con escalas, que parti\u00f3 el 31 de mayo desde Oakland, California.<\/p>\n\n\n\n<p class=\"wp-block-paragraph\">1924.- Uruguay se proclama campe\u00f3n ol\u00edmpico de f\u00fatbol en Par\u00eds, tras vencer a Suiza por 3-0.<\/p>\n\n\n\n<p class=\"wp-block-paragraph\">1934. Primera aparici\u00f3n del Pato Donald, personaje de dibujos animados creado por Disney, en el cortometraje \u00abLa Gallinita Sabia\u00bb.<\/p>\n\n\n\n<p class=\"wp-block-paragraph\">1944.- Un centenar de vecinos de Tulle, Francia, son asesinados por tropas alemanas en represalia por la muerte de 40 soldados germanos a manos de los maquis.<\/p>\n\n\n\n<p class=\"wp-block-paragraph\">1948.- Se establece el Consejo Internacional de Archivos bajo los auspicios de la UNESCO. En conmemoraci\u00f3n, desde noviembre de 2007 Naciones Unidas celebra el 9 de junio el D\u00eda Internacional de los Archivos.<\/p>\n\n\n\n<p class=\"wp-block-paragraph\">1956.- Fracasa en Argentina la sublevaci\u00f3n encabezada por el general peronista Juan Jos\u00e9 Valle, quien ser\u00e1 fusilado d\u00edas m\u00e1s tarde junto a otros sublevados.<\/p>\n\n\n\n<p class=\"wp-block-paragraph\">1973.- El ciclista belga Eddy Merckx gana su cuarto Giro de Italia.<\/p>\n\n\n\n<p class=\"wp-block-paragraph\">1985.- Mueren cien kurdos y otros 260 resultan heridos en los bombardeos de la aviaci\u00f3n iraqu\u00ed sobre un campo de refugiados en Ir\u00e1n.<\/p>\n\n\n\n<p class=\"wp-block-paragraph\">1990.- La tenista yugoslava M\u00f3nica Seles, de 16 a\u00f1os y 6 meses, se convierte en la m\u00e1s joven ganadora del torneo Roland Garros (hasta 2019), al derrotar en la final a la alemana Steffie Graf por 7-6 y 6-4.<\/p>\n\n\n\n<p class=\"wp-block-paragraph\">1993.- Boda del pr\u00edncipe heredero del Jap\u00f3n, Naruhito, con la diplom\u00e1tica Masako Owada en el palacio imperial de Tokio.<\/p>\n\n\n\n<p class=\"wp-block-paragraph\">1999.- Abdal\u00e1 II es coronado como nuevo rey de Jordania.<\/p>\n\n\n\n<p class=\"wp-block-paragraph\">2006.- Israel bombardea una playa del norte de Gaza y mata a 10 civiles palestinos, entre ellos tres ni\u00f1os y tres mujeres.<\/p>\n\n\n\n<p class=\"wp-block-paragraph\">2008.- La Estaci\u00f3n Espacial Internacional extiende su nuevo brazo rob\u00f3tico japon\u00e9s de 10 metros de largo, que forma parte del laboratorio \u00abKibo\u00bb.<\/p>\n\n\n\n<p class=\"wp-block-paragraph\">2009.- Mueren 18 personas, incluidos dos funcionarios de la ONU, y otras 50 resultan heridas al explotar un coche-bomba junto a un lujoso hotel de Peshawar, al noroeste de Pakist\u00e1n.<\/p>\n\n\n\n<p class=\"wp-block-paragraph\">2013.- Edward Snowden, un ext\u00e9cnico de la CIA, confiesa haber filtrado datos de espionaje cibern\u00e9tico en Estados Unidos.<\/p>\n\n\n\n<p class=\"wp-block-paragraph\">2014.- Las FARC inician su cuarto alto el fuego desde que negocia un acuerdo de paz con el Gobierno colombiano.<\/p>\n\n\n\n<p class=\"wp-block-paragraph\">2015.- Mueren 6 personas, dos resultan heridas y otras cuatro desaparecidas al ser alcanzadas por un alud de rocas cuando viajaban por una carretera de Lima.<\/p>\n\n\n\n<p class=\"wp-block-paragraph\">2019.- EE. UU. suspende la aplicaci\u00f3n de nuevos aranceles a M\u00e9xico tras llegar a un acuerdo para devolver a inmigrantes irregulares.<\/p>\n\n\n\n<p class=\"wp-block-paragraph\">2020.- Ir\u00e1n condena a muerte a un ciudadano iran\u00ed como esp\u00eda de la CIA involucrado en el asesinato del general Qasem Soleiman\u00ed.<\/p>\n\n\n\n<p class=\"wp-block-paragraph\">2021.- La Justicia rusa ilegaliza el movimiento pol\u00edtico y varias organizaciones asociadas al l\u00edder opositor Alex\u00e9i Navalni.<\/p>\n\n\n\n<p class=\"wp-block-paragraph\">2022.- La brit\u00e1nica Ellen MacArthur, impulsora de la econom\u00eda circular, es galardonada con el Premio Princesa de Asturias de Cooperaci\u00f3n Internacional.<\/p>\n\n\n\n<p class=\"wp-block-paragraph\"><strong>Nacimientos<\/strong><\/p>\n\n\n\n<p class=\"wp-block-paragraph\">1781.- George Stephenson, inventor ingl\u00e9s de la locomotora.<\/p>\n\n\n\n<p class=\"wp-block-paragraph\">1843.- Bertha von Suttne, escritora austr\u00edaca, pacifista y primera mujer Premio Nobel de la Paz.<\/p>\n\n\n\n<p class=\"wp-block-paragraph\">1915.- Les Paul, guitarrista estadounidense.<\/p>\n\n\n\n<p class=\"wp-block-paragraph\">1916.- Robert McNamara, pol\u00edtico estadounidense.<\/p>\n\n\n\n<p class=\"wp-block-paragraph\">1921.- Guido Munch, astrof\u00edsico mexicano, Premio Pr\u00edncipe de Asturias de Investigaci\u00f3n Cient\u00edfica y T\u00e9cnica en 1989.<\/p>\n\n\n\n<p class=\"wp-block-paragraph\">1958.- Agust\u00edn Carstens, gobernador del Banco de M\u00e9xico.<\/p>\n\n\n\n<p class=\"wp-block-paragraph\">1961.- Michael J. Fox, actor estadounidense de origen canadiense.<\/p>\n\n\n\n<p class=\"wp-block-paragraph\">1961.- Aaron Sorkin, guionista estadounidense.<\/p>\n\n\n\n<p class=\"wp-block-paragraph\">1963.- Johnny Depp, actor estadounidense.<\/p>\n\n\n\n<p class=\"wp-block-paragraph\">1981.- Natalie Portman, actriz estadounidense.<\/p>\n\n\n\n<p class=\"wp-block-paragraph\"><strong>Defunciones<\/strong><\/p>\n\n\n\n<p class=\"wp-block-paragraph\">1829.- Baltasar Hidalgo de Cisneros, \u00faltimo virrey espa\u00f1ol en R\u00edo de la Plata.<\/p>\n\n\n\n<p class=\"wp-block-paragraph\">1870.- Charles Dickens, novelista ingl\u00e9s.<\/p>\n\n\n\n<p class=\"wp-block-paragraph\">1974.- Miguel \u00c1ngel Asturias, escritor guatemalteco y P. Nobel en 1967.<\/p>\n\n\n\n<p class=\"wp-block-paragraph\">1998.- Agostino Casaroli, cardenal y ex secretario de Estado del Vaticano.<\/p>\n\n\n\n<p class=\"wp-block-paragraph\">2002.- Elena Burke, cantante cubana.<\/p>\n\n\n\n<p class=\"wp-block-paragraph\">2010.- Marina Semyonova, bailarina rusa.<\/p>\n\n\n\n<p class=\"wp-block-paragraph\">2013.- El\u00edas Querejeta, productor de cine.<\/p>\n\n\n\n<p class=\"wp-block-paragraph\">2017.- Herman Andimba Toivo ya Toivo, activista namibio.<\/p>\n\n\n\n<p class=\"wp-block-paragraph\">2017.- Adam West, actor estadounidense.<\/p>\n\n\n\n<p class=\"wp-block-paragraph\">2022.- Olivia Valere, empresaria francesa.<\/p>\n\n\n\n<p class=\"wp-block-paragraph\">2022.- Luis Heriberto Rivas, sacerdote y te\u00f3logo argentino.<\/p>\n\n\n\n<p class=\"wp-block-paragraph\">2022.- Clara Atelman, activista argentina.<\/p>\n","protected":false},"excerpt":{"rendered":"<p>Un d\u00eda 9 de junio como hoy, pero de 1924, la ecuatoriana Matilde Hidalgo se convierte en la primera mujer de Latinoam\u00e9rica en ejercer el derecho al voto en unas elecciones nacionales. Otras efem\u00e9rides 1815.- Firma del acta final del Congreso de Viena para restablecer las fronteras de Europa tras la derrota de Napole\u00f3n. 1869.- [&hellip;]<\/p>\n","protected":false},"author":6,"featured_media":61098,"comment_status":"closed","ping_status":"closed","sticky":false,"template":"","format":"standard","meta":{"_acf_changed":false,"_monsterinsights_skip_tracking":false,"slim_seo":{"title":"Efem\u00e9rides 9 de junio | Un d\u00eda como hoy en la historia... - Opini\u00f3n P\u00fablica","description":"Un d\u00eda 9 de junio como hoy, pero de 1924, la ecuatoriana Matilde Hidalgo se convierte en la primera mujer de Latinoam\u00e9rica en ejercer el derecho al voto en unas"},"footnotes":""},"categories":[27],"tags":[],"class_list":["post-61097","post","type-post","status-publish","format-standard","has-post-thumbnail","hentry","category-un-dia-como-hoy"],"acf":[],"_links":{"self":[{"href":"https:\/\/www.opinionpublica.tv\/portada\/wp-json\/wp\/v2\/posts\/61097","targetHints":{"allow":["GET"]}}],"collection":[{"href":"https:\/\/www.opinionpublica.tv\/portada\/wp-json\/wp\/v2\/posts"}],"about":[{"href":"https:\/\/www.opinionpublica.tv\/portada\/wp-json\/wp\/v2\/types\/post"}],"author":[{"embeddable":true,"href":"https:\/\/www.opinionpublica.tv\/portada\/wp-json\/wp\/v2\/users\/6"}],"replies":[{"embeddable":true,"href":"https:\/\/www.opinionpublica.tv\/portada\/wp-json\/wp\/v2\/comments?post=61097"}],"version-history":[{"count":1,"href":"https:\/\/www.opinionpublica.tv\/portada\/wp-json\/wp\/v2\/posts\/61097\/revisions"}],"predecessor-version":[{"id":61099,"href":"https:\/\/www.opinionpublica.tv\/portada\/wp-json\/wp\/v2\/posts\/61097\/revisions\/61099"}],"wp:featuredmedia":[{"embeddable":true,"href":"https:\/\/www.opinionpublica.tv\/portada\/wp-json\/wp\/v2\/media\/61098"}],"wp:attachment":[{"href":"https:\/\/www.opinionpublica.tv\/portada\/wp-json\/wp\/v2\/media?parent=61097"}],"wp:term":[{"taxonomy":"category","embeddable":true,"href":"https:\/\/www.opinionpublica.tv\/portada\/wp-json\/wp\/v2\/categories?post=61097"},{"taxonomy":"post_tag","embeddable":true,"href":"https:\/\/www.opinionpublica.tv\/portada\/wp-json\/wp\/v2\/tags?post=61097"}],"curies":[{"name":"wp","href":"https:\/\/api.w.org\/{rel}","templated":true}]}}