{"id":61093,"date":"2025-06-08T00:01:00","date_gmt":"2025-06-08T06:01:00","guid":{"rendered":"https:\/\/www.opinionpublica.tv\/portada\/?p=61093"},"modified":"2025-06-07T19:29:06","modified_gmt":"2025-06-08T01:29:06","slug":"efemerides-8-de-junio-6","status":"publish","type":"post","link":"https:\/\/www.opinionpublica.tv\/portada\/efemerides-8-de-junio-6\/","title":{"rendered":"Efem\u00e9rides 8 de junio | Un d\u00eda como hoy en la historia&#8230;"},"content":{"rendered":"\n<p class=\"wp-block-paragraph\"><em>Un d\u00eda 8 de junio como hoy, pero de 1972, Nick Ut, fot\u00f3grafo de Associated Press, captura la foto de la ni\u00f1a Phan Thi Kim Ph\u00fac corriendo desnuda huyendo del napalm lanzado contra su aldea en Vietnam. Esa foto conocida como \u00abLa ni\u00f1a del napalm\u00bb gan\u00f3 el Premio Pulitzer 1973<\/em>.<\/p>\n\n\n\n<figure class=\"wp-block-image size-full\"><img fetchpriority=\"high\" decoding=\"async\" width=\"600\" height=\"439\" src=\"https:\/\/www.opinionpublica.tv\/portada\/wp-content\/uploads\/2025\/06\/1972-Nick-Ut-fotografo-de-Associated-Press-captura-la-foto-de-la-nina-Phan-Thi-Kim-Phuc.webp\" alt=\"1972, nick ut, foto\u0301grafo de associated press, captura la foto de la nin\u0303a phan thi kim phu\u0301c\" class=\"wp-image-61094\" srcset=\"https:\/\/www.opinionpublica.tv\/portada\/wp-content\/uploads\/2025\/06\/1972-Nick-Ut-fotografo-de-Associated-Press-captura-la-foto-de-la-nina-Phan-Thi-Kim-Phuc.webp 600w, https:\/\/www.opinionpublica.tv\/portada\/wp-content\/uploads\/2025\/06\/1972-Nick-Ut-fotografo-de-Associated-Press-captura-la-foto-de-la-nina-Phan-Thi-Kim-Phuc-300x220.webp 300w\" sizes=\"(max-width: 600px) 100vw, 600px\" \/><\/figure>\n\n\n\n<p class=\"wp-block-paragraph\"><strong>Otras efem\u00e9rides<\/strong><\/p>\n\n\n\n<p class=\"wp-block-paragraph\">1518.- El navegante Juan de Grijalba descubre en M\u00e9xico el r\u00edo al que dio el nombre de Tabasco, que era el del cacique de aquel lugar.<\/p>\n\n\n\n<p class=\"wp-block-paragraph\">1595.- Los corsarios ingleses Amyas Preston y George Somers asaltan y queman Santiago de Le\u00f3n, actual Caracas.<\/p>\n\n\n\n<p class=\"wp-block-paragraph\">1692.- Mot\u00edn popular e incendio de varios edificios p\u00fablicos en la ciudad de M\u00e9xico al grito de \u00abViva el Rey y muera el mal gobierno\u00bb.<\/p>\n\n\n\n<p class=\"wp-block-paragraph\">1708.- El gale\u00f3n San Jos\u00e9 es hundido por corsarios ingleses cuando se dirig\u00eda a Cartagena de Indias cargado con monedas de oro y plata.<\/p>\n\n\n\n<p class=\"wp-block-paragraph\">1867.- Santiago Vidaurri es fusilado en M\u00e9xico, quien en otro tiempo fue due\u00f1o absoluto de los Estados de Coahuila y Nuevo Le\u00f3n, por su apoyo al emperador Maximiliano I aliado de los franceses.<\/p>\n\n\n\n<p class=\"wp-block-paragraph\">1882.- Construcci\u00f3n del primer t\u00fanel de la Rep\u00fablica Argentina, en la prolongaci\u00f3n del ferrocarril de Tucum\u00e1n a Jujuy.<\/p>\n\n\n\n<p class=\"wp-block-paragraph\">1924.- La Orquesta Filarm\u00f3nica de La Habana da su primer concierto en el Teatro Nacional de la capital de Cuba.<\/p>\n\n\n\n<p class=\"wp-block-paragraph\">1949.- George Orwell publica la novela \u201c1984\u201d, ficci\u00f3n pol\u00edtica en la que critica los totalitarismos.<\/p>\n\n\n\n<p class=\"wp-block-paragraph\">1968.- James Earl Ray, el asesino de Martin Luther King, es arrestado en Londres.<\/p>\n\n\n\n<p class=\"wp-block-paragraph\">1971.- El exministro chileno Edmundo P\u00e9rez Zujovic es asesinado por el grupo armado Vanguardia Organizada del Pueblo, al que responsabilizaban de la muerte de11 personas en la masacre de Puerto Montt ocurrida el 9 de marzo de 1969 .<\/p>\n\n\n\n<p class=\"wp-block-paragraph\">1982.- Mueren 135 personas al estrellarse un avi\u00f3n Boeing en Brasil.<\/p>\n\n\n\n<p class=\"wp-block-paragraph\">1983.- La Justicia condena al Estado espa\u00f1ol a pagar 518 millones de pesetas por el cierre ilegal del diario \u00abMadrid\u00bb.<\/p>\n\n\n\n<p class=\"wp-block-paragraph\">1992.- Se propone por primera vez la celebraci\u00f3n del D\u00eda Mundial de los Oc\u00e9anos coincidiendo con la Cumbre de la Tierra celebrada en R\u00edo de Janeiro. Este d\u00eda fue institucionalizado por la ONU a partir de 2009.<\/p>\n\n\n\n<p class=\"wp-block-paragraph\">1999.- El juez chileno Juan Guzm\u00e1n Tapia procesa a un general retirado y a 4 exoficiales que en 1973 participaron en la llamada \u00abcaravana de la muerte\u00bb, que asesin\u00f3 a decenas de presos pol\u00edticos.<\/p>\n\n\n\n<p class=\"wp-block-paragraph\">2001.- Un tribunal de Guatemala condena al coronel Byron Lima Estrada, a su hijo el capit\u00e1n Byron Lima Oliva y a un sargento a 30 a\u00f1os de prisi\u00f3n por el asesinato del obispo Juan Gerardi en 1998.<\/p>\n\n\n\n<p class=\"wp-block-paragraph\">2004.- Las autoridades cubanas liberan a los disidentes Leonardo Bruz\u00f3n, Carlos Dom\u00ednguez, Emilio Leyva y L\u00e1zaro Miguel Rodr\u00edguez.<\/p>\n\n\n\n<p class=\"wp-block-paragraph\">2010.- El poeta peruano Antonio Cisneros es galardonado con el Premio Iberoamericano de Poes\u00eda \u00abPablo Neruda\u00bb 2010.<\/p>\n\n\n\n<p class=\"wp-block-paragraph\">2016.- El Parlamento Europeo da luz verde a la creaci\u00f3n de una comisi\u00f3n de investigaci\u00f3n sobre los papeles de Panam\u00e1.<\/p>\n\n\n\n<p class=\"wp-block-paragraph\">2017.- La revista Nature hace p\u00fablico el descubrimiento en Yebel Irhoud (Marruecos) de los restos m\u00e1s antiguos conocidos del Homo Sapiens.<\/p>\n\n\n\n<p class=\"wp-block-paragraph\">2021.- El Mecanismo para los Tribunales Penales Internacionales ratifica la condena a cadena perpetua del serbobosnio Ratko Mladic.<\/p>\n\n\n\n<p class=\"wp-block-paragraph\">2022.- Gimnastas ol\u00edmpicas estadounidenses piden 1.000 millones de d\u00f3lares al FBI por no detener los abusos de Larry Nassar cuando era m\u00e9dico del equipo nacional.<\/p>\n\n\n\n<p class=\"wp-block-paragraph\"><strong>Nacimientos<\/strong><\/p>\n\n\n\n<p class=\"wp-block-paragraph\">1671.- Tomaso Albinoni, compositor italiano.<\/p>\n\n\n\n<p class=\"wp-block-paragraph\">1810.- Robert Schumann, compositor alem\u00e1n.<\/p>\n\n\n\n<p class=\"wp-block-paragraph\">1867.- Frank Lloyd Wright, arquitecto estadounidense.<\/p>\n\n\n\n<p class=\"wp-block-paragraph\">1873.- Jos\u00e9 Mart\u00ednez Ruiz, \u00abAzor\u00edn\u00bb, escritor espa\u00f1ol.<\/p>\n\n\n\n<p class=\"wp-block-paragraph\">1895.- Santiago Bernabeu, futbolista y presidente del Real Madrid.<\/p>\n\n\n\n<p class=\"wp-block-paragraph\">1903.- Marguerite Yourcenar (Marguerite Crayencour), escritora francesa.<\/p>\n\n\n\n<p class=\"wp-block-paragraph\">1916.- Luigi Comencini, cineasta italiano.<\/p>\n\n\n\n<p class=\"wp-block-paragraph\">1921.- Mohammed Suharto, general y dictador indonesio.<\/p>\n\n\n\n<p class=\"wp-block-paragraph\">1927.- Guillermo Luca de Tena, periodista y empresario de prensa espa\u00f1ol.<\/p>\n\n\n\n<p class=\"wp-block-paragraph\">1928.- Gustavo Guti\u00e9rrez, sacerdote peruano, fundador del movimiento de la \u00abteolog\u00eda de la liberaci\u00f3n\u00bb.<\/p>\n\n\n\n<p class=\"wp-block-paragraph\">1950.- Sonia Braga, actriz brasile\u00f1a.<\/p>\n\n\n\n<p class=\"wp-block-paragraph\">1951.- Bonnie Tyler, cantante brit\u00e1nica.<\/p>\n\n\n\n<p class=\"wp-block-paragraph\">1955.- Tim Berners-Lee, cient\u00edfico brit\u00e1nico, creador de la World Wide Web (WWW).<\/p>\n\n\n\n<p class=\"wp-block-paragraph\">1960.- Mick Hucknall, m\u00fasico brit\u00e1nico.<\/p>\n\n\n\n<p class=\"wp-block-paragraph\">1962.- Nick Rhodes, m\u00fasico brit\u00e1nico.<\/p>\n\n\n\n<p class=\"wp-block-paragraph\"><strong>Defunciones<\/strong><\/p>\n\n\n\n<p class=\"wp-block-paragraph\">632.- Mahoma, fundador y profeta del Islam.<\/p>\n\n\n\n<p class=\"wp-block-paragraph\">1876.- Aurore Dupin, \u00abGeorge Sand\u00bb, novelista francesa.<\/p>\n\n\n\n<p class=\"wp-block-paragraph\">1990.- Jos\u00e9 Figueres Ferrer, ex presidente de Costa Rica.<\/p>\n\n\n\n<p class=\"wp-block-paragraph\">1993.- Severo Sarduy, escritor cubano.<\/p>\n\n\n\n<p class=\"wp-block-paragraph\">1995.- Juan Carlos Ongan\u00eda, dictador argentino.<\/p>\n\n\n\n<p class=\"wp-block-paragraph\">2003. H\u00e9ctor Cabrera, cantante venezolano.<\/p>\n\n\n\n<p class=\"wp-block-paragraph\">2010.- Porfi Jim\u00e9nez, m\u00fasico dominicano.<\/p>\n\n\n\n<p class=\"wp-block-paragraph\">2017.- Ernesto \u00abTito\u00bb Puentes, m\u00fasico cubano.<\/p>\n\n\n\n<p class=\"wp-block-paragraph\">2018.- Mar\u00eda Esther Bueno, leyenda del tenis brasile\u00f1o.<\/p>\n\n\n\n<p class=\"wp-block-paragraph\">2019.- Andr\u00e9 Matos, m\u00fasico brasile\u00f1o.<\/p>\n\n\n\n<p class=\"wp-block-paragraph\">2020.- Manuel Felgu\u00e9rez, artista abstracto mexicano.<\/p>\n\n\n\n<p class=\"wp-block-paragraph\">2021.-.- \u00c9dith Moskovic, activista h\u00fangara nacionalizada francesa y sobreviviente del Holocausto.<\/p>\n\n\n\n<p class=\"wp-block-paragraph\">2022.- Paula Rego, pintora portuguesa.<\/p>\n","protected":false},"excerpt":{"rendered":"<p>Un d\u00eda 8 de junio como hoy, pero de 1972, Nick Ut, fot\u00f3grafo de Associated Press, captura la foto de la ni\u00f1a Phan Thi Kim Ph\u00fac corriendo desnuda huyendo del napalm lanzado contra su aldea en Vietnam. Esa foto conocida como \u00abLa ni\u00f1a del napalm\u00bb gan\u00f3 el Premio Pulitzer 1973. Otras efem\u00e9rides 1518.- El navegante [&hellip;]<\/p>\n","protected":false},"author":6,"featured_media":61094,"comment_status":"closed","ping_status":"closed","sticky":false,"template":"","format":"standard","meta":{"_acf_changed":false,"_monsterinsights_skip_tracking":false,"slim_seo":{"title":"Efem\u00e9rides 8 de junio | Un d\u00eda como hoy en la historia... - Opini\u00f3n P\u00fablica","description":"Un d\u00eda 8 de junio como hoy, pero de 1972, Nick Ut, fot\u00f3grafo de Associated Press, captura la foto de la ni\u00f1a Phan Thi Kim Ph\u00fac corriendo desnuda huyendo del nap"},"footnotes":""},"categories":[27],"tags":[],"class_list":["post-61093","post","type-post","status-publish","format-standard","has-post-thumbnail","hentry","category-un-dia-como-hoy"],"acf":[],"_links":{"self":[{"href":"https:\/\/www.opinionpublica.tv\/portada\/wp-json\/wp\/v2\/posts\/61093","targetHints":{"allow":["GET"]}}],"collection":[{"href":"https:\/\/www.opinionpublica.tv\/portada\/wp-json\/wp\/v2\/posts"}],"about":[{"href":"https:\/\/www.opinionpublica.tv\/portada\/wp-json\/wp\/v2\/types\/post"}],"author":[{"embeddable":true,"href":"https:\/\/www.opinionpublica.tv\/portada\/wp-json\/wp\/v2\/users\/6"}],"replies":[{"embeddable":true,"href":"https:\/\/www.opinionpublica.tv\/portada\/wp-json\/wp\/v2\/comments?post=61093"}],"version-history":[{"count":2,"href":"https:\/\/www.opinionpublica.tv\/portada\/wp-json\/wp\/v2\/posts\/61093\/revisions"}],"predecessor-version":[{"id":61096,"href":"https:\/\/www.opinionpublica.tv\/portada\/wp-json\/wp\/v2\/posts\/61093\/revisions\/61096"}],"wp:featuredmedia":[{"embeddable":true,"href":"https:\/\/www.opinionpublica.tv\/portada\/wp-json\/wp\/v2\/media\/61094"}],"wp:attachment":[{"href":"https:\/\/www.opinionpublica.tv\/portada\/wp-json\/wp\/v2\/media?parent=61093"}],"wp:term":[{"taxonomy":"category","embeddable":true,"href":"https:\/\/www.opinionpublica.tv\/portada\/wp-json\/wp\/v2\/categories?post=61093"},{"taxonomy":"post_tag","embeddable":true,"href":"https:\/\/www.opinionpublica.tv\/portada\/wp-json\/wp\/v2\/tags?post=61093"}],"curies":[{"name":"wp","href":"https:\/\/api.w.org\/{rel}","templated":true}]}}