{"id":60998,"date":"2025-06-06T00:01:00","date_gmt":"2025-06-06T06:01:00","guid":{"rendered":"https:\/\/www.opinionpublica.tv\/portada\/?p=60998"},"modified":"2025-06-05T16:45:52","modified_gmt":"2025-06-05T22:45:52","slug":"el-estilo-que-hechizo-a-mexico","status":"publish","type":"post","link":"https:\/\/www.opinionpublica.tv\/portada\/el-estilo-que-hechizo-a-mexico\/","title":{"rendered":"El estilo que hechiz\u00f3 a M\u00e9xico"},"content":{"rendered":"\n<h4 class=\"wp-block-heading\">H\u00e9ctor De Maule\u00f3n<\/h4>\n\n\n\n<p class=\"wp-block-paragraph\">___________________________<\/p>\n\n\n\n<p class=\"wp-block-paragraph\">A la medianoche del 24 de mayo, polic\u00edas municipales de Apaseo el Alto, Guanajuato &#8211;todos ellos ex integrantes de la extinta Polic\u00eda Federal&#8211;, se desplazaron al macrolibramiento que va de Celaya a Palmillas, en el estado de Guanajuato.<\/p>\n\n\n\n<p class=\"wp-block-paragraph\">Hab\u00edan recibido un reporte sobre un grupo de personas que presuntamente realizaba extracci\u00f3n de ilegal de combustible a unos metros de la carretera.<\/p>\n\n\n\n<p class=\"wp-block-paragraph\">A la altura de la comunidad El Espejo, los agentes detectaron a una persona a bordo de una Nissan Rogue de color guinda y a otra persona que tripulaba un tractocami\u00f3n con autotanque, conectado a una toma clandestina. La sorpresa fue que al lado de estas unidades hab\u00eda veh\u00edculos oficiales de la Guardia Nacional con hombres adentro: un RCP Charger y dos camionetas pick up Silverado.<\/p>\n\n\n\n<p class=\"wp-block-paragraph\">Seg\u00fan el reporte, los agentes \u201cprocedieron a cuestionar al personal sobre la actividad que estaban realizando\u201d. El conductor del Charger respondi\u00f3 que estaban proporcionando seguridad al tractocami\u00f3n.<\/p>\n\n\n\n<p class=\"wp-block-paragraph\">Antes de que se diera cualquier reacci\u00f3n, el tripulante del Charger se dio la fuga, seguido por una de las camionetas Silverado (la cual fue abandonada m\u00e1s adelante).<\/p>\n\n\n\n<p class=\"wp-block-paragraph\">Los municipales enca\u00f1onaron a quienes se hab\u00edan quedado, y pr\u00e1cticamente hab\u00edan sido sorprendidos con la manguera en la mano: dos tenientes de la Guardia Nacional (uno procedente del Sexto Regimiento de Caballer\u00eda Motorizado, el otro del D\u00e9cimo Regimiento de Caballer\u00eda Motorizado), y un subteniente del Primer Batall\u00f3n de la Guardia con base en Hidalgo.<\/p>\n\n\n\n<p class=\"wp-block-paragraph\">Hab\u00eda tambi\u00e9n cinco elementos rasos pertenecientes a batallones de la Guardia Nacional de Uruapan y Tlaxcala.<\/p>\n\n\n\n<p class=\"wp-block-paragraph\">Eran once en total. Seg\u00fan las primeras investigaciones se hab\u00edan trasladado desde Quer\u00e9taro para realizar la orde\u00f1a. Todos portaban fusiles FX-05 calibre 5.56 x 45 mil\u00edmetros. La mayor parte de ellos llevaban el uniforme gris de la corporaci\u00f3n, as\u00ed como sus chalecos t\u00e1cticos.<\/p>\n\n\n\n<p class=\"wp-block-paragraph\">M\u00e1s tarde, el alcalde de Celaya, Juan Miguel Ram\u00edrez, hizo referencia a la capacidad de operaci\u00f3n del grupo, que pudo trasladarse desde otro estado y saber exactamente \u201cd\u00f3nde estaban las mangueras y cosas\u201d. La manguera estaba conectada a un ducto que va de Hidalgo a Veracruz.<\/p>\n\n\n\n<p class=\"wp-block-paragraph\">\u00bfCu\u00e1nto tiempo llevaban operando bajo la protecci\u00f3n del uniforme? \u00bfIban a escoltar la pipa a nivel local o m\u00e1s bien forman parte de la red que a trav\u00e9s de las aduanas de Tamaulipas interna combustible robado a Pemex en los Estados Unidos, seg\u00fan acaba de dar a conocer el gobierno norteamericano?<\/p>\n\n\n\n<p class=\"wp-block-paragraph\">La Guardia Nacional, la Sedena y la Fiscal\u00eda General de la Rep\u00fablica guardaron silencio en torno al caso. El secretario de seguridad Omar Garc\u00eda Harfuch minimiz\u00f3 los hechos: \u201cNo por 11 detenidos de la Guardia Nacional se van a contaminar los 133 mil elementos que diario trabajan a lo largo y ancho de nuestro territorio nacional\u201d, expres\u00f3.<\/p>\n\n\n\n<p class=\"wp-block-paragraph\">No se trata, sin embargo, de un hecho aislado. En una ruta que se encuentra bajo la custodia de la Guardia Nacional, la extracci\u00f3n ilegal de combustible no ha hecho sino dispararse.<\/p>\n\n\n\n<p class=\"wp-block-paragraph\">Solo en el estado de Guanajuato fueron localizadas 850 tomas en 2024. Entre enero y marzo de 2025 fueron detectadas 218 tomas clandestinas m\u00e1s.<\/p>\n\n\n\n<p class=\"wp-block-paragraph\">Es en las zonas bajo control de la Guardia Nacional donde se registraron en los primeros tres meses de 2025 el mayor n\u00famero de orde\u00f1as: 632 en Hidalgo, 453 en Jalisco, 214 en Tamaulipas, 208 en Quer\u00e9taro: mil 725 tomas localizadas en solo cinco estados.<\/p>\n\n\n\n<p class=\"wp-block-paragraph\">Entre los documentos hackeados a la Sedena en 2022 por el colectivo Guacamaya hay un conjunto de reportes que detallan el trasiego de huachicol desde Tabasco y Veracruz hacia el centro y el norte del pa\u00eds a trav\u00e9s de una red operada desde Reynosa, Tamaulipas, por un sujeto llamado Gerardo Ovando, El Yayo, encargado de coordinar funcionarios y guardias nacionales que aseguren el libre tr\u00e1nsito de los hidrocarburos.<\/p>\n\n\n\n<p class=\"wp-block-paragraph\">La Sedena ubic\u00f3 dentro de esa red al segundo de a bordo del exsecretario de seguridad p\u00fablica de Tabasco, Hern\u00e1n Berm\u00fadez Requena, a quien lig\u00f3 con el exgobernador de esa entidad, Ad\u00e1n Augusto L\u00f3pez.<\/p>\n\n\n\n<p class=\"wp-block-paragraph\">Seg\u00fan otro documento hackeado por el colectivo, el Centro Regional de Fusi\u00f3n de Inteligencia de la Sedena alert\u00f3 al secretario Luis Crescencio Sandoval el 2 de agosto de 2022 sobre la operaci\u00f3n de varias bandas de tr\u00e1fico de huachicol que funcionaban en Puebla, Tabasco y Veracruz bajo la protecci\u00f3n de un comandante de la Guardia Nacional identificado como El Comandante Mata, quien recib\u00eda pagos de un l\u00edder huachicolero al que el CERFI ubic\u00f3 como Gabriel Eduardo Gonz\u00e1lez Alejandro.<\/p>\n\n\n\n<p class=\"wp-block-paragraph\">Un segundo grupo ligado al C\u00e1rtel Jalisco y encabezado por Efr\u00e9n Mart\u00ednez G\u00f3mez, El Fantasma, cuenta con la protecci\u00f3n de cuatro elementos adscritos a la coordinaci\u00f3n de la Guardia Nacional en Veracruz.<\/p>\n\n\n\n<p class=\"wp-block-paragraph\">En noviembre de ese mismo a\u00f1o se viraliz\u00f3 un video que mostr\u00f3 la manera en que la Guardia Nacional dej\u00f3 ir a diez huachicoleros de Tula que vest\u00edan ropa de camuflaje, pasamonta\u00f1as y portaban armas largas.<\/p>\n\n\n\n<p class=\"wp-block-paragraph\">Apenas en marzo del a\u00f1o pasado, un capit\u00e1n y un mayor de la Guardia Nacional fueron acusados por sus propios elementos de cobrar a grupos de huachicoleros (hasta tres mil pesos diarios) para que sus hombres no patrullaran la zona de ductos de Teoloyucan, Estado de M\u00e9xico, durante las madrugadas.<\/p>\n\n\n\n<p class=\"wp-block-paragraph\">M\u00e1s tarde, en un predio en el que se aseguraron ocho pipas y 90 mil litros de combustible sin documentaci\u00f3n legal, aparecieron, seg\u00fan los denunciantes, recibos de dep\u00f3sitos realizados a ambos mandos.<\/p>\n\n\n\n<p class=\"wp-block-paragraph\">La propia Guardia Nacional ha reconocido que sus elementos realizan recorridos de vigilancia en 17 municipios de Guanajuato, por donde atraviesan los ductos de la refiner\u00eda Antonio M. Amor.<\/p>\n\n\n\n<p class=\"wp-block-paragraph\">Existen pruebas incontables de que guardias nacionales que fueron enviados a proteger los ductos, hallaron maneras de explotarlos en su beneficio. En un clima de corrupci\u00f3n rampante, hoy sabemos que 11 de ellos hab\u00edan montado su propio negocio. \u00bfDesde cu\u00e1ndo? Y sobre todo, \u00bfcu\u00e1ntos m\u00e1s?<\/p>\n","protected":false},"excerpt":{"rendered":"<p>H\u00e9ctor De Maule\u00f3n ___________________________ A la medianoche del 24 de mayo, polic\u00edas municipales de Apaseo el Alto, Guanajuato &#8211;todos ellos ex integrantes de la extinta Polic\u00eda Federal&#8211;, se desplazaron al macrolibramiento que va de Celaya a Palmillas, en el estado de Guanajuato. Hab\u00edan recibido un reporte sobre un grupo de personas que presuntamente realizaba extracci\u00f3n [&hellip;]<\/p>\n","protected":false},"author":6,"featured_media":60735,"comment_status":"closed","ping_status":"closed","sticky":false,"template":"","format":"standard","meta":{"_acf_changed":false,"_monsterinsights_skip_tracking":false,"slim_seo":{"title":"El estilo que hechiz\u00f3 a M\u00e9xico - Opini\u00f3n P\u00fablica","description":"H\u00e9ctor De Maule\u00f3n ___________________________ A la medianoche del 24 de mayo, polic\u00edas municipales de Apaseo el Alto, Guanajuato --todos ellos ex integrantes de"},"footnotes":""},"categories":[38],"tags":[664],"class_list":["post-60998","post","type-post","status-publish","format-standard","has-post-thumbnail","hentry","category-columna-invitada","tag-hector-de-mauleon"],"acf":[],"_links":{"self":[{"href":"https:\/\/www.opinionpublica.tv\/portada\/wp-json\/wp\/v2\/posts\/60998","targetHints":{"allow":["GET"]}}],"collection":[{"href":"https:\/\/www.opinionpublica.tv\/portada\/wp-json\/wp\/v2\/posts"}],"about":[{"href":"https:\/\/www.opinionpublica.tv\/portada\/wp-json\/wp\/v2\/types\/post"}],"author":[{"embeddable":true,"href":"https:\/\/www.opinionpublica.tv\/portada\/wp-json\/wp\/v2\/users\/6"}],"replies":[{"embeddable":true,"href":"https:\/\/www.opinionpublica.tv\/portada\/wp-json\/wp\/v2\/comments?post=60998"}],"version-history":[{"count":2,"href":"https:\/\/www.opinionpublica.tv\/portada\/wp-json\/wp\/v2\/posts\/60998\/revisions"}],"predecessor-version":[{"id":61000,"href":"https:\/\/www.opinionpublica.tv\/portada\/wp-json\/wp\/v2\/posts\/60998\/revisions\/61000"}],"wp:featuredmedia":[{"embeddable":true,"href":"https:\/\/www.opinionpublica.tv\/portada\/wp-json\/wp\/v2\/media\/60735"}],"wp:attachment":[{"href":"https:\/\/www.opinionpublica.tv\/portada\/wp-json\/wp\/v2\/media?parent=60998"}],"wp:term":[{"taxonomy":"category","embeddable":true,"href":"https:\/\/www.opinionpublica.tv\/portada\/wp-json\/wp\/v2\/categories?post=60998"},{"taxonomy":"post_tag","embeddable":true,"href":"https:\/\/www.opinionpublica.tv\/portada\/wp-json\/wp\/v2\/tags?post=60998"}],"curies":[{"name":"wp","href":"https:\/\/api.w.org\/{rel}","templated":true}]}}