{"id":60990,"date":"2025-06-06T00:01:00","date_gmt":"2025-06-06T06:01:00","guid":{"rendered":"https:\/\/www.opinionpublica.tv\/portada\/?p=60990"},"modified":"2025-06-05T16:31:25","modified_gmt":"2025-06-05T22:31:25","slug":"embajador-ronald-johnson-resalta-rol-empresarial-en-integracion-mexico-estados-unidos","status":"publish","type":"post","link":"https:\/\/www.opinionpublica.tv\/portada\/embajador-ronald-johnson-resalta-rol-empresarial-en-integracion-mexico-estados-unidos\/","title":{"rendered":"Ronald Johnson resalta el rol empresarial en la integraci\u00f3n de M\u00e9xico y Estados Unidos"},"content":{"rendered":"\n<figure class=\"wp-block-image size-full\"><img fetchpriority=\"high\" decoding=\"async\" width=\"1021\" height=\"720\" src=\"https:\/\/www.opinionpublica.tv\/portada\/wp-content\/uploads\/2025\/06\/Ronald-Johnson-resalta-el-rol-empresarial-en-la-integracion-Mexico-Estados-Unidos.webp\" alt=\"Ronald johnson resalta el rol empresarial en la integracio\u0301n me\u0301xico estados unidos\" class=\"wp-image-60995\" srcset=\"https:\/\/www.opinionpublica.tv\/portada\/wp-content\/uploads\/2025\/06\/Ronald-Johnson-resalta-el-rol-empresarial-en-la-integracion-Mexico-Estados-Unidos.webp 1021w, https:\/\/www.opinionpublica.tv\/portada\/wp-content\/uploads\/2025\/06\/Ronald-Johnson-resalta-el-rol-empresarial-en-la-integracion-Mexico-Estados-Unidos-300x212.webp 300w, https:\/\/www.opinionpublica.tv\/portada\/wp-content\/uploads\/2025\/06\/Ronald-Johnson-resalta-el-rol-empresarial-en-la-integracion-Mexico-Estados-Unidos-768x542.webp 768w\" sizes=\"(max-width: 1021px) 100vw, 1021px\" \/><\/figure>\n\n\n\n<p class=\"wp-block-paragraph\">Ciudad de M\u00e9xico. El embajador de Estados Unidos en M\u00e9xico, Ronald Johnson, destac\u00f3 este jueves la contribuci\u00f3n de las empresas estadunidenses a la prosperidad e integraci\u00f3n de ambas naciones.<\/p>\n\n\n\n<p class=\"wp-block-paragraph\">A trav\u00e9s de su cuenta oficial de X, Johnson inform\u00f3 que sostuvo una reuni\u00f3n con Carlos Garc\u00eda y Pedro Casas, representantes de la American Chamber Mexico.<\/p>\n\n\n\n<p class=\"wp-block-paragraph\">\u201cLas empresas estadunidenses son clave para la prosperidad e integraci\u00f3n de nuestras naciones\u201d, afirm\u00f3 el coronel en retiro.<\/p>\n\n\n\n<p class=\"wp-block-paragraph\">El enviado de la Casa Blanca expres\u00f3 su optimismo respecto al futuro de este intercambio. \u00abConfiamos en que esta relaci\u00f3n seguir\u00e1 generando resultados positivos para ambos pa\u00edses\u00bb, afirm\u00f3 en su publicaci\u00f3n. (La Jornada)<\/p>\n","protected":false},"excerpt":{"rendered":"<p>Ciudad de M\u00e9xico. El embajador de Estados Unidos en M\u00e9xico, Ronald Johnson, destac\u00f3 este jueves la contribuci\u00f3n de las empresas estadunidenses a la prosperidad e integraci\u00f3n de ambas naciones. A trav\u00e9s de su cuenta oficial de X, Johnson inform\u00f3 que sostuvo una reuni\u00f3n con Carlos Garc\u00eda y Pedro Casas, representantes de la American Chamber Mexico. [&hellip;]<\/p>\n","protected":false},"author":6,"featured_media":60995,"comment_status":"closed","ping_status":"closed","sticky":false,"template":"","format":"standard","meta":{"_acf_changed":false,"_monsterinsights_skip_tracking":false,"slim_seo":{"title":"Ronald Johnson resalta el rol empresarial en la integraci\u00f3n de M\u00e9xico y Estados Unidos - Opini\u00f3n P\u00fablica","description":"Ciudad de M\u00e9xico. El embajador de Estados Unidos en M\u00e9xico, Ronald Johnson, destac\u00f3 este jueves la contribuci\u00f3n de las empresas estadunidenses a la prosperidad"},"footnotes":""},"categories":[4],"tags":[],"class_list":["post-60990","post","type-post","status-publish","format-standard","has-post-thumbnail","hentry","category-pulsopolitico"],"acf":[],"_links":{"self":[{"href":"https:\/\/www.opinionpublica.tv\/portada\/wp-json\/wp\/v2\/posts\/60990","targetHints":{"allow":["GET"]}}],"collection":[{"href":"https:\/\/www.opinionpublica.tv\/portada\/wp-json\/wp\/v2\/posts"}],"about":[{"href":"https:\/\/www.opinionpublica.tv\/portada\/wp-json\/wp\/v2\/types\/post"}],"author":[{"embeddable":true,"href":"https:\/\/www.opinionpublica.tv\/portada\/wp-json\/wp\/v2\/users\/6"}],"replies":[{"embeddable":true,"href":"https:\/\/www.opinionpublica.tv\/portada\/wp-json\/wp\/v2\/comments?post=60990"}],"version-history":[{"count":5,"href":"https:\/\/www.opinionpublica.tv\/portada\/wp-json\/wp\/v2\/posts\/60990\/revisions"}],"predecessor-version":[{"id":60997,"href":"https:\/\/www.opinionpublica.tv\/portada\/wp-json\/wp\/v2\/posts\/60990\/revisions\/60997"}],"wp:featuredmedia":[{"embeddable":true,"href":"https:\/\/www.opinionpublica.tv\/portada\/wp-json\/wp\/v2\/media\/60995"}],"wp:attachment":[{"href":"https:\/\/www.opinionpublica.tv\/portada\/wp-json\/wp\/v2\/media?parent=60990"}],"wp:term":[{"taxonomy":"category","embeddable":true,"href":"https:\/\/www.opinionpublica.tv\/portada\/wp-json\/wp\/v2\/categories?post=60990"},{"taxonomy":"post_tag","embeddable":true,"href":"https:\/\/www.opinionpublica.tv\/portada\/wp-json\/wp\/v2\/tags?post=60990"}],"curies":[{"name":"wp","href":"https:\/\/api.w.org\/{rel}","templated":true}]}}