{"id":60829,"date":"2025-06-04T00:01:00","date_gmt":"2025-06-04T06:01:00","guid":{"rendered":"https:\/\/www.opinionpublica.tv\/portada\/?p=60829"},"modified":"2025-06-03T19:29:23","modified_gmt":"2025-06-04T01:29:23","slug":"lo-que-nos-espera-con-la-destruccion-del-poder-judicial","status":"publish","type":"post","link":"https:\/\/www.opinionpublica.tv\/portada\/lo-que-nos-espera-con-la-destruccion-del-poder-judicial\/","title":{"rendered":"Lo que nos espera con la destrucci\u00f3n del Poder Judicial"},"content":{"rendered":"\n<h4 class=\"wp-block-heading\">Carlos Angulo Parra<\/h4>\n\n\n\n<p class=\"wp-block-paragraph\">___________________________<\/p>\n\n\n\n<p class=\"wp-block-paragraph\">Finalmente lo logramos, los mexicanos destruimos nuestro Estado de Derecho, nuestra democracia, nuestra Rep\u00fablica, nuestras libertades y nuestra oportunidad de tener el anhelado Bien Com\u00fan, que nos permitir\u00eda vivir con dignidad con nuestras familias, realizando nuestras vocaciones y nuestros sue\u00f1os, con pleno bienestar y felicidad.<\/p>\n\n\n\n<p class=\"wp-block-paragraph\">S\u00ed, as\u00ed lo digo; lo logramos los mexicanos, porque todos somos culpables de ello, por acci\u00f3n, y principalmente, por omisi\u00f3n. Permitimos que los partidos de oposici\u00f3n se corrompieran, dejamos que transcurriera la corrupci\u00f3n en nuestros gobiernos, nos dejamos ir por la ilusi\u00f3n del demagogo que nos prometi\u00f3 el oro y el moro, dici\u00e9ndonos que todo cambiar\u00eda para bien y le hicimos caso, a pesar de toda la evidencia de su priismo acendrado, su trayectoria de vida de porro, y de su hipocres\u00eda en su actuar en el gobierno.<\/p>\n\n\n\n<p class=\"wp-block-paragraph\">Tambi\u00e9n, no dejamos ir por los ef\u00edmeros paliativos que otorgan los programas sociales, dando el voto que dieron mayor\u00edas relativas al r\u00e9gimen de morena (s\u00ed, as\u00ed con min\u00fasculas como ellos mismos lo denominaron en sus documentos fundacionales).<\/p>\n\n\n\n<p class=\"wp-block-paragraph\">As\u00ed, el gobierno de morena, pobl\u00f3 al INE y al Tribunal Electoral, para que diera el Golpe de Estado necesario para aprovecharse del Estado Mexicano y cambiara la Constituci\u00f3n para destruir a nuestras instituciones, a los organismos aut\u00f3nomos y a la independencia del Poder Judicial, para otorgar a la Presidencia de la Rep\u00fablica un poder absoluto, sin restricciones ni contrapesos.<\/p>\n\n\n\n<p class=\"wp-block-paragraph\">Pues veamos cu\u00e1les son las consecuencias de toda esta destrucci\u00f3n.<\/p>\n\n\n\n<p class=\"wp-block-paragraph\">1. La vida cotidiana, en principio y en apariencia no cambiar\u00e1 de inmediato.<\/p>\n\n\n\n<p class=\"wp-block-paragraph\">2. Pero, cuando un ciudadano, empresa u organizaci\u00f3n se confronte en un conflicto, ya sea entre particulares o con el gobierno, nada ser\u00e1 igual que antes.<\/p>\n\n\n\n<p class=\"wp-block-paragraph\">Veamos:<\/p>\n\n\n\n<p class=\"wp-block-paragraph\">a) \u00bfQu\u00e9 pasar\u00e1 en un conflicto entre particulares?, la parte que tenga mayor cercan\u00eda con el gobierno indudablemente que saldr\u00e1 ganando \u00bfQui\u00e9n pierde? Para variar, el d\u00e9bil, el pobre, el que no tiene relaciones ni recursos.<\/p>\n\n\n\n<p class=\"wp-block-paragraph\">b) \u00bfQu\u00e9 suceder\u00e1 en un conflicto con el gobierno? Lo m\u00e1s seguro es que pierda el particular, a menos de que exista alg\u00fan conflicto entre actores de gobierno que permita que el actor m\u00e1s poderoso prevalezca; claro con costos altos que pagar para el particular afectado.<\/p>\n\n\n\n<p class=\"wp-block-paragraph\">3. Los derechos humanos no ser\u00e1n respetados en general, sobre todo si existe un inter\u00e9s particular en el gobierno de que no se respeten. Por lo que los ciudadanos estaremos a la merced del gobierno en el ejercicio de nuestros derechos fundamentales, como la libertad de expresi\u00f3n, de reuni\u00f3n, de tr\u00e1nsito, en la defensa de nuestro patrimonio, el derecho de ejercer libremente nuestra profesi\u00f3n, oficio o negocio.<\/p>\n\n\n\n<p class=\"wp-block-paragraph\">4. Las inversiones decaer\u00e1n dr\u00e1sticamente, las \u00fanicas que prevalecer\u00e1n ser\u00e1n las de los grandes oligopolios y las de los monopolios que permanecer\u00e1n coludidos con el gobierno, y que abusar\u00e1n de los consumidores con precios altos, malos servicios y abusos de mercado.<\/p>\n\n\n\n<p class=\"wp-block-paragraph\">5. La inversi\u00f3n extranjera se ir\u00e1 a otros lados, prevaleciendo la que se al\u00ede con el gobierno con corruptelas, para abusar del mercado y de la extracci\u00f3n de recursos en colusi\u00f3n con los pol\u00edticos del r\u00e9gimen.<\/p>\n\n\n\n<p class=\"wp-block-paragraph\">6. Las elecciones regresar\u00e1n a ser meros tr\u00e1mites disque para \u201clegitimar\u201d a los funcionarios de \u201celecci\u00f3n popular\u201d, con las faramallas que hac\u00eda el PRI en el siglo pasado.<\/p>\n\n\n\n<p class=\"wp-block-paragraph\">7. Todo lo anterior nos llevar\u00e1, eventualmente, a tener una gran crisis econ\u00f3mica, como las que sufrimos con el r\u00e9gimen priista, que les llegar\u00e1 a las bolsas de todos los mexicanos.<\/p>\n\n\n\n<p class=\"wp-block-paragraph\">\u00bfQu\u00e9 hacer?<\/p>\n\n\n\n<p class=\"wp-block-paragraph\">I. Debemos resistir, organizarnos desde ahora, prepararnos para constituir una oposici\u00f3n unida y estructurada.<\/p>\n\n\n\n<p class=\"wp-block-paragraph\">II. Es necesario denunciar lo que est\u00e1 sucediendo en M\u00e9xico, el mundo tiene sus ojos enfocados en todos lados menos en M\u00e9xico. Es pat\u00e9tico que los grandes medios internacionales se hayan dado cuenta de lo que estuvo sucediendo en M\u00e9xico con la propuesta de reforma del Poder Judicial, hasta pocos d\u00edas antes de la elecci\u00f3n.<\/p>\n\n\n\n<p class=\"wp-block-paragraph\">III. Debemos concientizar a nuestras juventudes de lo que se les viene encima, principalmente a ellas, para que participen y se preparen a la lucha para la recuperaci\u00f3n de nuestra Rep\u00fablica.<\/p>\n\n\n\n<p class=\"wp-block-paragraph\">IV. No dejarnos enga\u00f1ar con la ret\u00f3rica demag\u00f3gica gubernamental y concentrarnos en hacer lo necesario para quitarle el poder a morena lo antes posible, para restituir a la Rep\u00fablica y a nuestras instituciones.<\/p>\n\n\n\n<p class=\"wp-block-paragraph\">V. Hay que trabajar arduamente sin descanso para estar listos a dar las m\u00faltiples batallas pol\u00edticas que se avecinan.<\/p>\n","protected":false},"excerpt":{"rendered":"<p>Carlos Angulo Parra ___________________________ Finalmente lo logramos, los mexicanos destruimos nuestro Estado de Derecho, nuestra democracia, nuestra Rep\u00fablica, nuestras libertades y nuestra oportunidad de tener el anhelado Bien Com\u00fan, que nos permitir\u00eda vivir con dignidad con nuestras familias, realizando nuestras vocaciones y nuestros sue\u00f1os, con pleno bienestar y felicidad. S\u00ed, as\u00ed lo digo; lo logramos [&hellip;]<\/p>\n","protected":false},"author":6,"featured_media":45394,"comment_status":"closed","ping_status":"closed","sticky":false,"template":"","format":"standard","meta":{"_acf_changed":false,"_monsterinsights_skip_tracking":false,"slim_seo":{"title":"Lo que nos espera con la destrucci\u00f3n del Poder Judicial - Opini\u00f3n P\u00fablica","description":"Carlos Angulo Parra ___________________________ Finalmente lo logramos, los mexicanos destruimos nuestro Estado de Derecho, nuestra democracia, nuestra Rep\u00fablic"},"footnotes":""},"categories":[17],"tags":[825],"class_list":["post-60829","post","type-post","status-publish","format-standard","has-post-thumbnail","hentry","category-ultima-instancia","tag-carlos-angulo"],"acf":[],"_links":{"self":[{"href":"https:\/\/www.opinionpublica.tv\/portada\/wp-json\/wp\/v2\/posts\/60829","targetHints":{"allow":["GET"]}}],"collection":[{"href":"https:\/\/www.opinionpublica.tv\/portada\/wp-json\/wp\/v2\/posts"}],"about":[{"href":"https:\/\/www.opinionpublica.tv\/portada\/wp-json\/wp\/v2\/types\/post"}],"author":[{"embeddable":true,"href":"https:\/\/www.opinionpublica.tv\/portada\/wp-json\/wp\/v2\/users\/6"}],"replies":[{"embeddable":true,"href":"https:\/\/www.opinionpublica.tv\/portada\/wp-json\/wp\/v2\/comments?post=60829"}],"version-history":[{"count":3,"href":"https:\/\/www.opinionpublica.tv\/portada\/wp-json\/wp\/v2\/posts\/60829\/revisions"}],"predecessor-version":[{"id":60832,"href":"https:\/\/www.opinionpublica.tv\/portada\/wp-json\/wp\/v2\/posts\/60829\/revisions\/60832"}],"wp:featuredmedia":[{"embeddable":true,"href":"https:\/\/www.opinionpublica.tv\/portada\/wp-json\/wp\/v2\/media\/45394"}],"wp:attachment":[{"href":"https:\/\/www.opinionpublica.tv\/portada\/wp-json\/wp\/v2\/media?parent=60829"}],"wp:term":[{"taxonomy":"category","embeddable":true,"href":"https:\/\/www.opinionpublica.tv\/portada\/wp-json\/wp\/v2\/categories?post=60829"},{"taxonomy":"post_tag","embeddable":true,"href":"https:\/\/www.opinionpublica.tv\/portada\/wp-json\/wp\/v2\/tags?post=60829"}],"curies":[{"name":"wp","href":"https:\/\/api.w.org\/{rel}","templated":true}]}}