{"id":60809,"date":"2025-06-03T00:01:00","date_gmt":"2025-06-03T06:01:00","guid":{"rendered":"https:\/\/www.opinionpublica.tv\/portada\/?p=60809"},"modified":"2025-06-02T17:52:24","modified_gmt":"2025-06-02T23:52:24","slug":"ocaso-en-toga","status":"publish","type":"post","link":"https:\/\/www.opinionpublica.tv\/portada\/ocaso-en-toga\/","title":{"rendered":"Ocaso en toga"},"content":{"rendered":"\n<h4 class=\"wp-block-heading\">Luis Villegas Montes<\/h4>\n\n\n\n<p class=\"wp-block-paragraph\">___________________________<\/p>\n\n\n\n<p class=\"wp-block-paragraph\">\u201cFue nuestra. Fue limpia. Fue digna. La perdimos: Reforma judicial por m\u00e9ritos. Q.E.P.D. (\u201cQu\u00e9 Est\u00fapida Pretensi\u00f3n Deliberativa\u201d\u2026 dicen los que la mataron).<\/p>\n\n\n\n<p class=\"wp-block-paragraph\">Hubo un tiempo \u2014no tan remoto como para volverse leyenda, pero lo suficiente para doler como si lo fuese\u2014 que en Chihuahua se intent\u00f3 lo imposible: nombrar jueces sin consigna, secretarios sin padrino, notificadores sin compadrazgos, servidores p\u00fablicos sin m\u00e1s filiaci\u00f3n que la del m\u00e9rito. Una rareza estad\u00edstica. Una excepci\u00f3n que, como todas las excepciones dignas, fue breve.<\/p>\n\n\n\n<p class=\"wp-block-paragraph\">No fue magia, no fue suerte; fue voluntad, m\u00e9todo y resistencia \u2014y muchas veces, resistencia contra el m\u00e9todo\u2014. Fue una reforma laboral implementada con m\u00e1s pulcritud que boato, m\u00e1s verdad que pose, m\u00e1s trabajo que discurso; y s\u00ed, p\u00e9sele a quien le pese, du\u00e9lale a quien le duela, quien escribe estas l\u00edneas fue parte \u2014m\u00e1s a\u00fan\u2014 fue protagonista, fue art\u00edfice, fue terco.<\/p>\n\n\n\n<p class=\"wp-block-paragraph\">Desde 2020, en medio de escepticismos matadores, grillas recurrentes y ese ruido eterno de los que todo lo ensucian, se erigi\u00f3 \u2014contra toda probabilidad\u2014 el proceso m\u00e1s limpio, m\u00e1s t\u00e9cnico y m\u00e1s transparente en la historia judicial del Estado.<\/p>\n\n\n\n<p class=\"wp-block-paragraph\">En medio de \u201ccochineros judiciales\u201d (o de la recurrente abstinencia de concursos, \u00fatil para imponer amigos, parientes y compadres), m\u00e1s de doscientos funcionarios judiciales \u2014s\u00ed, m\u00e1s de doscientos\u2014 fueron nombrados como se nombran los justos: por su hoja de vida, no por una triste recomendaci\u00f3n; pero eso fue antes, muy antes: antes del 1.\u00ba de junio, antes del circo.<\/p>\n\n\n\n<p class=\"wp-block-paragraph\">Para el d\u00eda de hoy, cuando escribo estas l\u00edneas, ya se consum\u00f3 el disparate: los jueces en M\u00e9xico se elegir\u00e1n por elecci\u00f3n popular. Ya est\u00e1. Ya nos jodimos. Como si la imparcialidad cupiera en una boleta; como si la probidad pudiera tasarla el populacho hambriento; como si la independencia judicial fuera un concurso de popularidad; como si el Derecho \u2014\u00a1la Justicia!\u2014 tuviera que mendigar likes en TikTok.<\/p>\n\n\n\n<p class=\"wp-block-paragraph\">No lo dice un nost\u00e1lgico; lo grita la evidencia, lo constata la naci\u00f3n entera (o lo que queda de ella), que proclama a este sainete como \u201celecci\u00f3n hist\u00f3rica\u201d, pero omite cualquiera de los adjetivos correspondientes: tr\u00e1gica, infausta, funesta, aciaga, nefasta, fat\u00eddica, ominosa, amarga, f\u00fanebre, l\u00fagubre, malhadada, desventurada, desastrosa\u2026 y est\u00fapida, para acabar pronto.<\/p>\n\n\n\n<p class=\"wp-block-paragraph\">Por cierto, \u00bfy los veintiocho jueces laborales que se designaron mediante un proceso limpio, pr\u00edstino, que se sab\u00edan seleccionados por sus m\u00e9ritos, que no deb\u00edan favores a nadie m\u00e1s que a su propio esfuerzo? Robados. S\u00ed, robados; porque les quitaron algo m\u00e1s que un puesto: les arrebataron la dignidad de su origen.<\/p>\n\n\n\n<p class=\"wp-block-paragraph\">Que te despojen de tu legitimidad y luego te digan que eso es democracia\u2026 eso, eso s\u00ed duele: no hay peor humillaci\u00f3n que tener que compartir pasillo con quienes llegaron \u2014o van a llegar\u2014 a trav\u00e9s de la alcurnia pol\u00edtica o la feliz bendici\u00f3n del linaje.<\/p>\n\n\n\n<p class=\"wp-block-paragraph\">A lo largo de la vida, uno puede tener hijos de varios tipos; unos son biol\u00f3gicos \u2014con sus semblantes parecidos, sus h\u00e1bitos extra\u00f1os, sus defectos salvables, su personalidad entra\u00f1able o su caudal de recuerdos imborrables\u2014; otros, son los que uno pare con el alma, con la inteligencia, con la voluntad de hacer las cosas bien en medio del lodazal, de la inmundicia o la inacci\u00f3n interesada (empe\u00f1ada m\u00e1s en hallar c\u00f3mplices o rapi\u00f1ar que en hacer valer la Ley).<\/p>\n\n\n\n<p class=\"wp-block-paragraph\">Pues bien, la implementaci\u00f3n de esa reforma en Chihuahua fue eso para m\u00ed: un hijo del alma; y no solo m\u00edo, de multitud de personas que me creyeron cuando les insist\u00ed \u2014a veces con testarudez, a veces con rabia, a veces con lisonjas\u2014 que la rectitud no era una utop\u00eda, que s\u00ed se pod\u00eda. Hoy, 2 de junio de 2025, ese hijo yace muerto. Lo mat\u00f3 una boleta, lo mat\u00f3 la demagogia, lo mat\u00f3 una improvisada Reforma Judicial que confundi\u00f3 democracia con cabaret.<\/p>\n\n\n\n<p class=\"wp-block-paragraph\">No escribo esto para salvar ni reivindicar nada; ya es tarde; escribo, como se escribe un epitafio, para que alguien, alg\u00fan d\u00eda, sepa que hubo una vez un esfuerzo limpio y que en Chihuahua, al menos durante un breve, pero glorioso tiempo, se eligieron jueces sin dedazo, sin compadrazgos, sin l\u00ednea; y que ese esfuerzo no muri\u00f3 solo ni de muerte natural, lo mataron a pu\u00f1aladas p\u00fablicas; lo mataron los que ahora aplauden el desorden; lo mataron los que confundieron cuidadosa selecci\u00f3n con burda elecci\u00f3n.<\/p>\n\n\n\n<p class=\"wp-block-paragraph\">Y si alg\u00fan juez \u2014de los buenos\u2014 lee esto, que sepa que, por lo menos para m\u00ed, su nombramiento s\u00ed vali\u00f3 la pena; que su esfuerzo s\u00ed import\u00f3; que su origen s\u00ed tuvo dignidad, aunque hoy yo est\u00e9 de luto, aunque el ocaso haya llegado a encapotarlo todo, aunque a los hijos del alma tambi\u00e9n se los lleve el viento de la barbarie.<\/p>\n\n\n\n<p class=\"wp-block-paragraph\">Cont\u00e1cteme a trav\u00e9s de mi correo electr\u00f3nico o s\u00edgame en los medios que gentilmente me publican, en Facebook o tambi\u00e9n en mi blog: https:\/\/unareflexionpersonal.wordpress.com\/.<\/p>\n\n\n\n<p class=\"wp-block-paragraph\">Luis Villegas Montes<\/p>\n\n\n\n<p class=\"wp-block-paragraph\">luvimo6608@gmail.com, luvimo6614@hotmail.com.<\/p>\n","protected":false},"excerpt":{"rendered":"<p>Luis Villegas Montes ___________________________ \u201cFue nuestra. Fue limpia. Fue digna. La perdimos: Reforma judicial por m\u00e9ritos. Q.E.P.D. (\u201cQu\u00e9 Est\u00fapida Pretensi\u00f3n Deliberativa\u201d\u2026 dicen los que la mataron). Hubo un tiempo \u2014no tan remoto como para volverse leyenda, pero lo suficiente para doler como si lo fuese\u2014 que en Chihuahua se intent\u00f3 lo imposible: nombrar jueces sin [&hellip;]<\/p>\n","protected":false},"author":6,"featured_media":45647,"comment_status":"closed","ping_status":"closed","sticky":false,"template":"","format":"standard","meta":{"_acf_changed":false,"_monsterinsights_skip_tracking":false,"slim_seo":{"title":"Ocaso en toga - Opini\u00f3n P\u00fablica","description":"Luis Villegas Montes ___________________________ \u201cFue nuestra. Fue limpia. Fue digna. La perdimos: Reforma judicial por m\u00e9ritos. Q.E.P.D. (\u201cQu\u00e9 Est\u00fapida Pretens"},"footnotes":""},"categories":[19],"tags":[78],"class_list":["post-60809","post","type-post","status-publish","format-standard","has-post-thumbnail","hentry","category-principal-columnas","tag-luis-villegas"],"acf":[],"_links":{"self":[{"href":"https:\/\/www.opinionpublica.tv\/portada\/wp-json\/wp\/v2\/posts\/60809","targetHints":{"allow":["GET"]}}],"collection":[{"href":"https:\/\/www.opinionpublica.tv\/portada\/wp-json\/wp\/v2\/posts"}],"about":[{"href":"https:\/\/www.opinionpublica.tv\/portada\/wp-json\/wp\/v2\/types\/post"}],"author":[{"embeddable":true,"href":"https:\/\/www.opinionpublica.tv\/portada\/wp-json\/wp\/v2\/users\/6"}],"replies":[{"embeddable":true,"href":"https:\/\/www.opinionpublica.tv\/portada\/wp-json\/wp\/v2\/comments?post=60809"}],"version-history":[{"count":2,"href":"https:\/\/www.opinionpublica.tv\/portada\/wp-json\/wp\/v2\/posts\/60809\/revisions"}],"predecessor-version":[{"id":60811,"href":"https:\/\/www.opinionpublica.tv\/portada\/wp-json\/wp\/v2\/posts\/60809\/revisions\/60811"}],"wp:featuredmedia":[{"embeddable":true,"href":"https:\/\/www.opinionpublica.tv\/portada\/wp-json\/wp\/v2\/media\/45647"}],"wp:attachment":[{"href":"https:\/\/www.opinionpublica.tv\/portada\/wp-json\/wp\/v2\/media?parent=60809"}],"wp:term":[{"taxonomy":"category","embeddable":true,"href":"https:\/\/www.opinionpublica.tv\/portada\/wp-json\/wp\/v2\/categories?post=60809"},{"taxonomy":"post_tag","embeddable":true,"href":"https:\/\/www.opinionpublica.tv\/portada\/wp-json\/wp\/v2\/tags?post=60809"}],"curies":[{"name":"wp","href":"https:\/\/api.w.org\/{rel}","templated":true}]}}