{"id":60273,"date":"2025-05-26T00:01:00","date_gmt":"2025-05-26T06:01:00","guid":{"rendered":"https:\/\/www.opinionpublica.tv\/portada\/?p=60273"},"modified":"2025-05-25T14:00:41","modified_gmt":"2025-05-25T20:00:41","slug":"realizan-taller-para-fortalecer-la-estrategia-turistica-de-los-pueblos-magicos-de-chihuahua","status":"publish","type":"post","link":"https:\/\/www.opinionpublica.tv\/portada\/realizan-taller-para-fortalecer-la-estrategia-turistica-de-los-pueblos-magicos-de-chihuahua\/","title":{"rendered":"Realizan taller para fortalecer estrategia tur\u00edstica de Pueblos M\u00e1gicos de Chihuahua"},"content":{"rendered":"\n<figure class=\"wp-block-image size-large\"><img fetchpriority=\"high\" decoding=\"async\" width=\"1024\" height=\"465\" src=\"https:\/\/www.opinionpublica.tv\/portada\/wp-content\/uploads\/2025\/05\/Realizan-taller-para-fortalecer-estrategia-turistica-de-Pueblos-Magicos-de-Chihuahua-1024x465.jpeg\" alt=\"Realizan taller para fortalecer estrategia turi\u0301stica de pueblos ma\u0301gicos de chihuahua\" class=\"wp-image-60278\" srcset=\"https:\/\/www.opinionpublica.tv\/portada\/wp-content\/uploads\/2025\/05\/Realizan-taller-para-fortalecer-estrategia-turistica-de-Pueblos-Magicos-de-Chihuahua-1024x465.jpeg 1024w, https:\/\/www.opinionpublica.tv\/portada\/wp-content\/uploads\/2025\/05\/Realizan-taller-para-fortalecer-estrategia-turistica-de-Pueblos-Magicos-de-Chihuahua-300x136.jpeg 300w, https:\/\/www.opinionpublica.tv\/portada\/wp-content\/uploads\/2025\/05\/Realizan-taller-para-fortalecer-estrategia-turistica-de-Pueblos-Magicos-de-Chihuahua-768x348.jpeg 768w, https:\/\/www.opinionpublica.tv\/portada\/wp-content\/uploads\/2025\/05\/Realizan-taller-para-fortalecer-estrategia-turistica-de-Pueblos-Magicos-de-Chihuahua-1536x697.jpeg 1536w, https:\/\/www.opinionpublica.tv\/portada\/wp-content\/uploads\/2025\/05\/Realizan-taller-para-fortalecer-estrategia-turistica-de-Pueblos-Magicos-de-Chihuahua.jpeg 1600w\" sizes=\"(max-width: 1024px) 100vw, 1024px\" \/><\/figure>\n\n\n\n<p class=\"wp-block-paragraph\"><em>Chihuahua, Chih<\/em>.- La Secretar\u00eda de Turismo llev\u00f3 a cabo una reuni\u00f3n de trabajo tipo taller, con representantes de todos los Pueblos M\u00e1gicos de Chihuahua, con el objetivo de fortalecer la proyecci\u00f3n de dichas localidades como atractivos tur\u00edsticos en el panorama nacional.<\/p>\n\n\n\n<p class=\"wp-block-paragraph\">Funcionarios de la dependencia estatal, presidentes municipales, regidores, directores de turismo, presidentes de comit\u00e9s de Pueblos M\u00e1gicos e integrantes locales de la cadena de valor, atendieron la convocatoria para reforzar la estrategia conjunta.<\/p>\n\n\n\n<p class=\"wp-block-paragraph\">Participaron representantes de Batopilas, Casas Grandes, Creel, Guachochi e Hidalgo del Parral, as\u00ed como de Chihuahua capital, ya que esta \u00faltima cuenta con el nombramiento de Barrio M\u00e1gico para su Centro Hist\u00f3rico.<\/p>\n\n\n\n<p class=\"wp-block-paragraph\">Durante la jornada, se enfatiz\u00f3 la importancia de generar oportunidades de negocio en las localidades, con la finalidad de propiciar una mayor derrama econ\u00f3mica, ya que la meta final es que el turista pernocte en los diferentes destinos.<\/p>\n\n\n\n<p class=\"wp-block-paragraph\">La reuni\u00f3n fue encabezada por el secretario de Turismo, Edibray G\u00f3mez Gallegos, y por Marte Molina Orozco, director general de Gesti\u00f3n Social de Destinos de la Secretar\u00eda de Turismo de M\u00e9xico y coordinador del programa nacional de Pueblos M\u00e1gicos.<\/p>\n\n\n\n<p class=\"wp-block-paragraph\">G\u00f3mez Gallegos destac\u00f3 la importancia de continuar con el posicionamiento de Chihuahua como destino preferente, apostando por sus fortalezas, tales como su historia, cultura y gastronom\u00eda.<\/p>\n\n\n\n<p class=\"wp-block-paragraph\">Por su parte, Molina Orozco resalt\u00f3 que el programa de Pueblos M\u00e1gicos puede fungir como un incentivo para captar el mercado potencial de personas que nunca han realizado un viaje.<\/p>\n\n\n\n<p class=\"wp-block-paragraph\">El funcionario federal reconoci\u00f3 que la entidad es la \u00fanica con una estrategia deportiva debidamente implementada, gracias al Festival Internacional de Turismo de Aventura (FITA) Chihuahua, el cual apoya eventos en todos los Pueblos M\u00e1gicos.<\/p>\n\n\n\n<p class=\"wp-block-paragraph\">Felicit\u00f3 el esfuerzo del Gobierno estatal en este rubro y subray\u00f3 que Chihuahua ser\u00e1 ejemplo para los otros estados.<\/p>\n","protected":false},"excerpt":{"rendered":"<p>Chihuahua, Chih.- La Secretar\u00eda de Turismo llev\u00f3 a cabo una reuni\u00f3n de trabajo tipo taller, con representantes de todos los Pueblos M\u00e1gicos de Chihuahua, con el objetivo de fortalecer la proyecci\u00f3n de dichas localidades como atractivos tur\u00edsticos en el panorama nacional. Funcionarios de la dependencia estatal, presidentes municipales, regidores, directores de turismo, presidentes de comit\u00e9s [&hellip;]<\/p>\n","protected":false},"author":6,"featured_media":60278,"comment_status":"closed","ping_status":"closed","sticky":false,"template":"","format":"standard","meta":{"_acf_changed":false,"_monsterinsights_skip_tracking":false,"slim_seo":{"title":"Realizan taller para fortalecer estrategia tur\u00edstica de Pueblos M\u00e1gicos de Chihuahua - Opini\u00f3n P\u00fablica","description":"Chihuahua, Chih .- La Secretar\u00eda de Turismo llev\u00f3 a cabo una reuni\u00f3n de trabajo tipo taller, con representantes de todos los Pueblos M\u00e1gicos de Chihuahua, con e"},"footnotes":""},"categories":[11],"tags":[],"class_list":["post-60273","post","type-post","status-publish","format-standard","has-post-thumbnail","hentry","category-tendencias"],"acf":[],"_links":{"self":[{"href":"https:\/\/www.opinionpublica.tv\/portada\/wp-json\/wp\/v2\/posts\/60273","targetHints":{"allow":["GET"]}}],"collection":[{"href":"https:\/\/www.opinionpublica.tv\/portada\/wp-json\/wp\/v2\/posts"}],"about":[{"href":"https:\/\/www.opinionpublica.tv\/portada\/wp-json\/wp\/v2\/types\/post"}],"author":[{"embeddable":true,"href":"https:\/\/www.opinionpublica.tv\/portada\/wp-json\/wp\/v2\/users\/6"}],"replies":[{"embeddable":true,"href":"https:\/\/www.opinionpublica.tv\/portada\/wp-json\/wp\/v2\/comments?post=60273"}],"version-history":[{"count":3,"href":"https:\/\/www.opinionpublica.tv\/portada\/wp-json\/wp\/v2\/posts\/60273\/revisions"}],"predecessor-version":[{"id":60279,"href":"https:\/\/www.opinionpublica.tv\/portada\/wp-json\/wp\/v2\/posts\/60273\/revisions\/60279"}],"wp:featuredmedia":[{"embeddable":true,"href":"https:\/\/www.opinionpublica.tv\/portada\/wp-json\/wp\/v2\/media\/60278"}],"wp:attachment":[{"href":"https:\/\/www.opinionpublica.tv\/portada\/wp-json\/wp\/v2\/media?parent=60273"}],"wp:term":[{"taxonomy":"category","embeddable":true,"href":"https:\/\/www.opinionpublica.tv\/portada\/wp-json\/wp\/v2\/categories?post=60273"},{"taxonomy":"post_tag","embeddable":true,"href":"https:\/\/www.opinionpublica.tv\/portada\/wp-json\/wp\/v2\/tags?post=60273"}],"curies":[{"name":"wp","href":"https:\/\/api.w.org\/{rel}","templated":true}]}}