{"id":60232,"date":"2025-05-26T00:01:00","date_gmt":"2025-05-26T06:01:00","guid":{"rendered":"https:\/\/www.opinionpublica.tv\/portada\/?p=60232"},"modified":"2025-05-25T11:04:42","modified_gmt":"2025-05-25T17:04:42","slug":"video-el-crimen-dialoga-con-el-poder-hector-de-mauleon-latinus","status":"publish","type":"post","link":"https:\/\/www.opinionpublica.tv\/portada\/video-el-crimen-dialoga-con-el-poder-hector-de-mauleon-latinus\/","title":{"rendered":"Video: El crimen dialoga con el poder | H\u00e9ctor de Maule\u00f3n | Latinus"},"content":{"rendered":"\n<figure class=\"wp-block-embed is-type-video is-provider-youtube wp-block-embed-youtube wp-embed-aspect-16-9 wp-has-aspect-ratio\"><div class=\"wp-block-embed__wrapper\">\n<iframe title=\"El crimen dialoga con el poder: H\u00e9ctor de Maule\u00f3n\" width=\"800\" height=\"450\" src=\"https:\/\/www.youtube.com\/embed\/SV_FZ8zUPws?feature=oembed\" frameborder=\"0\" allow=\"accelerometer; autoplay; clipboard-write; encrypted-media; gyroscope; picture-in-picture; web-share\" referrerpolicy=\"strict-origin-when-cross-origin\" allowfullscreen><\/iframe>\n<\/div><\/figure>\n\n\n\n<p class=\"wp-block-paragraph\">El periodista e historiador mexicano, H\u00e9ctor de Maule\u00f3n, afirma que el homicidio de Ximena Guzm\u00e1n y Jos\u00e9 Mu\u00f1oz revela que tanto los altos funcionarios como los ciudadanos de a pie conviven a merced de las fuerzas del crimen.<\/p>\n\n\n\n<p class=\"wp-block-paragraph\"><em>Cr\u00e9ditos: Latinus<\/em>.<a href=\"https:\/\/www.youtube.com\/@Latinusus\"><\/a><\/p>\n","protected":false},"excerpt":{"rendered":"<p>El periodista e historiador mexicano, H\u00e9ctor de Maule\u00f3n, afirma que el homicidio de Ximena Guzm\u00e1n y Jos\u00e9 Mu\u00f1oz revela que tanto los altos funcionarios como los ciudadanos de a pie conviven a merced de las fuerzas del crimen. Cr\u00e9ditos: Latinus.<\/p>\n","protected":false},"author":6,"featured_media":60234,"comment_status":"closed","ping_status":"closed","sticky":false,"template":"","format":"standard","meta":{"_acf_changed":false,"_monsterinsights_skip_tracking":false,"slim_seo":{"title":"Video: El crimen dialoga con el poder | H\u00e9ctor de Maule\u00f3n | Latinus - Opini\u00f3n P\u00fablica","description":"https:\/\/youtu.be\/SV_FZ8zUPws?si=5Md8utXkChRpVTXE El periodista e historiador mexicano, H\u00e9ctor de Maule\u00f3n, afirma que el homicidio de Ximena Guzm\u00e1n y Jos\u00e9 Mu\u00f1oz"},"footnotes":""},"categories":[2,13,8],"tags":[],"class_list":["post-60232","post","type-post","status-publish","format-standard","has-post-thumbnail","hentry","category-videos-destacados","category-videos-destacados-contenido","category-videos"],"acf":[],"_links":{"self":[{"href":"https:\/\/www.opinionpublica.tv\/portada\/wp-json\/wp\/v2\/posts\/60232","targetHints":{"allow":["GET"]}}],"collection":[{"href":"https:\/\/www.opinionpublica.tv\/portada\/wp-json\/wp\/v2\/posts"}],"about":[{"href":"https:\/\/www.opinionpublica.tv\/portada\/wp-json\/wp\/v2\/types\/post"}],"author":[{"embeddable":true,"href":"https:\/\/www.opinionpublica.tv\/portada\/wp-json\/wp\/v2\/users\/6"}],"replies":[{"embeddable":true,"href":"https:\/\/www.opinionpublica.tv\/portada\/wp-json\/wp\/v2\/comments?post=60232"}],"version-history":[{"count":1,"href":"https:\/\/www.opinionpublica.tv\/portada\/wp-json\/wp\/v2\/posts\/60232\/revisions"}],"predecessor-version":[{"id":60233,"href":"https:\/\/www.opinionpublica.tv\/portada\/wp-json\/wp\/v2\/posts\/60232\/revisions\/60233"}],"wp:featuredmedia":[{"embeddable":true,"href":"https:\/\/www.opinionpublica.tv\/portada\/wp-json\/wp\/v2\/media\/60234"}],"wp:attachment":[{"href":"https:\/\/www.opinionpublica.tv\/portada\/wp-json\/wp\/v2\/media?parent=60232"}],"wp:term":[{"taxonomy":"category","embeddable":true,"href":"https:\/\/www.opinionpublica.tv\/portada\/wp-json\/wp\/v2\/categories?post=60232"},{"taxonomy":"post_tag","embeddable":true,"href":"https:\/\/www.opinionpublica.tv\/portada\/wp-json\/wp\/v2\/tags?post=60232"}],"curies":[{"name":"wp","href":"https:\/\/api.w.org\/{rel}","templated":true}]}}