{"id":60193,"date":"2025-05-25T00:01:00","date_gmt":"2025-05-25T06:01:00","guid":{"rendered":"https:\/\/www.opinionpublica.tv\/portada\/?p=60193"},"modified":"2025-05-24T15:59:37","modified_gmt":"2025-05-24T21:59:37","slug":"cuidado-con-el-caloron-asi-es-como-debes-enfriar-tu-celular-correctamente","status":"publish","type":"post","link":"https:\/\/www.opinionpublica.tv\/portada\/cuidado-con-el-caloron-asi-es-como-debes-enfriar-tu-celular-correctamente\/","title":{"rendered":"\u00a1Cuidado con el calor\u00f3n! As\u00ed es c\u00f3mo debes enfriar siempre tu celular de forma correcta"},"content":{"rendered":"\n<figure class=\"wp-block-image size-full\"><img fetchpriority=\"high\" decoding=\"async\" width=\"930\" height=\"620\" src=\"https:\/\/www.opinionpublica.tv\/portada\/wp-content\/uploads\/2025\/05\/\u00a1Cuidado-con-el-caloron-Asi-es-como-debes-enfriar-correctamente-y-siempre-tu-celular.avif\" alt=\"\u00a1cuidado con el caloro\u0301n! asi\u0301 es co\u0301mo debes enfriar correctamente y siempre tu celular\" class=\"wp-image-60197\"\/><\/figure>\n\n\n\n<p class=\"wp-block-paragraph\">El Servicio Meteorol\u00f3gico Nacional ha pronosticado temperaturas altas para los pr\u00f3ximos d\u00edas en nuestro pa\u00eds, esto de acuerdo con su reporte publicado el pasado 21 de mayo. Y tus aparatos electr\u00f3nicos tambi\u00e9n podr\u00edan resultar afectados.<\/p>\n\n\n\n<p class=\"wp-block-paragraph\">Aunque los cuides constantemente, dispositivos como el celular pueden sufrir un sobrecalentamiento. La buena noticia es que hay maneras para regular su temperatura, s\u00f3lo sigue estas recomendaciones.<\/p>\n\n\n\n<p class=\"wp-block-paragraph\">\u00bfC\u00f3mo regular la temperatura del celular?<\/p>\n\n\n\n<p class=\"wp-block-paragraph\">De acuerdo con Apple, es preferible utilizar tus dispositivos en lugares donde la temperatura ambiente vaya de los 0\u00b0C a 35\u00b0C. Si rebasan dicho intervalo, es probable que el funcionamiento del celular se vea afectado.<\/p>\n\n\n\n<p class=\"wp-block-paragraph\">Una medida que puedes tomar para prevenir el sobrecalentamiento es desactivar las funciones que consumen m\u00e1s recursos, por ejemplo:<\/p>\n\n\n\n<p class=\"wp-block-paragraph\">Desactiva las funciones de WiFi, GPS y Bluetooth si no las est\u00e1s utilizando.<\/p>\n\n\n\n<p class=\"wp-block-paragraph\">Cierra las aplicaciones que aumenten el consumo de bater\u00eda o que se ejecutan en segundo plano cuando no las necesitas.<\/p>\n\n\n\n<p class=\"wp-block-paragraph\">Disminuye el brillo de la pantalla.<\/p>\n\n\n\n<p class=\"wp-block-paragraph\">Samsung aconseja no utilizarlo cuando se calienta y esperar a que regule su temperatura.<\/p>\n\n\n\n<p class=\"wp-block-paragraph\">No cargues tu tel\u00e9fono hasta que se enfr\u00ede. De lo contrario, puedes ocasionar un da\u00f1o permanente en la bater\u00eda.<\/p>\n\n\n\n<p class=\"wp-block-paragraph\">Quita la funda; dicho accesorio hace que el calor se acumule.<\/p>\n\n\n\n<p class=\"wp-block-paragraph\">La empresa de tecnolog\u00eda y ciberseguridad Avast recomienda apagar el tel\u00e9fono cuando est\u00e9 sobrecalentado, as\u00ed se enfriar\u00e1 r\u00e1pidamente.<\/p>\n\n\n\n<p class=\"wp-block-paragraph\">Activa el modo ahorro de bater\u00eda, lo que ayuda a que el dispositivo consuma menos energ\u00eda.<\/p>\n\n\n\n<p class=\"wp-block-paragraph\">Si el problema persiste, visita a un profesional para que realice un diagn\u00f3stico del sobrecalentamiento y, de ser necesario, cambie la bater\u00eda.<\/p>\n\n\n\n<p class=\"wp-block-paragraph\">\u00bfC\u00f3mo cuidar la bater\u00eda del celular en \u00e9poca de calor?<\/p>\n\n\n\n<p class=\"wp-block-paragraph\">Aunque tu dispositivo no se sobrecaliente, la bater\u00eda tambi\u00e9n puede resultar afectada durante las \u00e9pocas de atas temperaturas. \u00a1No te preocupes! Sigue estos consejos para prevenir el problema:<\/p>\n\n\n\n<p class=\"wp-block-paragraph\">Evita cargar el celular hasta el 100% o dejar que se descargue por completo.<\/p>\n\n\n\n<p class=\"wp-block-paragraph\">Usa el cargador original o uno con compatibilidad certificada.<\/p>\n\n\n\n<p class=\"wp-block-paragraph\">Mant\u00e9n actualizado el software de tu celular, ya que incluye mejoras para el beneficio de la bater\u00eda.<\/p>\n\n\n\n<p class=\"wp-block-paragraph\">Evita utilizar aplicaciones que consuman muchos recursos, pues provocan que se sobrecaliente y reducen la vida \u00fatil de la bater\u00eda.<\/p>\n\n\n\n<p class=\"wp-block-paragraph\">El tema oscuro no solo es para proteger tu vista, tambi\u00e9n preserva la bater\u00eda de los dispositivos. \u00bfLa raz\u00f3n? Hace que los p\u00edxeles de la pantalla tengan menos actividad y, por ende, consume menos energ\u00eda.<\/p>\n\n\n\n<p class=\"wp-block-paragraph\"><em>Fuente: El Universal<\/em>.<\/p>\n","protected":false},"excerpt":{"rendered":"<p>El Servicio Meteorol\u00f3gico Nacional ha pronosticado temperaturas altas para los pr\u00f3ximos d\u00edas en nuestro pa\u00eds, esto de acuerdo con su reporte publicado el pasado 21 de mayo. Y tus aparatos electr\u00f3nicos tambi\u00e9n podr\u00edan resultar afectados. Aunque los cuides constantemente, dispositivos como el celular pueden sufrir un sobrecalentamiento. La buena noticia es que hay maneras para [&hellip;]<\/p>\n","protected":false},"author":6,"featured_media":60197,"comment_status":"closed","ping_status":"closed","sticky":false,"template":"","format":"standard","meta":{"_acf_changed":false,"_monsterinsights_skip_tracking":false,"slim_seo":{"title":"\u00a1Cuidado con el calor\u00f3n! As\u00ed es c\u00f3mo debes enfriar siempre tu celular de forma correcta - Opini\u00f3n P\u00fablica","description":"El Servicio Meteorol\u00f3gico Nacional ha pronosticado temperaturas altas para los pr\u00f3ximos d\u00edas en nuestro pa\u00eds, esto de acuerdo con su reporte publicado el pasado"},"footnotes":""},"categories":[22],"tags":[],"class_list":["post-60193","post","type-post","status-publish","format-standard","has-post-thumbnail","hentry","category-ciencia-y-tecnologia"],"acf":[],"_links":{"self":[{"href":"https:\/\/www.opinionpublica.tv\/portada\/wp-json\/wp\/v2\/posts\/60193","targetHints":{"allow":["GET"]}}],"collection":[{"href":"https:\/\/www.opinionpublica.tv\/portada\/wp-json\/wp\/v2\/posts"}],"about":[{"href":"https:\/\/www.opinionpublica.tv\/portada\/wp-json\/wp\/v2\/types\/post"}],"author":[{"embeddable":true,"href":"https:\/\/www.opinionpublica.tv\/portada\/wp-json\/wp\/v2\/users\/6"}],"replies":[{"embeddable":true,"href":"https:\/\/www.opinionpublica.tv\/portada\/wp-json\/wp\/v2\/comments?post=60193"}],"version-history":[{"count":5,"href":"https:\/\/www.opinionpublica.tv\/portada\/wp-json\/wp\/v2\/posts\/60193\/revisions"}],"predecessor-version":[{"id":60200,"href":"https:\/\/www.opinionpublica.tv\/portada\/wp-json\/wp\/v2\/posts\/60193\/revisions\/60200"}],"wp:featuredmedia":[{"embeddable":true,"href":"https:\/\/www.opinionpublica.tv\/portada\/wp-json\/wp\/v2\/media\/60197"}],"wp:attachment":[{"href":"https:\/\/www.opinionpublica.tv\/portada\/wp-json\/wp\/v2\/media?parent=60193"}],"wp:term":[{"taxonomy":"category","embeddable":true,"href":"https:\/\/www.opinionpublica.tv\/portada\/wp-json\/wp\/v2\/categories?post=60193"},{"taxonomy":"post_tag","embeddable":true,"href":"https:\/\/www.opinionpublica.tv\/portada\/wp-json\/wp\/v2\/tags?post=60193"}],"curies":[{"name":"wp","href":"https:\/\/api.w.org\/{rel}","templated":true}]}}