{"id":60173,"date":"2025-05-25T00:01:00","date_gmt":"2025-05-25T06:01:00","guid":{"rendered":"https:\/\/www.opinionpublica.tv\/portada\/?p=60173"},"modified":"2025-05-24T14:48:47","modified_gmt":"2025-05-24T20:48:47","slug":"salida-de-capital-golondrino-alcanza-17-mil-millones-de-dolares-en-un-ano","status":"publish","type":"post","link":"https:\/\/www.opinionpublica.tv\/portada\/salida-de-capital-golondrino-alcanza-17-mil-millones-de-dolares-en-un-ano\/","title":{"rendered":"Salida de capital golondrino alcanz\u00f3 los 17 mil millones de d\u00f3lares en un a\u00f1o"},"content":{"rendered":"\n<figure class=\"wp-block-image size-full\"><img fetchpriority=\"high\" decoding=\"async\" width=\"1006\" height=\"620\" src=\"https:\/\/www.opinionpublica.tv\/portada\/wp-content\/uploads\/2025\/05\/Salida-de-capital-golondrino-alcanzo-los-17-mil-millones-de-dolares-en-un-ano.avif\" alt=\"Salida de capital golondrino alcanzo\u0301 los 17 mil millones de do\u0301lares en un an\u0303o\" class=\"wp-image-60177\"\/><\/figure>\n\n\n\n<p class=\"wp-block-paragraph\">En un a\u00f1o de extrema volatilidad por los temores a una recesi\u00f3n global, alta inflaci\u00f3n y aranceles salieron de los mercados financieros nacionales 17 mil millones de d\u00f3lares del llamado capital golondrino.<\/p>\n\n\n\n<p class=\"wp-block-paragraph\">Se trata de la mayor desinversi\u00f3n desde la pandemia de Covid-19, cuando huyeron 63 mil millones en dos a\u00f1os y medio.<\/p>\n\n\n\n<p class=\"wp-block-paragraph\">Desde abril de 2024 extranjeros han retirado sus inversiones documentadas en valores respaldados por el gobierno federal, as\u00ed como en t\u00edtulos de empresas que cotizan en las bolsas de valores, indican datos del Banco de M\u00e9xico (Banxico).<\/p>\n\n\n\n<p class=\"wp-block-paragraph\">Esta desinversi\u00f3n significa casi el doble del aumento que registraron las reservas internacionales en el mismo periodo.<\/p>\n\n\n\n<p class=\"wp-block-paragraph\">Tan s\u00f3lo de enero a marzo de este a\u00f1o, Banxico registr\u00f3 una salida de la inversi\u00f3n de cartera por 541 millones de d\u00f3lares y fue el cuarto trimestre de manera consecutiva.<\/p>\n\n\n\n<p class=\"wp-block-paragraph\">Sin embargo, para la directora de An\u00e1lisis Econ\u00f3mico y Financiero de Banco Base, Gabriela Siller, es inusual el retiro de capitales al inicio de cada a\u00f1o.<\/p>\n\n\n\n<p class=\"wp-block-paragraph\">\u201cEsto no ocurr\u00eda desde 2021 y 2022; antes de esos a\u00f1os, desde 2009 no sal\u00edan capitales en el primer trimestre\u201d, dijo.<\/p>\n\n\n\n<p class=\"wp-block-paragraph\">Banxico puso de manifiesto que, en el arranque de 2025, los mercados financieros internacionales, especialmente en Estados Unidos, exhibieron ganancias en las plazas burs\u00e1tiles junto con una apreciaci\u00f3n del d\u00f3lar, y al tiempo aumentaron los rendimientos de largo plazo.<\/p>\n\n\n\n<p class=\"wp-block-paragraph\">El golpe de los aranceles<\/p>\n\n\n\n<p class=\"wp-block-paragraph\">No obstante, a finales de febrero, se\u00f1al\u00f3 la autoridad monetaria, se revirti\u00f3 esa tendencia.<\/p>\n\n\n\n<p class=\"wp-block-paragraph\">El deterioro en el desempe\u00f1o de los mercados financieros, explic\u00f3, se dio ante diversos anuncios y la posterior imposici\u00f3n de aranceles m\u00e1s generalizados por parte del gobierno estadounidense.<\/p>\n\n\n\n<p class=\"wp-block-paragraph\">Frente a ese entorno, Banxico destac\u00f3 que la econom\u00eda mexicana sigui\u00f3 captando recursos financieros fundamentalmente por concepto de inversi\u00f3n directa, que se realiza en activos tangibles, como maquinaria y equipo, pues tiene como prop\u00f3sito crear un inter\u00e9s duradero con fines econ\u00f3micos o empresariales. En cambio, la de cartera se lleva a cabo en activos financieros, por lo que es f\u00e1cil que se vaya del pa\u00eds.<\/p>\n\n\n\n<p class=\"wp-block-paragraph\">BBVA M\u00e9xico destac\u00f3 que la inversi\u00f3n directa fue de 19 mil 807 millones de d\u00f3lares entre enero y marzo, por lo que al parecer contin\u00faan los beneficios de la integraci\u00f3n a las cadenas globales de valor, a pesar de la incertidumbre sobre la pol\u00edtica comercial de Estados Unidos.<\/p>\n\n\n\n<p class=\"wp-block-paragraph\">El director general de Vanguard Am\u00e9rica Latina, Juan Hern\u00e1ndez, afirm\u00f3 que M\u00e9xico hoy por mucho se ve m\u00e1s atractivo en la regi\u00f3n.<\/p>\n\n\n\n<p class=\"wp-block-paragraph\">Pero destac\u00f3 que 70% de la industria invierte en fondos de renta fija de corto plazo, algo que consider\u00f3 bueno por el efecto de la tasa real alta. Sin embargo, en inversiones para los pr\u00f3ximos 10 a 20 a\u00f1os, la tasa de corto plazo no \u201cte va a servir\u201d, porque si est\u00e1 en niveles, por ejemplo, de 10%, en tres a\u00f1os baja 4%.<\/p>\n\n\n\n<p class=\"wp-block-paragraph\">Dentro de ese contexto, consider\u00f3 ver c\u00f3mo canalizar ese ahorro en portafolios m\u00e1s sofisticados.<\/p>\n\n\n\n<p class=\"wp-block-paragraph\">Para UBS, la liquidez, diversificaci\u00f3n y protecci\u00f3n ante escenarios extremos siguen siendo las prioridades para los inversionistas en Am\u00e9rica Latina en medio de un entorno global incierto.<\/p>\n\n\n\n<p class=\"wp-block-paragraph\">El analista de mercados para ATFX Latinoam\u00e9rica, Felipe Mendoza, afirm\u00f3 que durante el primer trimestre del presente ejercicio se not\u00f3 una moderaci\u00f3n en los flujos externos.<\/p>\n\n\n\n<p class=\"wp-block-paragraph\">Esto se puede verificar en el comportamiento de la balanza de pagos, cuyo d\u00e9ficit de cuenta corriente con relaci\u00f3n al Producto Interno Bruto (PIB) pas\u00f3 de representar de 2.9% a 1.8%.<\/p>\n\n\n\n<p class=\"wp-block-paragraph\">Cae demanda de d\u00f3lares<\/p>\n\n\n\n<p class=\"wp-block-paragraph\">La cuenta corriente mide las compras de mercanc\u00edas y servicios de M\u00e9xico con el exterior, menos las ventas, en otras palabras, registra la demanda de d\u00f3lares.<\/p>\n\n\n\n<p class=\"wp-block-paragraph\">Mendoza se\u00f1al\u00f3 que este saldo negativo se encuentra dentro de los m\u00e1rgenes saludables, ya que refleja la capacidad del pa\u00eds para financiar su econom\u00eda.<\/p>\n\n\n\n<p class=\"wp-block-paragraph\">De acuerdo con Banxico, la cuenta corriente registr\u00f3 un d\u00e9ficit de 7 mil 613 millones de d\u00f3lares entre enero y marzo, menor que el saldo negativo de 22 mil 207 millones de igual periodo de 2024.<\/p>\n\n\n\n<p class=\"wp-block-paragraph\">Los flujos de capital respondieron a la expansi\u00f3n m\u00e1s moderada de la actividad econ\u00f3mica global, tras haber mostrado un ritmo de crecimiento s\u00f3lido a lo largo de 2024.<\/p>\n\n\n\n<p class=\"wp-block-paragraph\">Esto, debido a que la actividad econ\u00f3mica en Estados Unidos se contrajo durante el primer trimestre del a\u00f1o, como reflejo de una contribuci\u00f3n negativa de sus exportaciones netas y de una desaceleraci\u00f3n del consumo privado, enfatiz\u00f3 el instituto central.<\/p>\n\n\n\n<p class=\"wp-block-paragraph\"><em>Con informaci\u00f3n de El Universal<\/em>.<\/p>\n","protected":false},"excerpt":{"rendered":"<p>En un a\u00f1o de extrema volatilidad por los temores a una recesi\u00f3n global, alta inflaci\u00f3n y aranceles salieron de los mercados financieros nacionales 17 mil millones de d\u00f3lares del llamado capital golondrino. Se trata de la mayor desinversi\u00f3n desde la pandemia de Covid-19, cuando huyeron 63 mil millones en dos a\u00f1os y medio. Desde abril [&hellip;]<\/p>\n","protected":false},"author":6,"featured_media":60177,"comment_status":"closed","ping_status":"closed","sticky":false,"template":"","format":"standard","meta":{"_acf_changed":false,"_monsterinsights_skip_tracking":false,"slim_seo":{"title":"Salida de capital golondrino alcanz\u00f3 los 17 mil millones de d\u00f3lares en un a\u00f1o - Opini\u00f3n P\u00fablica","description":"En un a\u00f1o de extrema volatilidad por los temores a una recesi\u00f3n global, alta inflaci\u00f3n y aranceles salieron de los mercados financieros nacionales 17 mil millon"},"footnotes":""},"categories":[3],"tags":[],"class_list":["post-60173","post","type-post","status-publish","format-standard","has-post-thumbnail","hentry","category-principal"],"acf":[],"_links":{"self":[{"href":"https:\/\/www.opinionpublica.tv\/portada\/wp-json\/wp\/v2\/posts\/60173","targetHints":{"allow":["GET"]}}],"collection":[{"href":"https:\/\/www.opinionpublica.tv\/portada\/wp-json\/wp\/v2\/posts"}],"about":[{"href":"https:\/\/www.opinionpublica.tv\/portada\/wp-json\/wp\/v2\/types\/post"}],"author":[{"embeddable":true,"href":"https:\/\/www.opinionpublica.tv\/portada\/wp-json\/wp\/v2\/users\/6"}],"replies":[{"embeddable":true,"href":"https:\/\/www.opinionpublica.tv\/portada\/wp-json\/wp\/v2\/comments?post=60173"}],"version-history":[{"count":3,"href":"https:\/\/www.opinionpublica.tv\/portada\/wp-json\/wp\/v2\/posts\/60173\/revisions"}],"predecessor-version":[{"id":60178,"href":"https:\/\/www.opinionpublica.tv\/portada\/wp-json\/wp\/v2\/posts\/60173\/revisions\/60178"}],"wp:featuredmedia":[{"embeddable":true,"href":"https:\/\/www.opinionpublica.tv\/portada\/wp-json\/wp\/v2\/media\/60177"}],"wp:attachment":[{"href":"https:\/\/www.opinionpublica.tv\/portada\/wp-json\/wp\/v2\/media?parent=60173"}],"wp:term":[{"taxonomy":"category","embeddable":true,"href":"https:\/\/www.opinionpublica.tv\/portada\/wp-json\/wp\/v2\/categories?post=60173"},{"taxonomy":"post_tag","embeddable":true,"href":"https:\/\/www.opinionpublica.tv\/portada\/wp-json\/wp\/v2\/tags?post=60173"}],"curies":[{"name":"wp","href":"https:\/\/api.w.org\/{rel}","templated":true}]}}