{"id":60168,"date":"2025-05-25T00:01:00","date_gmt":"2025-05-25T06:01:00","guid":{"rendered":"https:\/\/www.opinionpublica.tv\/portada\/?p=60168"},"modified":"2025-05-24T14:43:48","modified_gmt":"2025-05-24T20:43:48","slug":"no-queremos-que-haya-impuestos-a-las-remesas-advierte-presidenta-sheinbaum","status":"publish","type":"post","link":"https:\/\/www.opinionpublica.tv\/portada\/no-queremos-que-haya-impuestos-a-las-remesas-advierte-presidenta-sheinbaum\/","title":{"rendered":"\u00abNo queremos que haya impuestos a las remesas\u00bb: presidenta Sheinbaum"},"content":{"rendered":"\n<figure class=\"wp-block-image size-full\"><img fetchpriority=\"high\" decoding=\"async\" width=\"1100\" height=\"666\" src=\"https:\/\/www.opinionpublica.tv\/portada\/wp-content\/uploads\/2025\/05\/22No-queremos-que-haya-impuestos-a-las-remesas22-presidenta-Sheinbaum.avif\" alt=\"%22no queremos que haya impuestos a las remesas%22 presidenta sheinbaum\" class=\"wp-image-60171\"\/><\/figure>\n\n\n\n<p class=\"wp-block-paragraph\"><em>Villa Hidalgo, SLP<\/em>.- La presidenta Claudia Sheinbaum advirti\u00f3 que de ser necesario impulsar\u00e1 movilizaciones con el objetivo de evitar que se impongan impuestos a las remesas que env\u00edan migrantes mexicanos desde Estados Unidos.<\/p>\n\n\n\n<p class=\"wp-block-paragraph\">Al encabezar la supervisi\u00f3n de proyectos prioritarios en San Luis Potos\u00ed, la Mandataria federal se\u00f1al\u00f3 que en el pa\u00eds vecino hay \u00abmucha discriminaci\u00f3n\u00bb y que es injusto aplicar un impuesto a las remesas que env\u00edan los migrantes, pues indic\u00f3 que estos trabajan duro y pagan sus impuestos.<\/p>\n\n\n\n<p class=\"wp-block-paragraph\">Record\u00f3 que hace unos d\u00edas hizo el llamado para que los paisanos enviaran cartas, correos electr\u00f3nicos y mensajes en redes sociales a los senadores estadounidenses para evitar que aprueben la propuesta de imponer un impuesto del 3.5% a las remesas que env\u00eden extranjeros.<\/p>\n\n\n\n<p class=\"wp-block-paragraph\">\u00abPas\u00f3 una iniciativa en el Congreso de Estados Unidos en donde le quieren imponer un impuesto a las remesas, a lo que mandan nuestros paisanos y paisanas en Estados Unidos y nosotros dijimos claramente que no estamos de acuerdo con eso, porque nuestros hermanos que est\u00e1n all\u00e1 trabajan duro y pagan sus impuestos, y es injusto que adem\u00e1s haya un impuesto por el dinero que le mandan a su familia. Eso no debe ser as\u00ed.<\/p>\n\n\n\n<p class=\"wp-block-paragraph\">\u00abHicimos un llamado para que nuestros paisanos que est\u00e1n all\u00e1 le enviaran cartas, correos electr\u00f3nicos en sus redes sociales a los senadores para que le digan que no estamos de acuerdo con eso y vamos seguir informando, porque de ser necesario nos vamos a movilizar porque no queremos que haya impuestos a las remesas de nuestros paisanos de Estados Unidos a M\u00e9xico\u00bb.<\/p>\n\n\n\n<p class=\"wp-block-paragraph\">Acompa\u00f1ada por el gobernador Ricardo Gallardo Cardona, la jefa del Ejecutivo federal destac\u00f3 que en la Uni\u00f3n Americana viven casi 40 millones de personas de origen mexicanos , quienes, afirm\u00f3, no solo sostienen la econom\u00eda de M\u00e9xico sino tambi\u00e9n de ese pa\u00eds.<\/p>\n\n\n\n<p class=\"wp-block-paragraph\">En este sentido, se\u00f1al\u00f3 que Estados Unidos no es lo que es si no fuera por las y los migrantes mexicanos.<\/p>\n\n\n\n<p class=\"wp-block-paragraph\">\u00abHay mucha discriminaci\u00f3n y nosotros desde aqu\u00ed les decimos que para nosotros tambi\u00e9n son h\u00e9roes y hero\u00ednas de la patria, porque se fueron all\u00e1 y siguen ayudando a nuestro pa\u00eds, pero adem\u00e1s no solo sostiene la econom\u00eda de M\u00e9xico, sino tambi\u00e9n sostiene la econom\u00eda de los Estados Unidos.<\/p>\n\n\n\n<p class=\"wp-block-paragraph\">Qu\u00e9 se oiga bien y que se oiga fuerte: Estados Unidos no es lo que es, si no fuera por las y los mexicanos que trabajan del otro lado de la frontera\u00bb, dijo. (El Universal)<\/p>\n","protected":false},"excerpt":{"rendered":"<p>Villa Hidalgo, SLP.- La presidenta Claudia Sheinbaum advirti\u00f3 que de ser necesario impulsar\u00e1 movilizaciones con el objetivo de evitar que se impongan impuestos a las remesas que env\u00edan migrantes mexicanos desde Estados Unidos. Al encabezar la supervisi\u00f3n de proyectos prioritarios en San Luis Potos\u00ed, la Mandataria federal se\u00f1al\u00f3 que en el pa\u00eds vecino hay \u00abmucha [&hellip;]<\/p>\n","protected":false},"author":6,"featured_media":60171,"comment_status":"closed","ping_status":"closed","sticky":false,"template":"","format":"standard","meta":{"_acf_changed":false,"_monsterinsights_skip_tracking":false,"slim_seo":{"title":"\"No queremos que haya impuestos a las remesas\": presidenta Sheinbaum - Opini\u00f3n P\u00fablica","description":"Villa Hidalgo, SLP .- La presidenta Claudia Sheinbaum advirti\u00f3 que de ser necesario impulsar\u00e1 movilizaciones con el objetivo de evitar que se impongan impuestos"},"footnotes":""},"categories":[4],"tags":[],"class_list":["post-60168","post","type-post","status-publish","format-standard","has-post-thumbnail","hentry","category-pulsopolitico"],"acf":[],"_links":{"self":[{"href":"https:\/\/www.opinionpublica.tv\/portada\/wp-json\/wp\/v2\/posts\/60168","targetHints":{"allow":["GET"]}}],"collection":[{"href":"https:\/\/www.opinionpublica.tv\/portada\/wp-json\/wp\/v2\/posts"}],"about":[{"href":"https:\/\/www.opinionpublica.tv\/portada\/wp-json\/wp\/v2\/types\/post"}],"author":[{"embeddable":true,"href":"https:\/\/www.opinionpublica.tv\/portada\/wp-json\/wp\/v2\/users\/6"}],"replies":[{"embeddable":true,"href":"https:\/\/www.opinionpublica.tv\/portada\/wp-json\/wp\/v2\/comments?post=60168"}],"version-history":[{"count":2,"href":"https:\/\/www.opinionpublica.tv\/portada\/wp-json\/wp\/v2\/posts\/60168\/revisions"}],"predecessor-version":[{"id":60172,"href":"https:\/\/www.opinionpublica.tv\/portada\/wp-json\/wp\/v2\/posts\/60168\/revisions\/60172"}],"wp:featuredmedia":[{"embeddable":true,"href":"https:\/\/www.opinionpublica.tv\/portada\/wp-json\/wp\/v2\/media\/60171"}],"wp:attachment":[{"href":"https:\/\/www.opinionpublica.tv\/portada\/wp-json\/wp\/v2\/media?parent=60168"}],"wp:term":[{"taxonomy":"category","embeddable":true,"href":"https:\/\/www.opinionpublica.tv\/portada\/wp-json\/wp\/v2\/categories?post=60168"},{"taxonomy":"post_tag","embeddable":true,"href":"https:\/\/www.opinionpublica.tv\/portada\/wp-json\/wp\/v2\/tags?post=60168"}],"curies":[{"name":"wp","href":"https:\/\/api.w.org\/{rel}","templated":true}]}}