{"id":60162,"date":"2025-05-25T00:01:00","date_gmt":"2025-05-25T06:01:00","guid":{"rendered":"https:\/\/www.opinionpublica.tv\/portada\/?p=60162"},"modified":"2025-05-24T14:37:36","modified_gmt":"2025-05-24T20:37:36","slug":"la-transicion-de-jose-mujica","status":"publish","type":"post","link":"https:\/\/www.opinionpublica.tv\/portada\/la-transicion-de-jose-mujica\/","title":{"rendered":"La transici\u00f3n de Jos\u00e9 Mujica"},"content":{"rendered":"\n<h4 class=\"wp-block-heading\">Jos\u00e9 Woldenberg<\/h4>\n\n\n\n<p class=\"wp-block-paragraph\">___________________________<\/p>\n\n\n\n<p class=\"wp-block-paragraph\"><em>Mujica encarn\u00f3 una izquierda en las ant\u00edpodas de aquella que hoy se encuentra en el poder en Cuba, Nicaragua o Venezuela<\/em>.<\/p>\n\n\n\n<p class=\"wp-block-paragraph\">Jos\u00e9 Mujica fue el l\u00edder militar de la columna 10 del Movimiento de Liberaci\u00f3n Nacional-Tupamaros. \u201cHab\u00eda entrado con sus compa\u00f1eros de armas al bar La V\u00eda despu\u00e9s de preparar, en una casa segura, el robo a la mansi\u00f3n de una acaudalada y tradicional familia de empresarios uruguayos, un golpe que dar\u00eda a la guerrilla fondos para seguir operando\u2026\u201d. Ah\u00ed, en el bar, una patrulla les pidi\u00f3 sus documentos.<\/p>\n\n\n\n<p class=\"wp-block-paragraph\">\u201cQuiso escapar. Los polic\u00edas lo redujeron\u201d. \u201cEn el piso, desarmado, lo acribillaron\u201d. \u201cTrasladado al hospital Militar, fue operado de emergencia\u201d. \u201cFue a dar a la c\u00e1rcel\u201d. \u201cEn 1971 protagoniz\u00f3, junto con otros ciento diez presos, la mayor\u00eda miembros de la guerrilla, una espectacular fuga del penal donde estaba recluido en Montevideo\u201d. (Mauricio Rabuffetti. Jos\u00e9 Mujica. La revoluci\u00f3n tranquila. Aguilar. Montevideo. 2014).<\/p>\n\n\n\n<p class=\"wp-block-paragraph\">Fue recapturado en 1972, en 1973 se produjo el golpe de Estado que cancel\u00f3 la vida democr\u00e1tica en Uruguay, instaurando una dictadura que durar\u00eda 13 a\u00f1os, mismos que Mujica pas\u00f3 en la c\u00e1rcel. \u00bfCu\u00e1nto influy\u00f3 la guerrilla y la espiral de violencia en ese desenlace? Si alguien estuviera interesado existe el libro de Julio Mar\u00eda Sanguinetti, La agon\u00eda de una democracia. Santillana. Uruguay. 2008).<\/p>\n\n\n\n<p class=\"wp-block-paragraph\">Mucho se ha escrito en estos d\u00edas sobre Jos\u00e9 Mujica y no pod\u00eda ni deb\u00eda ser de otra manera. Aquel guerrillero lleg\u00f3 a ser presidente de Uruguay de 2010 a 2015. Fue adem\u00e1s senador, ministro de Ganader\u00eda, Agricultura y Pesca, una vez restablecida la democracia, y su figura rebas\u00f3, y por mucho, las fronteras de Uruguay. Se austeridad, inteligencia, bonhom\u00eda, su capacidad para escuchar, para explicar en forma sencilla (que no simple) sus pol\u00edticas lo convirtieron en un \u00edcono internacional, una figura digna de ser imitada (aunque esto \u00faltimo resulte imposible).<\/p>\n\n\n\n<p class=\"wp-block-paragraph\">Pero m\u00e1s all\u00e1 de eso, creo que lo m\u00e1s relevante, lo que es necesario subrayar. fue su transformaci\u00f3n pol\u00edtica. Su paso de los c\u00f3digos de la lucha armada al compromiso democr\u00e1tico.<\/p>\n\n\n\n<p class=\"wp-block-paragraph\">Rabuffetti afirma: \u201cLa libertad para el Mujica posterior a la etapa guerrillera, va antes que cualquier otra cosa\u2026\u201d. Y reproduce los dichos del historiador Gerardo Caetano: \u201cun hombre m\u00faltiple o un magma ideol\u00f3gico, producto de la fusi\u00f3n de valores esenciales a la identidad uruguaya\u2026 Alguien que no puede ser libre aceptando la desigualdad, pero tampoco puede imponer la igualdad suprimiendo la libertad.<\/p>\n\n\n\n<p class=\"wp-block-paragraph\">Y esa es una tensi\u00f3n que se resuelve por pacto. Y es el descubrimiento m\u00e1s tard\u00edo de Mujica. En los sesenta cre\u00eda que esto se resolv\u00eda imponiendo, por la v\u00eda de la revoluci\u00f3n armada y hoy advierte las claves de la democracia. Entre ellas la tensi\u00f3n entre libertad e igualdad, y se da cuenta que el gran instrumento para tramitar (resolver) esa tensi\u00f3n entre libertad e igualdad es la solidaridad\u201d. (Rabuffetti. Op.cit.).<\/p>\n\n\n\n<p class=\"wp-block-paragraph\">Quiz\u00e1 sobra decir que en Uruguay muchos vieron con reserva y a\u00fan miedo el arribo de Mujica a la presidencia. Su pasado gravitaba en su contra. Pero en el primer discurso como presidente intent\u00f3 despejar dudas. Dijo: \u201cpondremos todo nuestro empe\u00f1o en cumplir los mandatos constitucionales, en cumplir los que aluden a las formas de organizaci\u00f3n pol\u00edtica del pa\u00eds\u2026\u201d. (Ibid.).<\/p>\n\n\n\n<p class=\"wp-block-paragraph\">Mujica encarn\u00f3 una izquierda en las ant\u00edpodas de aquella que hoy se encuentra en el poder en Cuba, Nicaragua o Venezuela. Supo que quien a nombre de la igualdad sacrifica la libertad, acaba por edificar dictaduras. Y su af\u00e1n fue construir un pa\u00eds en el cual florecieran la igualdad y la libertad. Tarea tit\u00e1nica.<\/p>\n\n\n\n<p class=\"wp-block-paragraph\"><em>En solidaridad con\u00a0<strong>H\u00e9ctor de Maule\u00f3n<\/strong><\/em>.<\/p>\n","protected":false},"excerpt":{"rendered":"<p>Jos\u00e9 Woldenberg ___________________________ Mujica encarn\u00f3 una izquierda en las ant\u00edpodas de aquella que hoy se encuentra en el poder en Cuba, Nicaragua o Venezuela. Jos\u00e9 Mujica fue el l\u00edder militar de la columna 10 del Movimiento de Liberaci\u00f3n Nacional-Tupamaros. \u201cHab\u00eda entrado con sus compa\u00f1eros de armas al bar La V\u00eda despu\u00e9s de preparar, en una [&hellip;]<\/p>\n","protected":false},"author":6,"featured_media":43694,"comment_status":"closed","ping_status":"closed","sticky":false,"template":"","format":"standard","meta":{"_acf_changed":false,"_monsterinsights_skip_tracking":false,"slim_seo":{"title":"La transici\u00f3n de Jos\u00e9 Mujica - Opini\u00f3n P\u00fablica","description":"Jos\u00e9 Woldenberg ___________________________ Mujica encarn\u00f3 una izquierda en las ant\u00edpodas de aquella que hoy se encuentra en el poder en Cuba, Nicaragua o Venez"},"footnotes":""},"categories":[26],"tags":[782],"class_list":["post-60162","post","type-post","status-publish","format-standard","has-post-thumbnail","hentry","category-de-chile-dulce-y-manteca-columna-invitada","tag-jose-woldenberg"],"acf":[],"_links":{"self":[{"href":"https:\/\/www.opinionpublica.tv\/portada\/wp-json\/wp\/v2\/posts\/60162","targetHints":{"allow":["GET"]}}],"collection":[{"href":"https:\/\/www.opinionpublica.tv\/portada\/wp-json\/wp\/v2\/posts"}],"about":[{"href":"https:\/\/www.opinionpublica.tv\/portada\/wp-json\/wp\/v2\/types\/post"}],"author":[{"embeddable":true,"href":"https:\/\/www.opinionpublica.tv\/portada\/wp-json\/wp\/v2\/users\/6"}],"replies":[{"embeddable":true,"href":"https:\/\/www.opinionpublica.tv\/portada\/wp-json\/wp\/v2\/comments?post=60162"}],"version-history":[{"count":4,"href":"https:\/\/www.opinionpublica.tv\/portada\/wp-json\/wp\/v2\/posts\/60162\/revisions"}],"predecessor-version":[{"id":60167,"href":"https:\/\/www.opinionpublica.tv\/portada\/wp-json\/wp\/v2\/posts\/60162\/revisions\/60167"}],"wp:featuredmedia":[{"embeddable":true,"href":"https:\/\/www.opinionpublica.tv\/portada\/wp-json\/wp\/v2\/media\/43694"}],"wp:attachment":[{"href":"https:\/\/www.opinionpublica.tv\/portada\/wp-json\/wp\/v2\/media?parent=60162"}],"wp:term":[{"taxonomy":"category","embeddable":true,"href":"https:\/\/www.opinionpublica.tv\/portada\/wp-json\/wp\/v2\/categories?post=60162"},{"taxonomy":"post_tag","embeddable":true,"href":"https:\/\/www.opinionpublica.tv\/portada\/wp-json\/wp\/v2\/tags?post=60162"}],"curies":[{"name":"wp","href":"https:\/\/api.w.org\/{rel}","templated":true}]}}