{"id":60040,"date":"2025-05-23T00:01:00","date_gmt":"2025-05-23T06:01:00","guid":{"rendered":"https:\/\/www.opinionpublica.tv\/portada\/?p=60040"},"modified":"2025-05-22T19:57:50","modified_gmt":"2025-05-23T01:57:50","slug":"embajada-de-eu-en-mexico-senala-areas-de-la-frontera-de-la-defensa-nacional","status":"publish","type":"post","link":"https:\/\/www.opinionpublica.tv\/portada\/embajada-de-eu-en-mexico-senala-areas-de-la-frontera-de-la-defensa-nacional\/","title":{"rendered":"Embajada de EU en M\u00e9xico se\u00f1ala \u00e1reas de su frontera &#8216;son de la defensa nacional\u2019"},"content":{"rendered":"\n<figure class=\"wp-block-image size-full\"><img fetchpriority=\"high\" decoding=\"async\" width=\"1100\" height=\"666\" src=\"https:\/\/www.opinionpublica.tv\/portada\/wp-content\/uploads\/2025\/05\/Embajada-de-EU-en-Mexico-senala-areas-de-su-frontera-son-de-la-defensa-nacional.avif\" alt=\"Embajada de eu en me\u0301xico sen\u0303ala a\u0301reas de su frontera 'son de la defensa nacional\u2019\" class=\"wp-image-60046\"\/><\/figure>\n\n\n\n<p class=\"wp-block-paragraph\"><em>Ciudad de M\u00e9xico<\/em>.- La Embajada de Estados Unidos en M\u00e9xico, encabezada por Ronald Johnson, emiti\u00f3 una advertencia sobre la designaci\u00f3n de \u00e1reas de defensa nacional en la frontera sur de ese pa\u00eds.<\/p>\n\n\n\n<p class=\"wp-block-paragraph\">El mensaje se\u00f1ala que ciertas \u00e1reas de la frontera sur de Estados Unidos han sido designadas como zonas de defensa nacional.<\/p>\n\n\n\n<p class=\"wp-block-paragraph\">Dichos lugares, de acuerdo con la embajada, se consideran extensiones de bases militares de Estados Unidos, por lo que cualquier persona no autorizada que ingrese en estas zonas ser\u00e1 objeto de multa, arresto, enjuiciamiento y encarcelamiento.<\/p>\n\n\n\n<p class=\"wp-block-paragraph\">\u00abNO ENTRES. Arriesgas tu libertad en un viaje destinado al fracaso\u00bb, acota el mensaje. (El Universal)<\/p>\n","protected":false},"excerpt":{"rendered":"<p>Ciudad de M\u00e9xico.- La Embajada de Estados Unidos en M\u00e9xico, encabezada por Ronald Johnson, emiti\u00f3 una advertencia sobre la designaci\u00f3n de \u00e1reas de defensa nacional en la frontera sur de ese pa\u00eds. El mensaje se\u00f1ala que ciertas \u00e1reas de la frontera sur de Estados Unidos han sido designadas como zonas de defensa nacional. Dichos lugares, [&hellip;]<\/p>\n","protected":false},"author":6,"featured_media":60046,"comment_status":"closed","ping_status":"closed","sticky":false,"template":"","format":"standard","meta":{"_acf_changed":false,"_monsterinsights_skip_tracking":false,"slim_seo":{"title":"Embajada de EU en M\u00e9xico se\u00f1ala \u00e1reas de su frontera 'son de la defensa nacional\u2019 - Opini\u00f3n P\u00fablica","description":"Ciudad de M\u00e9xico .- La Embajada de Estados Unidos en M\u00e9xico, encabezada por Ronald Johnson, emiti\u00f3 una advertencia sobre la designaci\u00f3n de \u00e1reas de defensa naci"},"footnotes":""},"categories":[4],"tags":[],"class_list":["post-60040","post","type-post","status-publish","format-standard","has-post-thumbnail","hentry","category-pulsopolitico"],"acf":[],"_links":{"self":[{"href":"https:\/\/www.opinionpublica.tv\/portada\/wp-json\/wp\/v2\/posts\/60040","targetHints":{"allow":["GET"]}}],"collection":[{"href":"https:\/\/www.opinionpublica.tv\/portada\/wp-json\/wp\/v2\/posts"}],"about":[{"href":"https:\/\/www.opinionpublica.tv\/portada\/wp-json\/wp\/v2\/types\/post"}],"author":[{"embeddable":true,"href":"https:\/\/www.opinionpublica.tv\/portada\/wp-json\/wp\/v2\/users\/6"}],"replies":[{"embeddable":true,"href":"https:\/\/www.opinionpublica.tv\/portada\/wp-json\/wp\/v2\/comments?post=60040"}],"version-history":[{"count":5,"href":"https:\/\/www.opinionpublica.tv\/portada\/wp-json\/wp\/v2\/posts\/60040\/revisions"}],"predecessor-version":[{"id":60047,"href":"https:\/\/www.opinionpublica.tv\/portada\/wp-json\/wp\/v2\/posts\/60040\/revisions\/60047"}],"wp:featuredmedia":[{"embeddable":true,"href":"https:\/\/www.opinionpublica.tv\/portada\/wp-json\/wp\/v2\/media\/60046"}],"wp:attachment":[{"href":"https:\/\/www.opinionpublica.tv\/portada\/wp-json\/wp\/v2\/media?parent=60040"}],"wp:term":[{"taxonomy":"category","embeddable":true,"href":"https:\/\/www.opinionpublica.tv\/portada\/wp-json\/wp\/v2\/categories?post=60040"},{"taxonomy":"post_tag","embeddable":true,"href":"https:\/\/www.opinionpublica.tv\/portada\/wp-json\/wp\/v2\/tags?post=60040"}],"curies":[{"name":"wp","href":"https:\/\/api.w.org\/{rel}","templated":true}]}}