{"id":60028,"date":"2025-05-23T00:01:00","date_gmt":"2025-05-23T06:01:00","guid":{"rendered":"https:\/\/www.opinionpublica.tv\/portada\/?p=60028"},"modified":"2025-05-22T18:30:31","modified_gmt":"2025-05-23T00:30:31","slug":"karate-kid-legends-trailer-oficial-estreno-sony-pictures","status":"publish","type":"post","link":"https:\/\/www.opinionpublica.tv\/portada\/karate-kid-legends-trailer-oficial-estreno-sony-pictures\/","title":{"rendered":"Video: Karate Kid: Legends | Tr\u00e1iler oficial | Estreno Sony Pictures"},"content":{"rendered":"\n<figure class=\"wp-block-embed is-type-video is-provider-youtube wp-block-embed-youtube wp-embed-aspect-16-9 wp-has-aspect-ratio\"><div class=\"wp-block-embed__wrapper\">\n<iframe title=\"KARATE KID: LEGENDS - New Trailer (HD)\" width=\"800\" height=\"450\" src=\"https:\/\/www.youtube.com\/embed\/LhRXf-yEQqA?feature=oembed\" frameborder=\"0\" allow=\"accelerometer; autoplay; clipboard-write; encrypted-media; gyroscope; picture-in-picture; web-share\" referrerpolicy=\"strict-origin-when-cross-origin\" allowfullscreen><\/iframe>\n<\/div><\/figure>\n\n\n\n<pre id=\"tw-target-text\" class=\"wp-block-preformatted\">Recuerda por qu\u00e9 luchas.<br><br>Jackie Chan, Ben Wang y Ralph Macchio protagonizan Karate Kid: Leyendas, estreno exclusivo ya en cines.<\/pre>\n","protected":false},"excerpt":{"rendered":"<p>Recuerda por qu\u00e9 luchas.Jackie Chan, Ben Wang y Ralph Macchio protagonizan Karate Kid: Leyendas, estreno exclusivo ya en cines.<\/p>\n","protected":false},"author":6,"featured_media":60031,"comment_status":"closed","ping_status":"closed","sticky":false,"template":"","format":"standard","meta":{"_acf_changed":false,"_monsterinsights_skip_tracking":false,"slim_seo":{"title":"Video: Karate Kid: Legends | Tr\u00e1iler oficial | Estreno Sony Pictures - Opini\u00f3n P\u00fablica","description":"https:\/\/youtu.be\/LhRXf-yEQqA?si=cGUR9Xj29tJRRiyl"},"footnotes":""},"categories":[13,2,8],"tags":[],"class_list":["post-60028","post","type-post","status-publish","format-standard","has-post-thumbnail","hentry","category-videos-destacados-contenido","category-videos-destacados","category-videos"],"acf":[],"_links":{"self":[{"href":"https:\/\/www.opinionpublica.tv\/portada\/wp-json\/wp\/v2\/posts\/60028","targetHints":{"allow":["GET"]}}],"collection":[{"href":"https:\/\/www.opinionpublica.tv\/portada\/wp-json\/wp\/v2\/posts"}],"about":[{"href":"https:\/\/www.opinionpublica.tv\/portada\/wp-json\/wp\/v2\/types\/post"}],"author":[{"embeddable":true,"href":"https:\/\/www.opinionpublica.tv\/portada\/wp-json\/wp\/v2\/users\/6"}],"replies":[{"embeddable":true,"href":"https:\/\/www.opinionpublica.tv\/portada\/wp-json\/wp\/v2\/comments?post=60028"}],"version-history":[{"count":2,"href":"https:\/\/www.opinionpublica.tv\/portada\/wp-json\/wp\/v2\/posts\/60028\/revisions"}],"predecessor-version":[{"id":60030,"href":"https:\/\/www.opinionpublica.tv\/portada\/wp-json\/wp\/v2\/posts\/60028\/revisions\/60030"}],"wp:featuredmedia":[{"embeddable":true,"href":"https:\/\/www.opinionpublica.tv\/portada\/wp-json\/wp\/v2\/media\/60031"}],"wp:attachment":[{"href":"https:\/\/www.opinionpublica.tv\/portada\/wp-json\/wp\/v2\/media?parent=60028"}],"wp:term":[{"taxonomy":"category","embeddable":true,"href":"https:\/\/www.opinionpublica.tv\/portada\/wp-json\/wp\/v2\/categories?post=60028"},{"taxonomy":"post_tag","embeddable":true,"href":"https:\/\/www.opinionpublica.tv\/portada\/wp-json\/wp\/v2\/tags?post=60028"}],"curies":[{"name":"wp","href":"https:\/\/api.w.org\/{rel}","templated":true}]}}