{"id":59557,"date":"2025-05-18T00:01:00","date_gmt":"2025-05-18T06:01:00","guid":{"rendered":"https:\/\/www.opinionpublica.tv\/portada\/?p=59557"},"modified":"2025-05-17T16:53:05","modified_gmt":"2025-05-17T22:53:05","slug":"entregan-26-distintivos-de-calidad-turistica-para-el-pueblo-magico-de-creel","status":"publish","type":"post","link":"https:\/\/www.opinionpublica.tv\/portada\/entregan-26-distintivos-de-calidad-turistica-para-el-pueblo-magico-de-creel\/","title":{"rendered":"Entregan 26 \u00abDistintivos de Calidad Tur\u00edstica\u00bb para el Pueblo M\u00e1gico de Creel"},"content":{"rendered":"\n<figure class=\"wp-block-image size-large\"><img fetchpriority=\"high\" decoding=\"async\" width=\"1024\" height=\"685\" src=\"https:\/\/www.opinionpublica.tv\/portada\/wp-content\/uploads\/2025\/05\/Entregan-26-22Distintivos-de-Calidad-Turistica22-para-el-Pueblo-Magico-de-Creel-1024x685.jpeg\" alt=\"Entregan 26 %22distintivos de calidad turi\u0301stica%22 para el pueblo ma\u0301gico de creel\" class=\"wp-image-59560\" srcset=\"https:\/\/www.opinionpublica.tv\/portada\/wp-content\/uploads\/2025\/05\/Entregan-26-22Distintivos-de-Calidad-Turistica22-para-el-Pueblo-Magico-de-Creel-1024x685.jpeg 1024w, https:\/\/www.opinionpublica.tv\/portada\/wp-content\/uploads\/2025\/05\/Entregan-26-22Distintivos-de-Calidad-Turistica22-para-el-Pueblo-Magico-de-Creel-300x201.jpeg 300w, https:\/\/www.opinionpublica.tv\/portada\/wp-content\/uploads\/2025\/05\/Entregan-26-22Distintivos-de-Calidad-Turistica22-para-el-Pueblo-Magico-de-Creel-768x514.jpeg 768w, https:\/\/www.opinionpublica.tv\/portada\/wp-content\/uploads\/2025\/05\/Entregan-26-22Distintivos-de-Calidad-Turistica22-para-el-Pueblo-Magico-de-Creel-1536x1027.jpeg 1536w, https:\/\/www.opinionpublica.tv\/portada\/wp-content\/uploads\/2025\/05\/Entregan-26-22Distintivos-de-Calidad-Turistica22-para-el-Pueblo-Magico-de-Creel.jpeg 1600w\" sizes=\"(max-width: 1024px) 100vw, 1024px\" \/><\/figure>\n\n\n\n<p class=\"wp-block-paragraph\"><em>Creel, Chih<\/em>.- Como parte de las acciones para fortalecer la profesionalizaci\u00f3n del sector y elevar la competitividad de los destinos con orientaci\u00f3n tur\u00edstica de Chihuahua, la Secretar\u00eda de Turismo llev\u00f3 a cabo la entrega de 26 distintivos de calidad tur\u00edstica nacional en el Pueblo M\u00e1gico de Creel.<\/p>\n\n\n\n<p class=\"wp-block-paragraph\">En total, se otorgaron 16 reconocimientos de Punto Limpio a 8 empresas, as\u00ed como 10 de Moderniza (M) a igual n\u00famero de prestadores de servicios tur\u00edsticos, entre los que se encuentran hoteles, restaurantes y establecimientos de alimentos y bebidas de la regi\u00f3n.<\/p>\n\n\n\n<p class=\"wp-block-paragraph\">Ambas certificaciones forman parte de los programas que ofrece la dependencia estatal a la cadena de valor del sector, con el objetivo de mejorar las pr\u00e1cticas de gesti\u00f3n, servicio y seguridad sanitaria.<\/p>\n\n\n\n<p class=\"wp-block-paragraph\">Estas distinciones brindan certeza y confianza a los turistas, al garantizar que los prestadores de servicios cumplen con est\u00e1ndares rigurosos que favorecen la satisfacci\u00f3n del visitante, su fidelizaci\u00f3n y la atracci\u00f3n de nuevos mercados.<\/p>\n\n\n\n<p class=\"wp-block-paragraph\">La ceremonia fue encabezada por el subsecretario de Turismo, Orlando Barraza Ch\u00e1vez, en representaci\u00f3n del titular de la dependencia, Edibray G\u00f3mez Gallegos.<\/p>\n\n\n\n<p class=\"wp-block-paragraph\">Tambi\u00e9n estuvieron presentes la coordinadora del Comit\u00e9 Pueblo M\u00e1gico de Creel, Mar\u00eda de Lourdes Hern\u00e1ndez Perea; el director de Turismo y Cultura del municipio de Bocoyna, Lorenzo Baltazar P\u00e9rez Estrada; y la directora de Calidad Tur\u00edstica de la Secretar\u00eda, Mar\u00eda Jes\u00fas Soto S\u00e1nchez.<\/p>\n\n\n\n<p class=\"wp-block-paragraph\">El distintivo Moderniza es un sistema para el mejoramiento de la calidad que impulsa la eficiencia operativa, la motivaci\u00f3n del personal y el incremento de la rentabilidad.<\/p>\n\n\n\n<p class=\"wp-block-paragraph\">Por su parte, Punto Limpio busca la incorporaci\u00f3n de buenas pr\u00e1cticas de higiene, con el respaldo de la Secretar\u00eda de Salud, la Secretar\u00eda del Trabajo y Previsi\u00f3n Social.<\/p>\n\n\n\n<p class=\"wp-block-paragraph\">La Secretar\u00eda invita a las y los prestadores de servicios tur\u00edsticos del estado a acercarse a los programas de certificaci\u00f3n y profesionalizaci\u00f3n disponibles, como una estrategia clave para mejorar la experiencia del visitante y elevar la competitividad de los destinos de Chihuahua.<\/p>\n\n\n\n<p class=\"wp-block-paragraph\">Los interesados pueden dirigirse a dirigirse a las oficinas de la dependencia estatal, en avenida Universidad 2513, colonia San Felipe I Etapa, en la ciudad de Chihuahua, o a trav\u00e9s de redes sociales en @turismodechihuahua.<\/p>\n\n\n\n<p class=\"wp-block-paragraph\">Las empresas que obtuvieron distintivos de calidad fueron:<\/p>\n\n\n\n<p class=\"wp-block-paragraph\"><strong>Distintivo M<\/strong><\/p>\n\n\n\n<p class=\"wp-block-paragraph\">Simple Bitro<\/p>\n\n\n\n<p class=\"wp-block-paragraph\">La Caba\u00f1a restaurant 2<\/p>\n\n\n\n<p class=\"wp-block-paragraph\">La Troje<\/p>\n\n\n\n<p class=\"wp-block-paragraph\">Caba\u00f1as Rayenali<\/p>\n\n\n\n<p class=\"wp-block-paragraph\">Hotel la Estaci\u00f3n<\/p>\n\n\n\n<p class=\"wp-block-paragraph\">Caba\u00f1as las Mar\u00edas<\/p>\n\n\n\n<p class=\"wp-block-paragraph\">Real de Chapultepec<\/p>\n\n\n\n<p class=\"wp-block-paragraph\">Restaurante Lupita<\/p>\n\n\n\n<p class=\"wp-block-paragraph\">Hostal Pata de Perro<\/p>\n\n\n\n<p class=\"wp-block-paragraph\">Ice Creel<\/p>\n\n\n\n<p class=\"wp-block-paragraph\"><strong>Punto limpio<\/strong><\/p>\n\n\n\n<p class=\"wp-block-paragraph\">La Caba\u00f1a restaurant 2<\/p>\n\n\n\n<p class=\"wp-block-paragraph\">Hacienda de Don Armando<\/p>\n\n\n\n<p class=\"wp-block-paragraph\">Caba\u00f1as Rayenali<\/p>\n\n\n\n<p class=\"wp-block-paragraph\">Hotel la Estaci\u00f3n<\/p>\n\n\n\n<p class=\"wp-block-paragraph\">Hotel Rimusa<\/p>\n\n\n\n<p class=\"wp-block-paragraph\">Villas la Quinta<\/p>\n\n\n\n<p class=\"wp-block-paragraph\">Hotel Cascada Inn<\/p>\n\n\n\n<p class=\"wp-block-paragraph\">Posada del Cobre<\/p>\n","protected":false},"excerpt":{"rendered":"<p>Creel, Chih.- Como parte de las acciones para fortalecer la profesionalizaci\u00f3n del sector y elevar la competitividad de los destinos con orientaci\u00f3n tur\u00edstica de Chihuahua, la Secretar\u00eda de Turismo llev\u00f3 a cabo la entrega de 26 distintivos de calidad tur\u00edstica nacional en el Pueblo M\u00e1gico de Creel. En total, se otorgaron 16 reconocimientos de Punto [&hellip;]<\/p>\n","protected":false},"author":6,"featured_media":59560,"comment_status":"closed","ping_status":"closed","sticky":false,"template":"","format":"standard","meta":{"_acf_changed":false,"_monsterinsights_skip_tracking":false,"slim_seo":{"title":"Entregan 26 \"Distintivos de Calidad Tur\u00edstica\" para el Pueblo M\u00e1gico de Creel - Opini\u00f3n P\u00fablica","description":"Creel, Chih .- Como parte de las acciones para fortalecer la profesionalizaci\u00f3n del sector y elevar la competitividad de los destinos con orientaci\u00f3n tur\u00edstica"},"footnotes":""},"categories":[11],"tags":[],"class_list":["post-59557","post","type-post","status-publish","format-standard","has-post-thumbnail","hentry","category-tendencias"],"acf":[],"_links":{"self":[{"href":"https:\/\/www.opinionpublica.tv\/portada\/wp-json\/wp\/v2\/posts\/59557","targetHints":{"allow":["GET"]}}],"collection":[{"href":"https:\/\/www.opinionpublica.tv\/portada\/wp-json\/wp\/v2\/posts"}],"about":[{"href":"https:\/\/www.opinionpublica.tv\/portada\/wp-json\/wp\/v2\/types\/post"}],"author":[{"embeddable":true,"href":"https:\/\/www.opinionpublica.tv\/portada\/wp-json\/wp\/v2\/users\/6"}],"replies":[{"embeddable":true,"href":"https:\/\/www.opinionpublica.tv\/portada\/wp-json\/wp\/v2\/comments?post=59557"}],"version-history":[{"count":2,"href":"https:\/\/www.opinionpublica.tv\/portada\/wp-json\/wp\/v2\/posts\/59557\/revisions"}],"predecessor-version":[{"id":59561,"href":"https:\/\/www.opinionpublica.tv\/portada\/wp-json\/wp\/v2\/posts\/59557\/revisions\/59561"}],"wp:featuredmedia":[{"embeddable":true,"href":"https:\/\/www.opinionpublica.tv\/portada\/wp-json\/wp\/v2\/media\/59560"}],"wp:attachment":[{"href":"https:\/\/www.opinionpublica.tv\/portada\/wp-json\/wp\/v2\/media?parent=59557"}],"wp:term":[{"taxonomy":"category","embeddable":true,"href":"https:\/\/www.opinionpublica.tv\/portada\/wp-json\/wp\/v2\/categories?post=59557"},{"taxonomy":"post_tag","embeddable":true,"href":"https:\/\/www.opinionpublica.tv\/portada\/wp-json\/wp\/v2\/tags?post=59557"}],"curies":[{"name":"wp","href":"https:\/\/api.w.org\/{rel}","templated":true}]}}