{"id":59536,"date":"2025-05-18T00:01:00","date_gmt":"2025-05-18T06:01:00","guid":{"rendered":"https:\/\/www.opinionpublica.tv\/portada\/?p=59536"},"modified":"2025-05-17T16:28:08","modified_gmt":"2025-05-17T22:28:08","slug":"votar-o-no","status":"publish","type":"post","link":"https:\/\/www.opinionpublica.tv\/portada\/votar-o-no\/","title":{"rendered":"\u00bfVotar o no?"},"content":{"rendered":"\n<h4 class=\"wp-block-heading\">Jos\u00e9 Woldenberg<\/h4>\n\n\n\n<p class=\"wp-block-paragraph\">___________________________<\/p>\n\n\n\n<p class=\"wp-block-paragraph\">No es casual entonces que muchos prevean una muy baja participaci\u00f3n a pesar de la muy intensa campa\u00f1a en radio y televisi\u00f3n.<\/p>\n\n\n\n<p class=\"wp-block-paragraph\">La idea de elegir por voto universal a jueces, magistrados y ministros es p\u00e9sima porque integra a \u00e9stos a la l\u00f3gica de la pol\u00edtica, contraviene una tradici\u00f3n de m\u00e1s de 170 a\u00f1os que busc\u00f3 que los juzgadores no estuvieran condicionados por los vaivenes de la lucha pol\u00edtica y la forma en que ser\u00e1n electos carece de las garant\u00edas de imparcialidad, equidad y transparencia que se construyeron en las \u00faltimas d\u00e9cadas.<\/p>\n\n\n\n<p class=\"wp-block-paragraph\">Se trata, muchos lo han escrito, de deshacerse de un poder que no se pleg\u00f3 a los caprichos del expresidente L\u00f3pez Obrador y de construir uno a imagen y semejanza de la coalici\u00f3n gobernante. No se trat\u00f3 de una reforma m\u00e1s o de una ocurrencia insubstancial.<\/p>\n\n\n\n<p class=\"wp-block-paragraph\">Por el contrario, devela con toda nitidez la pretensi\u00f3n de subordinar a todas las instituciones que conforman el Estado a la voluntad de la fuerza mayoritaria. Es un asunto escandaloso y colocar\u00e1 al pa\u00eds en los linderos de un sistema autoritario, en el cual tanto las personas f\u00edsicas como morales dif\u00edcilmente tendr\u00e1n instrumentos para defenderse legalmente de los caprichos y acosos del poder.<\/p>\n\n\n\n<p class=\"wp-block-paragraph\">Si ello fuera poco, los eslabones del proceso electoral resultan ominosos. Desde la confecci\u00f3n de las candidaturas (el Judicial no postul\u00f3, el Tribunal Electoral meti\u00f3 su cuchara y, adem\u00e1s, al parecer se colaron \u201cindeseables\u201d), el dise\u00f1o de las boletas (una abigarrada lista de candidatos por necesidad indiferenciados), el n\u00famero de casillas (menos de las que se instalan en una elecci\u00f3n federal), las f\u00f3rmulas de votaci\u00f3n (todos los votos se depositar\u00e1n en una sola casilla) hasta la manera en que se \u201ccontar\u00e1n\u201d los votos (no lo realizar\u00e1n los funcionarios de casilla y no se inutilizar\u00e1n las boletas sobrantes); todo parece dise\u00f1ado para cubrir de una densa nube de discrecionalidad lo que deb\u00eda ser transparente.<\/p>\n\n\n\n<p class=\"wp-block-paragraph\">No es casual entonces que muchos prevean una muy baja participaci\u00f3n a pesar de la muy intensa campa\u00f1a en radio y televisi\u00f3n. Unos porque entienden que se trata de una maniobra repugnante para acabar con nuestra incipiente divisi\u00f3n de poderes; para que jueces, magistrados y ministros provengan de la misma cepa que los integrantes de la coalici\u00f3n gobernante y otros porque no entienden siquiera la mec\u00e1nica del asunto e incluso la manera de votar.<\/p>\n\n\n\n<p class=\"wp-block-paragraph\">No obstante, las elecciones se llevar\u00e1n a cabo, y dado que no se requiere un m\u00ednimo de votaci\u00f3n para que sean legales, de ellas saldr\u00e1 una buena parte del nuevo poder judicial incluyendo a la Corte. A querer o no, resultar\u00e1n estrat\u00e9gicas para el futuro del pa\u00eds. \u00bfQu\u00e9 hacer entonces? Quiz\u00e1 la pregunta sea tard\u00eda.<\/p>\n\n\n\n<p class=\"wp-block-paragraph\">Si los ciudadanos que acudan a las urnas votan cada uno a como les suenen las candidaturas, tendremos una dispersi\u00f3n impresionante de los votos, y un candidato podr\u00eda ganar con un porcentaje irrisorio de los sufragios. Eso lo sabe cualquiera. Por ello, grupos de Morena y, peor a\u00fan, hasta grupos delincuenciales, es muy probable que dise\u00f1en \u201cplanchas\u201d, listas de candidatos que circulen entre sus fieles para \u201corientar\u201d el voto.<\/p>\n\n\n\n<p class=\"wp-block-paragraph\">Si ello es as\u00ed, no estar\u00eda mal que alguna entidad, digna de cr\u00e9dito, publicitara qu\u00e9 candidatos tienen las calificaciones necesarias para ocupar el cargo y son independientes del gobierno, para de esa manera no dejar todo el terreno libre a la aplanadora gubernamental. Ir a la urna para votar por lo que a uno se le ocurra carece de sentido.<\/p>\n\n\n\n<p class=\"wp-block-paragraph\">Pero si existen listas independientes, ajenas a la coalici\u00f3n gobernante, puede tener sentido por lo menos para que los autoritarios no se lleven todo el pato al agua.<\/p>\n","protected":false},"excerpt":{"rendered":"<p>Jos\u00e9 Woldenberg ___________________________ No es casual entonces que muchos prevean una muy baja participaci\u00f3n a pesar de la muy intensa campa\u00f1a en radio y televisi\u00f3n. La idea de elegir por voto universal a jueces, magistrados y ministros es p\u00e9sima porque integra a \u00e9stos a la l\u00f3gica de la pol\u00edtica, contraviene una tradici\u00f3n de m\u00e1s de [&hellip;]<\/p>\n","protected":false},"author":6,"featured_media":43694,"comment_status":"closed","ping_status":"closed","sticky":false,"template":"","format":"standard","meta":{"_acf_changed":false,"_monsterinsights_skip_tracking":false,"slim_seo":{"title":"\u00bfVotar o no? - Opini\u00f3n P\u00fablica","description":"Jos\u00e9 Woldenberg ___________________________ No es casual entonces que muchos prevean una muy baja participaci\u00f3n a pesar de la muy intensa campa\u00f1a en radio y tel"},"footnotes":""},"categories":[26],"tags":[782],"class_list":["post-59536","post","type-post","status-publish","format-standard","has-post-thumbnail","hentry","category-de-chile-dulce-y-manteca-columna-invitada","tag-jose-woldenberg"],"acf":[],"_links":{"self":[{"href":"https:\/\/www.opinionpublica.tv\/portada\/wp-json\/wp\/v2\/posts\/59536","targetHints":{"allow":["GET"]}}],"collection":[{"href":"https:\/\/www.opinionpublica.tv\/portada\/wp-json\/wp\/v2\/posts"}],"about":[{"href":"https:\/\/www.opinionpublica.tv\/portada\/wp-json\/wp\/v2\/types\/post"}],"author":[{"embeddable":true,"href":"https:\/\/www.opinionpublica.tv\/portada\/wp-json\/wp\/v2\/users\/6"}],"replies":[{"embeddable":true,"href":"https:\/\/www.opinionpublica.tv\/portada\/wp-json\/wp\/v2\/comments?post=59536"}],"version-history":[{"count":1,"href":"https:\/\/www.opinionpublica.tv\/portada\/wp-json\/wp\/v2\/posts\/59536\/revisions"}],"predecessor-version":[{"id":59537,"href":"https:\/\/www.opinionpublica.tv\/portada\/wp-json\/wp\/v2\/posts\/59536\/revisions\/59537"}],"wp:featuredmedia":[{"embeddable":true,"href":"https:\/\/www.opinionpublica.tv\/portada\/wp-json\/wp\/v2\/media\/43694"}],"wp:attachment":[{"href":"https:\/\/www.opinionpublica.tv\/portada\/wp-json\/wp\/v2\/media?parent=59536"}],"wp:term":[{"taxonomy":"category","embeddable":true,"href":"https:\/\/www.opinionpublica.tv\/portada\/wp-json\/wp\/v2\/categories?post=59536"},{"taxonomy":"post_tag","embeddable":true,"href":"https:\/\/www.opinionpublica.tv\/portada\/wp-json\/wp\/v2\/tags?post=59536"}],"curies":[{"name":"wp","href":"https:\/\/api.w.org\/{rel}","templated":true}]}}