{"id":59515,"date":"2025-05-18T00:01:00","date_gmt":"2025-05-18T06:01:00","guid":{"rendered":"https:\/\/www.opinionpublica.tv\/portada\/?p=59515"},"modified":"2025-05-17T16:10:43","modified_gmt":"2025-05-17T22:10:43","slug":"ine-y-anuies-firman-convenio-para-eleccion-judicial-promoveran-derechos-de-jovenes","status":"publish","type":"post","link":"https:\/\/www.opinionpublica.tv\/portada\/ine-y-anuies-firman-convenio-para-eleccion-judicial-promoveran-derechos-de-jovenes\/","title":{"rendered":"INE y ANUIES firman convenio para elecci\u00f3n judicial; van por los derechos de los j\u00f3venes"},"content":{"rendered":"\n<figure class=\"wp-block-image size-full\"><img fetchpriority=\"high\" decoding=\"async\" width=\"1100\" height=\"666\" src=\"https:\/\/www.opinionpublica.tv\/portada\/wp-content\/uploads\/2025\/05\/INE-y-ANUIES-firman-convenio-para-eleccion-judicial-van-por-los-derechos-de-los-jovenes.avif\" alt=\"Ine y anuies firman convenio para eleccio\u0301n judicial; van por los derechos de los jo\u0301venes\" class=\"wp-image-59521\"\/><\/figure>\n\n\n\n<p class=\"wp-block-paragraph\"><em>Ciudad de M\u00e9xico<\/em>.- El Instituto Nacional Electoral y la Asociaci\u00f3n Nacional de Universidades e Instituciones de Educaci\u00f3n Superior de la Rep\u00fablica Mexicana firmaron un convenio de colaboraci\u00f3n para promover la difusi\u00f3n de derechos pol\u00edtico electorales y otras actividades, de cara a la elecci\u00f3n del Poder Judicial.<\/p>\n\n\n\n<p class=\"wp-block-paragraph\">El secretario general Ejecutivo de la ANUIES, Luis Armando Gonz\u00e1lez Placencia, expuso que el convenio tiene como objetivo promover y difundir programas y actividades que contribuyan al fortalecimiento de la democracia, la difusi\u00f3n de los derechos pol\u00edtico-electorales y la promoci\u00f3n entre las instituciones de educaci\u00f3n superior asociadas a nuestra ANUIES, as\u00ed como proyectos de car\u00e1cter democr\u00e1tico y el impulso de una cultura de inclusi\u00f3n para la elecci\u00f3n del Poder Judicial.<\/p>\n\n\n\n<p class=\"wp-block-paragraph\">\u00abLa relevancia de esta colaboraci\u00f3n tiene que ver con la necesidad de formar y de fortalecer la idea y el ejercicio de la ciudadan\u00eda como un proceso natural de participaci\u00f3n de las y los j\u00f3venes en los grandes asuntos p\u00fablicos\u00bb, sostuvo.<\/p>\n\n\n\n<p class=\"wp-block-paragraph\">\u00abEs una extraordinaria oportunidad para que nuestras comunidades universitarias que est\u00e1n conformadas en su mayor\u00eda por j\u00f3venes, muchos de los cuales por primera vez ejercer\u00e1n su derecho al voto, pues vivan los grandes procesos que tiene nuestro pa\u00eds, este cambio important\u00edsimo que se est\u00e1 dando ni m\u00e1s ni menos que en uno de los tres Poderes de la Naci\u00f3n y, en el cual, hemos puesto toda la esperanza de que sea un proceso exitoso, de que sea un proceso que d\u00e9 lugar efectivamente a un nuevo Poder Judicial Federal\u00bb, asegur\u00f3.<\/p>\n\n\n\n<p class=\"wp-block-paragraph\">Se\u00f1al\u00f3 que las instituciones de educaci\u00f3n superior son espacios de reflexi\u00f3n y de generaci\u00f3n de propuestas que han impulsado tanto a las comunidades universitarias, como a las de sus entornos en procesos democr\u00e1ticos ya en el pasado.<\/p>\n\n\n\n<p class=\"wp-block-paragraph\">La secretaria ejecutiva del INE, Claudia Espino, apunt\u00f3 que la participaci\u00f3n y el compromiso de las universidades e instituciones de educaci\u00f3n superior del pa\u00eds son fundamentales para fortalecer la educaci\u00f3n c\u00edvica, informar adecuadamente a la ciudadan\u00eda y contribuir a generar confianza en el proceso extraordinario del Poder Judicial de la Federaci\u00f3n.<\/p>\n\n\n\n<p class=\"wp-block-paragraph\">\u00abEntre sus principales objetivos, adem\u00e1s de contribuir al desarrollo de la educaci\u00f3n superior en nuestro pa\u00eds, la Asociaci\u00f3n busca fortalecer el compromiso con los principios democr\u00e1ticos y promover la difusi\u00f3n de los derechos pol\u00edtico-electorales, tanto en la comunidad universitaria como en la sociedad en general\u00bb, expres\u00f3.<\/p>\n\n\n\n<p class=\"wp-block-paragraph\">Dijo que la capacidad que tienen las universidades del pa\u00eds para formar y sensibilizar a las nuevas generaciones las convierte en aliadas clave para acompa\u00f1ar al Instituto Nacional Electoral en esta difusi\u00f3n en dar informaci\u00f3n clara, oportuna y veraz que permita a la ciudadan\u00eda ejercer su derecho al voto de manera libre, informada y consciente. (El Universal)<\/p>\n","protected":false},"excerpt":{"rendered":"<p>Ciudad de M\u00e9xico.- El Instituto Nacional Electoral y la Asociaci\u00f3n Nacional de Universidades e Instituciones de Educaci\u00f3n Superior de la Rep\u00fablica Mexicana firmaron un convenio de colaboraci\u00f3n para promover la difusi\u00f3n de derechos pol\u00edtico electorales y otras actividades, de cara a la elecci\u00f3n del Poder Judicial. El secretario general Ejecutivo de la ANUIES, Luis Armando [&hellip;]<\/p>\n","protected":false},"author":6,"featured_media":59521,"comment_status":"closed","ping_status":"closed","sticky":false,"template":"","format":"standard","meta":{"_acf_changed":false,"_monsterinsights_skip_tracking":false,"slim_seo":{"title":"INE y ANUIES firman convenio para elecci\u00f3n judicial; van por los derechos de los j\u00f3venes - Opini\u00f3n P\u00fablica","description":"Ciudad de M\u00e9xico .- El Instituto Nacional Electoral y la Asociaci\u00f3n Nacional de Universidades e Instituciones de Educaci\u00f3n Superior de la Rep\u00fablica Mexicana fir"},"footnotes":""},"categories":[4],"tags":[],"class_list":["post-59515","post","type-post","status-publish","format-standard","has-post-thumbnail","hentry","category-pulsopolitico"],"acf":[],"_links":{"self":[{"href":"https:\/\/www.opinionpublica.tv\/portada\/wp-json\/wp\/v2\/posts\/59515","targetHints":{"allow":["GET"]}}],"collection":[{"href":"https:\/\/www.opinionpublica.tv\/portada\/wp-json\/wp\/v2\/posts"}],"about":[{"href":"https:\/\/www.opinionpublica.tv\/portada\/wp-json\/wp\/v2\/types\/post"}],"author":[{"embeddable":true,"href":"https:\/\/www.opinionpublica.tv\/portada\/wp-json\/wp\/v2\/users\/6"}],"replies":[{"embeddable":true,"href":"https:\/\/www.opinionpublica.tv\/portada\/wp-json\/wp\/v2\/comments?post=59515"}],"version-history":[{"count":5,"href":"https:\/\/www.opinionpublica.tv\/portada\/wp-json\/wp\/v2\/posts\/59515\/revisions"}],"predecessor-version":[{"id":59522,"href":"https:\/\/www.opinionpublica.tv\/portada\/wp-json\/wp\/v2\/posts\/59515\/revisions\/59522"}],"wp:featuredmedia":[{"embeddable":true,"href":"https:\/\/www.opinionpublica.tv\/portada\/wp-json\/wp\/v2\/media\/59521"}],"wp:attachment":[{"href":"https:\/\/www.opinionpublica.tv\/portada\/wp-json\/wp\/v2\/media?parent=59515"}],"wp:term":[{"taxonomy":"category","embeddable":true,"href":"https:\/\/www.opinionpublica.tv\/portada\/wp-json\/wp\/v2\/categories?post=59515"},{"taxonomy":"post_tag","embeddable":true,"href":"https:\/\/www.opinionpublica.tv\/portada\/wp-json\/wp\/v2\/tags?post=59515"}],"curies":[{"name":"wp","href":"https:\/\/api.w.org\/{rel}","templated":true}]}}