{"id":59477,"date":"2025-05-18T00:01:00","date_gmt":"2025-05-18T06:01:00","guid":{"rendered":"https:\/\/www.opinionpublica.tv\/portada\/?p=59477"},"modified":"2025-05-17T14:59:47","modified_gmt":"2025-05-17T20:59:47","slug":"video-el-evangelio-de-hoy-domingo-18-de-mayo-de-2025","status":"publish","type":"post","link":"https:\/\/www.opinionpublica.tv\/portada\/video-el-evangelio-de-hoy-domingo-18-de-mayo-de-2025\/","title":{"rendered":"Video: El Evangelio de hoy, domingo 18 de mayo de 2025"},"content":{"rendered":"\n<figure class=\"wp-block-embed is-type-video is-provider-youtube wp-block-embed-youtube wp-embed-aspect-16-9 wp-has-aspect-ratio\"><div class=\"wp-block-embed__wrapper\">\n<iframe title=\"Evangelio de Hoy Domingo 18 de Mayo de 2025 | REFLEXI\u00d3N | Red Catolica\" width=\"800\" height=\"450\" src=\"https:\/\/www.youtube.com\/embed\/acnmhuwLanU?feature=oembed\" frameborder=\"0\" allow=\"accelerometer; autoplay; clipboard-write; encrypted-media; gyroscope; picture-in-picture; web-share\" referrerpolicy=\"strict-origin-when-cross-origin\" allowfullscreen><\/iframe>\n<\/div><\/figure>\n\n\n\n<p class=\"wp-block-paragraph\"><em>\u00abOs doy un mandamiento nuevo: que os am\u00e9is unos a otros.\u00bb Juan 13, 31-33a. 34-35<\/em>.<\/p>\n\n\n\n<p class=\"wp-block-paragraph\"><strong>Reflexiones para este domingo<\/strong><\/p>\n\n\n\n<p class=\"wp-block-paragraph\">1. Jes\u00fas, conc\u00e9deme amarte con todo mi coraz\u00f3n, con toda mi alma y con todas mis fuerzas.<\/p>\n\n\n\n<p class=\"wp-block-paragraph\">2. S\u00f3lo seremos de verdad bienaventurados, felices, cuando entremos en la l\u00f3gica divina del don, del amor gratuito, si descubrimos que Dios nos ha amado infinitamente para hacernos capaces de amar como \u00c9l, sin medida.<\/p>\n\n\n\n<p class=\"wp-block-paragraph\">3. Nuestro Se\u00f1or nos dijo que la caridad ser\u00eda la se\u00f1al con la que nos distinguir\u00edan que somos realmente sus disc\u00edpulos.<\/p>\n","protected":false},"excerpt":{"rendered":"<p>\u00abOs doy un mandamiento nuevo: que os am\u00e9is unos a otros.\u00bb Juan 13, 31-33a. 34-35. Reflexiones para este domingo 1. Jes\u00fas, conc\u00e9deme amarte con todo mi coraz\u00f3n, con toda mi alma y con todas mis fuerzas. 2. S\u00f3lo seremos de verdad bienaventurados, felices, cuando entremos en la l\u00f3gica divina del don, del amor gratuito, si [&hellip;]<\/p>\n","protected":false},"author":6,"featured_media":59479,"comment_status":"closed","ping_status":"closed","sticky":false,"template":"","format":"standard","meta":{"_acf_changed":false,"_monsterinsights_skip_tracking":false,"slim_seo":{"title":"Video: El Evangelio de hoy, domingo 18 de mayo de 2025 - Opini\u00f3n P\u00fablica","description":"https:\/\/youtu.be\/acnmhuwLanU?si=cPWyd403bJ7ldCI3 \"Os doy un mandamiento nuevo: que os am\u00e9is unos a otros.\" Juan 13, 31-33a. 34-35 . Reflexiones para este doming"},"footnotes":""},"categories":[13,2,8],"tags":[],"class_list":["post-59477","post","type-post","status-publish","format-standard","has-post-thumbnail","hentry","category-videos-destacados-contenido","category-videos-destacados","category-videos"],"acf":[],"_links":{"self":[{"href":"https:\/\/www.opinionpublica.tv\/portada\/wp-json\/wp\/v2\/posts\/59477","targetHints":{"allow":["GET"]}}],"collection":[{"href":"https:\/\/www.opinionpublica.tv\/portada\/wp-json\/wp\/v2\/posts"}],"about":[{"href":"https:\/\/www.opinionpublica.tv\/portada\/wp-json\/wp\/v2\/types\/post"}],"author":[{"embeddable":true,"href":"https:\/\/www.opinionpublica.tv\/portada\/wp-json\/wp\/v2\/users\/6"}],"replies":[{"embeddable":true,"href":"https:\/\/www.opinionpublica.tv\/portada\/wp-json\/wp\/v2\/comments?post=59477"}],"version-history":[{"count":1,"href":"https:\/\/www.opinionpublica.tv\/portada\/wp-json\/wp\/v2\/posts\/59477\/revisions"}],"predecessor-version":[{"id":59478,"href":"https:\/\/www.opinionpublica.tv\/portada\/wp-json\/wp\/v2\/posts\/59477\/revisions\/59478"}],"wp:featuredmedia":[{"embeddable":true,"href":"https:\/\/www.opinionpublica.tv\/portada\/wp-json\/wp\/v2\/media\/59479"}],"wp:attachment":[{"href":"https:\/\/www.opinionpublica.tv\/portada\/wp-json\/wp\/v2\/media?parent=59477"}],"wp:term":[{"taxonomy":"category","embeddable":true,"href":"https:\/\/www.opinionpublica.tv\/portada\/wp-json\/wp\/v2\/categories?post=59477"},{"taxonomy":"post_tag","embeddable":true,"href":"https:\/\/www.opinionpublica.tv\/portada\/wp-json\/wp\/v2\/tags?post=59477"}],"curies":[{"name":"wp","href":"https:\/\/api.w.org\/{rel}","templated":true}]}}