{"id":59401,"date":"2025-05-16T00:01:00","date_gmt":"2025-05-16T06:01:00","guid":{"rendered":"https:\/\/www.opinionpublica.tv\/portada\/?p=59401"},"modified":"2025-05-16T03:57:22","modified_gmt":"2025-05-16T09:57:22","slug":"ciudadania-por-nacimiento-por-que-trump-quiere-eliminarla","status":"publish","type":"post","link":"https:\/\/www.opinionpublica.tv\/portada\/ciudadania-por-nacimiento-por-que-trump-quiere-eliminarla\/","title":{"rendered":"Video: Ciudadan\u00eda por nacimiento: \u00bfpor qu\u00e9 Trump quiere eliminarla?"},"content":{"rendered":"\n<figure class=\"wp-block-embed is-type-video is-provider-youtube wp-block-embed-youtube wp-embed-aspect-16-9 wp-has-aspect-ratio\"><div class=\"wp-block-embed__wrapper\">\n<iframe title=\"Ciudadan\u00eda por nacimiento: \u00bfpor qu\u00e9 Trump quiere eliminarla?\" width=\"800\" height=\"450\" src=\"https:\/\/www.youtube.com\/embed\/FGFCPuEOcbQ?feature=oembed\" frameborder=\"0\" allow=\"accelerometer; autoplay; clipboard-write; encrypted-media; gyroscope; picture-in-picture; web-share\" referrerpolicy=\"strict-origin-when-cross-origin\" allowfullscreen><\/iframe>\n<\/div><\/figure>\n\n\n\n<p class=\"wp-block-paragraph\">La Corte Suprema escuchar\u00e1 este jueves argumentos en tres casos que impugnan un decreto del presidente Donald Trump que pretende limitar qui\u00e9n tiene derecho a la \u201cciudadan\u00eda por nacimiento\u201d. La voluntad de Trump de poner fin a esa pr\u00e1ctica de casi 160 a\u00f1os y que est\u00e1 garantizada por la 14\u00aa Enmienda de la Constituci\u00f3n de ese pa\u00eds se encuentra en el coraz\u00f3n de las pol\u00edticas antiinmigraci\u00f3n del presidente.<\/p>\n\n\n\n<p class=\"wp-block-paragraph\"><em>Cr\u00e9ditos: CNN en espa\u00f1ol<\/em><\/p>\n","protected":false},"excerpt":{"rendered":"<p>La Corte Suprema escuchar\u00e1 este jueves argumentos en tres casos que impugnan un decreto del presidente Donald Trump que pretende limitar qui\u00e9n tiene derecho a la \u201cciudadan\u00eda por nacimiento\u201d. La voluntad de Trump de poner fin a esa pr\u00e1ctica de casi 160 a\u00f1os y que est\u00e1 garantizada por la 14\u00aa Enmienda de la Constituci\u00f3n de [&hellip;]<\/p>\n","protected":false},"author":6,"featured_media":59402,"comment_status":"closed","ping_status":"closed","sticky":false,"template":"","format":"standard","meta":{"_acf_changed":false,"_monsterinsights_skip_tracking":false,"slim_seo":{"title":"Video: Ciudadan\u00eda por nacimiento: \u00bfpor qu\u00e9 Trump quiere eliminarla? - Opini\u00f3n P\u00fablica","description":"https:\/\/www.youtube.com\/watch?v=FGFCPuEOcbQ La Corte Suprema escuchar\u00e1 este jueves argumentos en tres casos que impugnan un decreto del presidente Donald Trump"},"footnotes":""},"categories":[13,2,8],"tags":[],"class_list":["post-59401","post","type-post","status-publish","format-standard","has-post-thumbnail","hentry","category-videos-destacados-contenido","category-videos-destacados","category-videos"],"acf":[],"_links":{"self":[{"href":"https:\/\/www.opinionpublica.tv\/portada\/wp-json\/wp\/v2\/posts\/59401","targetHints":{"allow":["GET"]}}],"collection":[{"href":"https:\/\/www.opinionpublica.tv\/portada\/wp-json\/wp\/v2\/posts"}],"about":[{"href":"https:\/\/www.opinionpublica.tv\/portada\/wp-json\/wp\/v2\/types\/post"}],"author":[{"embeddable":true,"href":"https:\/\/www.opinionpublica.tv\/portada\/wp-json\/wp\/v2\/users\/6"}],"replies":[{"embeddable":true,"href":"https:\/\/www.opinionpublica.tv\/portada\/wp-json\/wp\/v2\/comments?post=59401"}],"version-history":[{"count":2,"href":"https:\/\/www.opinionpublica.tv\/portada\/wp-json\/wp\/v2\/posts\/59401\/revisions"}],"predecessor-version":[{"id":59405,"href":"https:\/\/www.opinionpublica.tv\/portada\/wp-json\/wp\/v2\/posts\/59401\/revisions\/59405"}],"wp:featuredmedia":[{"embeddable":true,"href":"https:\/\/www.opinionpublica.tv\/portada\/wp-json\/wp\/v2\/media\/59402"}],"wp:attachment":[{"href":"https:\/\/www.opinionpublica.tv\/portada\/wp-json\/wp\/v2\/media?parent=59401"}],"wp:term":[{"taxonomy":"category","embeddable":true,"href":"https:\/\/www.opinionpublica.tv\/portada\/wp-json\/wp\/v2\/categories?post=59401"},{"taxonomy":"post_tag","embeddable":true,"href":"https:\/\/www.opinionpublica.tv\/portada\/wp-json\/wp\/v2\/tags?post=59401"}],"curies":[{"name":"wp","href":"https:\/\/api.w.org\/{rel}","templated":true}]}}