{"id":59375,"date":"2025-05-16T00:01:00","date_gmt":"2025-05-16T06:01:00","guid":{"rendered":"https:\/\/www.opinionpublica.tv\/portada\/?p=59375"},"modified":"2025-05-16T02:30:47","modified_gmt":"2025-05-16T08:30:47","slug":"mientras-unos-se-desgastan","status":"publish","type":"post","link":"https:\/\/www.opinionpublica.tv\/portada\/mientras-unos-se-desgastan\/","title":{"rendered":"Mientras unos se desgastan"},"content":{"rendered":"\n<h4 class=\"wp-block-heading\">Ra\u00fal Ruiz<\/h4>\n\n\n\n<p class=\"wp-block-paragraph\">____________________________<\/p>\n\n\n\n<p class=\"wp-block-paragraph\">Me divierte mucho, ver c\u00f3mo crece entre los especuleros, su negativa ilusi\u00f3n contra los dos m\u00e1s fuertes aspirantes a la candidatura por Morena, a la gubernatura del estado de Chihuahua.<\/p>\n\n\n\n<p class=\"wp-block-paragraph\">Est\u00e1n los que desean con toda el alma, que a Andrea Ch\u00e1vez, la parta un rayo.<\/p>\n\n\n\n<p class=\"wp-block-paragraph\">O m\u00ednimo le crezca la animadversi\u00f3n y el odio de las mujeres de Morena; las del gabinete presidencial, y la decisi\u00f3n de la presidenta Sheimbaum para hacerle una decapitaci\u00f3n pol\u00edtica, y con eso se le baje un poco la sonrisa.<\/p>\n\n\n\n<p class=\"wp-block-paragraph\">Y por el otro lado, los que odian a Cruz P\u00e9rez Cu\u00e9llar quienes, por sistema, le untan de todo tipo de excremento, heces e inmundicias.<\/p>\n\n\n\n<p class=\"wp-block-paragraph\">Hacen un gran esfuerzo por desgastar su imagen para exhibirlo como hombre infame y deleznable.<\/p>\n\n\n\n<p class=\"wp-block-paragraph\">Pero, sin \u00e9xito aparente.<\/p>\n\n\n\n<p class=\"wp-block-paragraph\">Dejar\u00e9 que corra el agua f\u00e9tida por un rato, y otear\u00e9 por otros patios.<\/p>\n\n\n\n<p class=\"wp-block-paragraph\">Ayer asist\u00ed a una rueda de prensa convocada por Thor Salayand\u00eda, uno de los m\u00e1s incisivos l\u00edderes empresariales en la frontera, y luego de escucharlo, decid\u00ed compartir esto:<\/p>\n\n\n\n<p class=\"wp-block-paragraph\">Por considerarlo de gran inter\u00e9s para los hombres y mujeres preocupados por el futuro econ\u00f3mico de nuestra aldea, reproduzco totalmente el punto de vista personal, de Thor Salayand\u00eda, coordinador del Bloque Fronterizo Empresarial, dado a conocer en reciente rueda de prensa.<\/p>\n\n\n\n<p class=\"wp-block-paragraph\">\u00abLa industria mexicana no solo est\u00e1 perdiendo competitividad, est\u00e1 muriendo.<\/p>\n\n\n\n<p class=\"wp-block-paragraph\">Porque ya no lidera las cadenas de valor; porque cada vez produce menos contenido nacional; porque ya no exporta conocimiento ni tecnolog\u00eda, solo mano de obra ensambladora; porque se ha vaciado de contenido nacional; porque se ha convertido en un sat\u00e9lite de la manufactura extranjera; porque ya no produce valor agregado, ni tecnolog\u00eda propia; porque no estamos formando empresas industriales nuevas, solo obreros para ensamblar piezas de otros.<\/p>\n\n\n\n<p class=\"wp-block-paragraph\">Mientras celebramos r\u00e9cords de explotaci\u00f3n, se extinguen f\u00e1bricas nacionales y mientras la maquila crece, el tejido industrial mexicano, hoy nuestras industrias locales peque\u00f1as y medianas en la mayor\u00eda, no est\u00e1n perdiendo mercados, est\u00e1n perdiendo sentido.<\/p>\n\n\n\n<p class=\"wp-block-paragraph\">Ya no se sabe ni por d\u00f3nde darle, la ausencia de una pol\u00edtica industrial no solo es una omisi\u00f3n de gobierno es una decisi\u00f3n que est\u00e1 dejando morir el aparato mexicano, el aparato productivo mexicano.<\/p>\n\n\n\n<p class=\"wp-block-paragraph\">Desde aqu\u00ed desde donde nosotros observamos; desde el \u00e1ngulo del bloque empresarial fronterizo lo decimos, pero no medias tintas.<\/p>\n\n\n\n<p class=\"wp-block-paragraph\">Como son las cosas, queremos unir, s\u00ed pero con proveedur\u00eda mexicana.<\/p>\n\n\n\n<p class=\"wp-block-paragraph\">Queremos maquila s\u00ed, pero con proveedores mexicanos.<\/p>\n\n\n\n<p class=\"wp-block-paragraph\">Queremos inversi\u00f3n extranjera s\u00ed, pero con industria nacional viva.<\/p>\n\n\n\n<p class=\"wp-block-paragraph\">Queremos exportar s\u00ed, pero tambi\u00e9n diversificar lo que producimos, lo que vendemos, y a qui\u00e9n se lo vendemos.<\/p>\n\n\n\n<p class=\"wp-block-paragraph\">Y estamos aqu\u00ed para construir este modelo que nos hace crecer con dignidad y, nos estamos convirtiendo en un pa\u00eds que maquila para otros pero no se fabrica a s\u00ed mismo.<\/p>\n\n\n\n<p class=\"wp-block-paragraph\">M\u00e1s que la industria, est\u00e1 en riesgo el modelo econ\u00f3mico.<\/p>\n\n\n\n<p class=\"wp-block-paragraph\">La econom\u00eda mexicana est\u00e1 concentrada fr\u00e1gil y dependiente y eso es una f\u00f3rmula para el estancamiento.<\/p>\n\n\n\n<p class=\"wp-block-paragraph\">Necesitamos urgentemente diversificar la econom\u00eda, ampliar la base industrial en todo el pa\u00eds, invertir en nuevas vocaciones productivas regionales.<\/p>\n\n\n\n<p class=\"wp-block-paragraph\">Integrar a sectores como tecnolog\u00edas limpias industrias creativas, biotecnolog\u00eda aeroespacial, agroindustria avanzada, reducir nuestra dependencia del mercado estadounidense, sin dejarlo pero; sin poner todos los huevos en una sola canasta.<\/p>\n\n\n\n<p class=\"wp-block-paragraph\">Entonces es un pa\u00eds, que no diversifica su econom\u00eda, es un pa\u00eds que vive al borde del colapso cada vez que su \u00fanico motor se desacelera.<\/p>\n\n\n\n<p class=\"wp-block-paragraph\">Una \u00faltima advertencia, como industria y como donaci\u00f3n si no protegemos a nuestra industria; si no diversificamos nuestro aparato productivo, si no desarrollamos a la industria mexicana y si no formamos nuevas generaciones de empresarios industriales.<\/p>\n\n\n\n<p class=\"wp-block-paragraph\">Entonces dejaremos de tener econom\u00eda propia, y sin econom\u00eda propia no hay soberan\u00eda, ni empleo digno y estabilidad que dure.<\/p>\n\n\n\n<p class=\"wp-block-paragraph\">Porque un pa\u00eds que no fabrica lo que consume; que no invierte en lo que exporta; y que no protege, est\u00e1 muerto.<\/p>\n\n\n\n<p class=\"wp-block-paragraph\">Un pa\u00eds que no produce, es un pa\u00eds que se renta pero no se desarrolla.<\/p>\n\n\n\n<p class=\"wp-block-paragraph\">Ah\u00ed en el plan M\u00e9xico, vienen muchas ideas polos de inversi\u00f3n polos de desarrollo pero dejan muy al aire toda esta cuesti\u00f3n de la proveedur\u00eda.<\/p>\n\n\n\n<p class=\"wp-block-paragraph\">Es por eso que hemos estado insistiendo en que si no hay una ley de proveedur\u00eda, pues que s\u00ed haya una ley de pronto pago.<\/p>\n\n\n\n<p class=\"wp-block-paragraph\">Estas, son ideas, son posibilidades no est\u00e1n escritas en piedra, hay que trabajarlas mucho.<\/p>\n\n\n\n<p class=\"wp-block-paragraph\">Todas las ideas son buenas, pero nosotros cuando vemos estas estad\u00edsticas cuando ves lo que era el empleo maquilador en el 2000 y el empleo no maquilador industrial en el a\u00f1o 2000 ah\u00ed se ve que m\u00e1s o menos est\u00e1bamos a la par pero ahora en 2025 el empleo maquilador a nivel nacional es mucho m\u00e1s que el empleo nacional que el empleo nacional no maquilador o sea el empleo industrial y eso preocupa mucho no ha crecido mucho la maquila pero la industria mexicana no ha crecido nada\u00bb.<\/p>\n\n\n\n<p class=\"wp-block-paragraph\">\u00bfSer\u00e1 que nada m\u00e1s \u00e9l defiende el tema urgente de impulsar una ley de Proveedur\u00eda? \u00bfO al menos, de una ley de Pronto Pago que estimule la productividad en la frontera?<\/p>\n\n\n\n<p class=\"wp-block-paragraph\">Exhorto a los diputados locales y federales a trabajar este tema, si en verdad traen las pilas puestas.<\/p>\n\n\n\n<p class=\"wp-block-paragraph\">Y a nuestros senadores a dejar a un lado, aunque sea moment\u00e1neamente su nefasto inter\u00e9s por el futurismo electoral.<\/p>\n\n\n\n<p class=\"wp-block-paragraph\">Y parafraseando al vecino hostigador, os conmino a\u2026<\/p>\n\n\n\n<p class=\"wp-block-paragraph\">\u00abMake the village greate again\u00bb.<\/p>\n","protected":false},"excerpt":{"rendered":"<p>Ra\u00fal Ruiz ____________________________ Me divierte mucho, ver c\u00f3mo crece entre los especuleros, su negativa ilusi\u00f3n contra los dos m\u00e1s fuertes aspirantes a la candidatura por Morena, a la gubernatura del estado de Chihuahua. Est\u00e1n los que desean con toda el alma, que a Andrea Ch\u00e1vez, la parta un rayo. O m\u00ednimo le crezca la animadversi\u00f3n [&hellip;]<\/p>\n","protected":false},"author":6,"featured_media":43347,"comment_status":"closed","ping_status":"closed","sticky":false,"template":"","format":"standard","meta":{"_acf_changed":false,"_monsterinsights_skip_tracking":false,"slim_seo":{"title":"Mientras unos se desgastan - Opini\u00f3n P\u00fablica","description":"Ra\u00fal Ruiz ____________________________ Me divierte mucho, ver c\u00f3mo crece entre los especuleros, su negativa ilusi\u00f3n contra los dos m\u00e1s fuertes aspirantes a la c"},"footnotes":""},"categories":[21],"tags":[593],"class_list":["post-59375","post","type-post","status-publish","format-standard","has-post-thumbnail","hentry","category-cartapacio","tag-cartapacio"],"acf":[],"_links":{"self":[{"href":"https:\/\/www.opinionpublica.tv\/portada\/wp-json\/wp\/v2\/posts\/59375","targetHints":{"allow":["GET"]}}],"collection":[{"href":"https:\/\/www.opinionpublica.tv\/portada\/wp-json\/wp\/v2\/posts"}],"about":[{"href":"https:\/\/www.opinionpublica.tv\/portada\/wp-json\/wp\/v2\/types\/post"}],"author":[{"embeddable":true,"href":"https:\/\/www.opinionpublica.tv\/portada\/wp-json\/wp\/v2\/users\/6"}],"replies":[{"embeddable":true,"href":"https:\/\/www.opinionpublica.tv\/portada\/wp-json\/wp\/v2\/comments?post=59375"}],"version-history":[{"count":1,"href":"https:\/\/www.opinionpublica.tv\/portada\/wp-json\/wp\/v2\/posts\/59375\/revisions"}],"predecessor-version":[{"id":59376,"href":"https:\/\/www.opinionpublica.tv\/portada\/wp-json\/wp\/v2\/posts\/59375\/revisions\/59376"}],"wp:featuredmedia":[{"embeddable":true,"href":"https:\/\/www.opinionpublica.tv\/portada\/wp-json\/wp\/v2\/media\/43347"}],"wp:attachment":[{"href":"https:\/\/www.opinionpublica.tv\/portada\/wp-json\/wp\/v2\/media?parent=59375"}],"wp:term":[{"taxonomy":"category","embeddable":true,"href":"https:\/\/www.opinionpublica.tv\/portada\/wp-json\/wp\/v2\/categories?post=59375"},{"taxonomy":"post_tag","embeddable":true,"href":"https:\/\/www.opinionpublica.tv\/portada\/wp-json\/wp\/v2\/tags?post=59375"}],"curies":[{"name":"wp","href":"https:\/\/api.w.org\/{rel}","templated":true}]}}