{"id":59331,"date":"2025-05-15T00:01:00","date_gmt":"2025-05-15T06:01:00","guid":{"rendered":"https:\/\/www.opinionpublica.tv\/portada\/?p=59331"},"modified":"2025-05-15T02:26:10","modified_gmt":"2025-05-15T08:26:10","slug":"si-asi-nos-va-cuando-la-relacion-es-buena","status":"publish","type":"post","link":"https:\/\/www.opinionpublica.tv\/portada\/si-asi-nos-va-cuando-la-relacion-es-buena\/","title":{"rendered":"Si as\u00ed nos va cuando la relaci\u00f3n es buena\u2026"},"content":{"rendered":"\n<h4 class=\"wp-block-heading\">Jorge G. Casta\u00f1eda<\/h4>\n\n\n\n<p class=\"wp-block-paragraph\">___________________________<\/p>\n\n\n\n<p class=\"wp-block-paragraph\">Algo no est\u00e1 funcionando en la \u201cbuena\u201d relaci\u00f3n del gobierno de M\u00e9xico con la administraci\u00f3n Trump. Es cierto que no nos han invadido, ni lanzado misiles; tampoco nos ha ido mucho peor que a otros en materia de aranceles, aunque es falso que nos vaya mejor que a otros. Pero hay demasiadas cosas extra\u00f1as que no se hab\u00edan visto en muchos a\u00f1os.<\/p>\n\n\n\n<p class=\"wp-block-paragraph\">Dolia Est\u00e9vez tiene toda la raz\u00f3n cuando escribe que normalmente temas como los de la familia de Ovidio, el acuerdo de Ovidio y la revocaci\u00f3n de la visa de la gobernadora de Baja California se avisan. Repito lo que dije a prop\u00f3sito del spot de Kristi Noem en la televisi\u00f3n abierta: la regla no escrita es \u201cno surprises\u201d. No descarto que en los cuatro casos mencionados, Sheinbaum haya sido informada con anticipaci\u00f3n. Pero ha dicho que no. M\u00e1s a\u00fan, en lo tocante a la gobernadora, pidi\u00f3 explicaciones, pero a toro pasado. Entonces una de dos: o no le avisan sus amigos en Washington (y no son tan amigos), o no nos dice la verdad (no s\u00e9 qu\u00e9 gane mintiendo).&nbsp;<\/p>\n\n\n\n<p class=\"wp-block-paragraph\">Pero sucede algo m\u00e1s grave, me parece, disponiendo \u00fanicamente de informaci\u00f3n p\u00fablica. El c\u00famulo de incidentes con Estados Unidos es sorprendente y preocupante. Casi diario, un nuevo problema. Enumero los conocidos, adem\u00e1s de los cuatro ya mencionados: la prohibici\u00f3n de exportaci\u00f3n de ganado (seg\u00fan el gobierno, durante quince d\u00edas; Washington no fij\u00f3 plazo p\u00fablico); el jitomate; el agua del R\u00edo Bravo a Texas; el agua de Tijuana a San Diego, y del R\u00edo Colorado a M\u00e9xico; los vuelos de drones; la detenci\u00f3n y revocaci\u00f3n de visa del alcalde de Matamoros; los sobrevuelos de aviones-esp\u00eda, m\u00e1s lo que se acumule.<\/p>\n\n\n\n<p class=\"wp-block-paragraph\">Para alguien que ha seguido la relaci\u00f3n con Estados Unidos en libros, en la pr\u00e1ctica, en la academia y en innumerables conferencias, resulta inimaginable que exista un \u201cmalin g\u00e9nie\u201d (el genio perverso de Descartes) que dise\u00f1e e implemente todas estas maniobras para fastidiarnos. No hay un sujeto \u00fanico en Washington que decida todo esto. En los asuntos importantes \u2014las guerras, las crisis econ\u00f3micas, los atentados\u2014 el presidente, cualquiera que sea, se mete de lleno y define. En el d\u00eda a d\u00eda, no, y en todo caso no Trump, no con este equipo ca\u00f3tico, y no con M\u00e9xico. Pero eso no significa que evada la responsabilidad y, sobre todo, que no establezca el clima o el ambiente en el cual trabajan sus colaboradores.<\/p>\n\n\n\n<p class=\"wp-block-paragraph\">Trump no le quit\u00f3 la visa al marido de Marina del Pilar, como no se enter\u00f3 de la aprehensi\u00f3n del general Cienfuegos durante su primer mandato. Pero s\u00ed gener\u00f3 el entorno en el cual CBP, la DEA, el Departamento de Agricultura, el gobierno de Texas, la Ciudad de San Diego, etc\u2026 se desenvuelven. Para decenas de funcionarios, lo importante es la percepci\u00f3n que guardan de las filias y fobias del jefe. \u00bfLe caen bien o mal los mexicanos, ucranianos, chinos, salvadore\u00f1os, canadienses y dem\u00e1s? \u00bfLe simpatiza Macron, o Putin, o Milei, o Starmer o\u2026 Sheinbaum? \u00bfO a pesar de lo que diga en p\u00fablico, m\u00e1s bien los detesta?<\/p>\n\n\n\n<p class=\"wp-block-paragraph\">Cuando surgen tal cantidad de agresiones \u2014peque\u00f1as y grandes\u2014 en contra de un pa\u00eds, o un gobierno, o un jefe de Estado, como las que hemos atestiguado con M\u00e9xico a lo largo de los \u00faltimos cuatro meses, es imposible no pensar que en los c\u00edrculos oficiales de Estados Unidos impera un sentimiento hostil, negativo, poco amistoso para con el vecino del sur. Dicho sentimiento s\u00f3lo puede provenir del jefe, sobre todo trat\u00e1ndose de un jefe como el que despacha ahora en la Casa Blanca. Transmite su \u201cvibra\u201d a todo el equipo, que no act\u00faa coordinadamente, pero s\u00ed \u201crecibe\u201d y acata la \u201cl\u00ednea\u201d. En algunos casos \u2014tal vez Ovidio, su familia, el Mayo\u2014 interviene el presidente. Pero en la mayor parte del tiempo, no lo hace, porque no es necesario.<\/p>\n\n\n\n<p class=\"wp-block-paragraph\">Repito de nuevo: el enigma reside en si las autoridades mexicanas saben todo esto, y han decidido disimularlo, o si realmente piensan lo que dicen, sobre todo la presidenta. Porque si as\u00ed nos va cuando la relaci\u00f3n es buena no quiero ni imaginar c\u00f3mo nos ir\u00e1 cuando sea mala.<\/p>\n\n\n\n<p class=\"wp-block-paragraph\"><\/p>\n","protected":false},"excerpt":{"rendered":"<p>Jorge G. Casta\u00f1eda ___________________________ Algo no est\u00e1 funcionando en la \u201cbuena\u201d relaci\u00f3n del gobierno de M\u00e9xico con la administraci\u00f3n Trump. Es cierto que no nos han invadido, ni lanzado misiles; tampoco nos ha ido mucho peor que a otros en materia de aranceles, aunque es falso que nos vaya mejor que a otros. Pero hay [&hellip;]<\/p>\n","protected":false},"author":6,"featured_media":43385,"comment_status":"closed","ping_status":"closed","sticky":false,"template":"","format":"standard","meta":{"_acf_changed":false,"_monsterinsights_skip_tracking":false,"slim_seo":{"title":"Si as\u00ed nos va cuando la relaci\u00f3n es buena\u2026 - Opini\u00f3n P\u00fablica","description":"Jorge G. Casta\u00f1eda ___________________________ Algo no est\u00e1 funcionando en la \u201cbuena\u201d relaci\u00f3n del gobierno de M\u00e9xico con la administraci\u00f3n Trump. Es cierto que"},"footnotes":""},"categories":[18],"tags":[82],"class_list":["post-59331","post","type-post","status-publish","format-standard","has-post-thumbnail","hentry","category-castaneda-opina","tag-jorge-castaneda"],"acf":[],"_links":{"self":[{"href":"https:\/\/www.opinionpublica.tv\/portada\/wp-json\/wp\/v2\/posts\/59331","targetHints":{"allow":["GET"]}}],"collection":[{"href":"https:\/\/www.opinionpublica.tv\/portada\/wp-json\/wp\/v2\/posts"}],"about":[{"href":"https:\/\/www.opinionpublica.tv\/portada\/wp-json\/wp\/v2\/types\/post"}],"author":[{"embeddable":true,"href":"https:\/\/www.opinionpublica.tv\/portada\/wp-json\/wp\/v2\/users\/6"}],"replies":[{"embeddable":true,"href":"https:\/\/www.opinionpublica.tv\/portada\/wp-json\/wp\/v2\/comments?post=59331"}],"version-history":[{"count":4,"href":"https:\/\/www.opinionpublica.tv\/portada\/wp-json\/wp\/v2\/posts\/59331\/revisions"}],"predecessor-version":[{"id":59351,"href":"https:\/\/www.opinionpublica.tv\/portada\/wp-json\/wp\/v2\/posts\/59331\/revisions\/59351"}],"wp:featuredmedia":[{"embeddable":true,"href":"https:\/\/www.opinionpublica.tv\/portada\/wp-json\/wp\/v2\/media\/43385"}],"wp:attachment":[{"href":"https:\/\/www.opinionpublica.tv\/portada\/wp-json\/wp\/v2\/media?parent=59331"}],"wp:term":[{"taxonomy":"category","embeddable":true,"href":"https:\/\/www.opinionpublica.tv\/portada\/wp-json\/wp\/v2\/categories?post=59331"},{"taxonomy":"post_tag","embeddable":true,"href":"https:\/\/www.opinionpublica.tv\/portada\/wp-json\/wp\/v2\/tags?post=59331"}],"curies":[{"name":"wp","href":"https:\/\/api.w.org\/{rel}","templated":true}]}}