{"id":59328,"date":"2025-05-15T00:01:00","date_gmt":"2025-05-15T06:01:00","guid":{"rendered":"https:\/\/www.opinionpublica.tv\/portada\/?p=59328"},"modified":"2025-05-15T01:27:09","modified_gmt":"2025-05-15T07:27:09","slug":"aprueba-cabildo-compra-de-terreno-para-construccion-de-viviendas","status":"publish","type":"post","link":"https:\/\/www.opinionpublica.tv\/portada\/aprueba-cabildo-compra-de-terreno-para-construccion-de-viviendas\/","title":{"rendered":"Aprueba Cabildo compra de terreno para construcci\u00f3n de viviendas"},"content":{"rendered":"\n<figure class=\"wp-block-image size-large\"><img fetchpriority=\"high\" decoding=\"async\" width=\"1024\" height=\"682\" src=\"https:\/\/www.opinionpublica.tv\/portada\/wp-content\/uploads\/2025\/05\/Aprueba-Cabildo-compra-de-terreno-para-construccion-de-viviendas-1024x682.jpeg\" alt=\"Aprueba cabildo compra de terreno para construccio\u0301n de viviendas\" class=\"wp-image-59329\" srcset=\"https:\/\/www.opinionpublica.tv\/portada\/wp-content\/uploads\/2025\/05\/Aprueba-Cabildo-compra-de-terreno-para-construccion-de-viviendas-1024x682.jpeg 1024w, https:\/\/www.opinionpublica.tv\/portada\/wp-content\/uploads\/2025\/05\/Aprueba-Cabildo-compra-de-terreno-para-construccion-de-viviendas-300x200.jpeg 300w, https:\/\/www.opinionpublica.tv\/portada\/wp-content\/uploads\/2025\/05\/Aprueba-Cabildo-compra-de-terreno-para-construccion-de-viviendas-768x512.jpeg 768w, https:\/\/www.opinionpublica.tv\/portada\/wp-content\/uploads\/2025\/05\/Aprueba-Cabildo-compra-de-terreno-para-construccion-de-viviendas-1536x1023.jpeg 1536w, https:\/\/www.opinionpublica.tv\/portada\/wp-content\/uploads\/2025\/05\/Aprueba-Cabildo-compra-de-terreno-para-construccion-de-viviendas.jpeg 1600w\" sizes=\"(max-width: 1024px) 100vw, 1024px\" \/><\/figure>\n\n\n\n<p class=\"wp-block-paragraph\">El Ayuntamiento de Ju\u00e1rez aprob\u00f3 la propuesta del Presidente Municipal, Cruz P\u00e9rez Cu\u00e9llar, para la adquisici\u00f3n de un terreno que se donar\u00e1 al Gobierno Federal para la construcci\u00f3n de viviendas para las familias juarenses.<\/p>\n\n\n\n<p class=\"wp-block-paragraph\">En la Sesi\u00f3n ordinaria 16 de Cabildo, el alcalde inform\u00f3 que se trabaja en la adquisici\u00f3n de un terreno con una dimensi\u00f3n de 54 mil 409 metros cuadrados, con un monto de operaci\u00f3n de 81 millones 600 mil pesos para contribuir con el esfuerzo que encabeza la Presidenta de la Rep\u00fablica, Claudia Sheinbaum Pardo de construir viviendas de inter\u00e9s social.<\/p>\n\n\n\n<p class=\"wp-block-paragraph\">\u201cEste esfuerzo que estamos haciendo tiene que ver con una pol\u00edtica social impulsada por la Presidenta de M\u00e9xico, Claudia Sheinbaum, que es muy pertinente para la ciudad, porque hay muchos trabajadores que est\u00e1n cotizando para el Infonavit, est\u00e1n trabajando y pagando renta\u201d, indic\u00f3.<\/p>\n\n\n\n<p class=\"wp-block-paragraph\">Mencion\u00f3 que el Municipio comprar\u00e1 el terreno a la empresa Pejorza y posteriormente lo donar\u00e1; se calcula que en ese lugar se podr\u00edan construir hasta mil 300 viviendas.<\/p>\n\n\n\n<p class=\"wp-block-paragraph\">\u201cEstamos hablando de mil 300 familias que van a poder tener ya un patrimonio y en lugar de estar pagando renta, puedan estar generando un patrimonio\u201d, coment\u00f3.<\/p>\n\n\n\n<p class=\"wp-block-paragraph\">Una vez que se adquiera, se donar\u00e1, ya sea a trav\u00e9s de Conavi o tambi\u00e9n a Infonavit, agreg\u00f3.<\/p>\n\n\n\n<p class=\"wp-block-paragraph\">El alcalde dijo que el Municipio pagar\u00e1 un anticipo de 26 millones 600 mil pesos y 20 mensualidades de 2 millones 750 mil pesos.<\/p>\n\n\n\n<p class=\"wp-block-paragraph\">Al respecto, el regidor Alejandro Daniel Acosta Avi\u00f1a propuso que este tema, que no aparec\u00eda en el orden del d\u00eda, se incluyera como un caso especial y as\u00ed validar y autorizar la compra de ese terreno para dar vivienda a la comunidad.<\/p>\n\n\n\n<p class=\"wp-block-paragraph\">A este respecto, el regidor Alejandro Alberto Jim\u00e9nez Vargas, dijo estar a favor de este punto porque se apoya a las familias para que tengan un patrimonio.<\/p>\n\n\n\n<p class=\"wp-block-paragraph\">Los miembros del Cabildo avalaron que fuera incluido en el orden del d\u00eda y fue votado a favor por unanimidad.<\/p>\n\n\n\n<p class=\"wp-block-paragraph\"><\/p>\n","protected":false},"excerpt":{"rendered":"<p>El Ayuntamiento de Ju\u00e1rez aprob\u00f3 la propuesta del Presidente Municipal, Cruz P\u00e9rez Cu\u00e9llar, para la adquisici\u00f3n de un terreno que se donar\u00e1 al Gobierno Federal para la construcci\u00f3n de viviendas para las familias juarenses. En la Sesi\u00f3n ordinaria 16 de Cabildo, el alcalde inform\u00f3 que se trabaja en la adquisici\u00f3n de un terreno con una [&hellip;]<\/p>\n","protected":false},"author":6,"featured_media":59329,"comment_status":"closed","ping_status":"closed","sticky":false,"template":"","format":"standard","meta":{"_acf_changed":false,"_monsterinsights_skip_tracking":false,"slim_seo":{"title":"Aprueba Cabildo compra de terreno para construcci\u00f3n de viviendas - Opini\u00f3n P\u00fablica","description":"El Ayuntamiento de Ju\u00e1rez aprob\u00f3 la propuesta del Presidente Municipal, Cruz P\u00e9rez Cu\u00e9llar, para la adquisici\u00f3n de un terreno que se donar\u00e1 al Gobierno Federal"},"footnotes":""},"categories":[41],"tags":[],"class_list":["post-59328","post","type-post","status-publish","format-standard","has-post-thumbnail","hentry","category-juarez"],"acf":[],"_links":{"self":[{"href":"https:\/\/www.opinionpublica.tv\/portada\/wp-json\/wp\/v2\/posts\/59328","targetHints":{"allow":["GET"]}}],"collection":[{"href":"https:\/\/www.opinionpublica.tv\/portada\/wp-json\/wp\/v2\/posts"}],"about":[{"href":"https:\/\/www.opinionpublica.tv\/portada\/wp-json\/wp\/v2\/types\/post"}],"author":[{"embeddable":true,"href":"https:\/\/www.opinionpublica.tv\/portada\/wp-json\/wp\/v2\/users\/6"}],"replies":[{"embeddable":true,"href":"https:\/\/www.opinionpublica.tv\/portada\/wp-json\/wp\/v2\/comments?post=59328"}],"version-history":[{"count":1,"href":"https:\/\/www.opinionpublica.tv\/portada\/wp-json\/wp\/v2\/posts\/59328\/revisions"}],"predecessor-version":[{"id":59330,"href":"https:\/\/www.opinionpublica.tv\/portada\/wp-json\/wp\/v2\/posts\/59328\/revisions\/59330"}],"wp:featuredmedia":[{"embeddable":true,"href":"https:\/\/www.opinionpublica.tv\/portada\/wp-json\/wp\/v2\/media\/59329"}],"wp:attachment":[{"href":"https:\/\/www.opinionpublica.tv\/portada\/wp-json\/wp\/v2\/media?parent=59328"}],"wp:term":[{"taxonomy":"category","embeddable":true,"href":"https:\/\/www.opinionpublica.tv\/portada\/wp-json\/wp\/v2\/categories?post=59328"},{"taxonomy":"post_tag","embeddable":true,"href":"https:\/\/www.opinionpublica.tv\/portada\/wp-json\/wp\/v2\/tags?post=59328"}],"curies":[{"name":"wp","href":"https:\/\/api.w.org\/{rel}","templated":true}]}}