{"id":59325,"date":"2025-05-15T00:01:00","date_gmt":"2025-05-15T06:01:00","guid":{"rendered":"https:\/\/www.opinionpublica.tv\/portada\/?p=59325"},"modified":"2025-05-15T01:21:31","modified_gmt":"2025-05-15T07:21:31","slug":"abordan-el-tema-de-los-sismos-autoridades-de-juarez-y-de-la-comision-nacional-de-proteccion-civil","status":"publish","type":"post","link":"https:\/\/www.opinionpublica.tv\/portada\/abordan-el-tema-de-los-sismos-autoridades-de-juarez-y-de-la-comision-nacional-de-proteccion-civil\/","title":{"rendered":"Abordan el tema de los sismos autoridades de Ju\u00e1rez y de la Comisi\u00f3n Nacional de Protecci\u00f3n Civil"},"content":{"rendered":"\n<figure class=\"wp-block-image size-large\"><img fetchpriority=\"high\" decoding=\"async\" width=\"1024\" height=\"682\" src=\"https:\/\/www.opinionpublica.tv\/portada\/wp-content\/uploads\/2025\/05\/Abordan-el-tema-de-los-sismos-autoridades-de-Juarez-y-de-la-Comision-Nacional-de-Proteccion-Civil-1024x682.jpeg\" alt=\"Abordan el tema de los sismos autoridades de jua\u0301rez y de la comisio\u0301n nacional de proteccio\u0301n civil\" class=\"wp-image-59326\" srcset=\"https:\/\/www.opinionpublica.tv\/portada\/wp-content\/uploads\/2025\/05\/Abordan-el-tema-de-los-sismos-autoridades-de-Juarez-y-de-la-Comision-Nacional-de-Proteccion-Civil-1024x682.jpeg 1024w, https:\/\/www.opinionpublica.tv\/portada\/wp-content\/uploads\/2025\/05\/Abordan-el-tema-de-los-sismos-autoridades-de-Juarez-y-de-la-Comision-Nacional-de-Proteccion-Civil-300x200.jpeg 300w, https:\/\/www.opinionpublica.tv\/portada\/wp-content\/uploads\/2025\/05\/Abordan-el-tema-de-los-sismos-autoridades-de-Juarez-y-de-la-Comision-Nacional-de-Proteccion-Civil-768x512.jpeg 768w, https:\/\/www.opinionpublica.tv\/portada\/wp-content\/uploads\/2025\/05\/Abordan-el-tema-de-los-sismos-autoridades-de-Juarez-y-de-la-Comision-Nacional-de-Proteccion-Civil-1536x1023.jpeg 1536w, https:\/\/www.opinionpublica.tv\/portada\/wp-content\/uploads\/2025\/05\/Abordan-el-tema-de-los-sismos-autoridades-de-Juarez-y-de-la-Comision-Nacional-de-Proteccion-Civil.jpeg 1600w\" sizes=\"(max-width: 1024px) 100vw, 1024px\" \/><\/figure>\n\n\n\n<p class=\"wp-block-paragraph\">Este d\u00eda, el Presidente Municipal, Cruz P\u00e9rez Cu\u00e9llar encabez\u00f3 una reuni\u00f3n de trabajo con representantes de la Comisi\u00f3n Nacional de Protecci\u00f3n Civil, con el objetivo de revisar las acciones preventivas y de respuesta ante la presencia de actividad s\u00edsmica en la regi\u00f3n.<\/p>\n\n\n\n<p class=\"wp-block-paragraph\">Durante el encuentro, el alcalde agradeci\u00f3 la disposici\u00f3n de las autoridades federales y estatales para acompa\u00f1ar estos trabajos y plante\u00f3 la posibilidad de explorar la viabilidad t\u00e9cnica de contar con una alerta s\u00edsmica para Ciudad Ju\u00e1rez.<\/p>\n\n\n\n<p class=\"wp-block-paragraph\">\u201cNo soy experto en la materia, pero es algo que hemos comentado con Sergio Rodr\u00edguez \u2014titular de Protecci\u00f3n Civil\u2014 y que inquieta tambi\u00e9n a la ciudadan\u00eda. Ser\u00eda importante saber si puede implementarse un sistema similar al que funciona en la Ciudad de M\u00e9xico\u201d, expres\u00f3 P\u00e9rez Cu\u00e9llar.<\/p>\n\n\n\n<p class=\"wp-block-paragraph\">Por su parte, Ana Gabriela Bravo Osuna, de la Coordinaci\u00f3n Estatal de Protecci\u00f3n Civil, ofreci\u00f3 una presentaci\u00f3n t\u00e9cnica en la que explic\u00f3 la naturaleza de los sismos, su origen en el movimiento de las placas tect\u00f3nicas y la clasificaci\u00f3n del territorio mexicano en zonas s\u00edsmicas.<\/p>\n\n\n\n<p class=\"wp-block-paragraph\">Subray\u00f3 que aunque en el norte del pa\u00eds la sismicidad es menos frecuente, no debe descartarse su ocurrencia y es fundamental fortalecer la preparaci\u00f3n ciudadana.<\/p>\n\n\n\n<p class=\"wp-block-paragraph\">Bravo Osuna tambi\u00e9n explic\u00f3 el funcionamiento de las alertas s\u00edsmicas que se basan en sensores instalados cerca del epicentro, los cuales emiten se\u00f1ales de advertencia antes de que la onda s\u00edsmica llegue a zonas urbanas.<\/p>\n\n\n\n<p class=\"wp-block-paragraph\">Sin embargo, puntualiz\u00f3 que la implementaci\u00f3n en regiones como Ju\u00e1rez depender\u00eda de la ubicaci\u00f3n geogr\u00e1fica y de factores como la distancia al epicentro y la soberan\u00eda del territorio donde se instalar\u00edan los sensores.<\/p>\n\n\n\n<p class=\"wp-block-paragraph\">Sergio Rodr\u00edguez, director de Protecci\u00f3n Civil Municipal, destac\u00f3 la importancia de fortalecer la cultura de la prevenci\u00f3n desde el hogar, las escuelas y los centros de trabajo.<\/p>\n\n\n\n<p class=\"wp-block-paragraph\">Mencion\u00f3 que los programas internos de protecci\u00f3n civil en empresas y negocios ya no deben verse como un mero requisito administrativo, sino como una obligaci\u00f3n y un compromiso social.<\/p>\n\n\n\n<p class=\"wp-block-paragraph\">Indic\u00f3 que actualmente se est\u00e1n implementando estrategias did\u00e1cticas e interactivas para ense\u00f1ar a ni\u00f1as y ni\u00f1os c\u00f3mo actuar antes, durante y despu\u00e9s de un sismo, con el fin de formar generaciones m\u00e1s preparadas ante emergencias.<\/p>\n\n\n\n<p class=\"wp-block-paragraph\">En la reuni\u00f3n tambi\u00e9n participaron representantes de la Secretar\u00eda de Seguridad P\u00fablica Municipal, de la Coordinaci\u00f3n General de Seguridad Vial, de la Direcci\u00f3n de Desarrollo Urbano y de la Direcci\u00f3n de Obras P\u00fablicas, adem\u00e1s de Protecci\u00f3n Civil Municipal y la Coordinaci\u00f3n Estatal de Protecci\u00f3n Civil, en un esfuerzo conjunto para reforzar la prevenci\u00f3n ante fen\u00f3menos s\u00edsmicos en la regi\u00f3n.<\/p>\n","protected":false},"excerpt":{"rendered":"<p>Este d\u00eda, el Presidente Municipal, Cruz P\u00e9rez Cu\u00e9llar encabez\u00f3 una reuni\u00f3n de trabajo con representantes de la Comisi\u00f3n Nacional de Protecci\u00f3n Civil, con el objetivo de revisar las acciones preventivas y de respuesta ante la presencia de actividad s\u00edsmica en la regi\u00f3n. Durante el encuentro, el alcalde agradeci\u00f3 la disposici\u00f3n de las autoridades federales y [&hellip;]<\/p>\n","protected":false},"author":6,"featured_media":59326,"comment_status":"closed","ping_status":"closed","sticky":false,"template":"","format":"standard","meta":{"_acf_changed":false,"_monsterinsights_skip_tracking":false,"slim_seo":{"title":"Abordan el tema de los sismos autoridades de Ju\u00e1rez y de la Comisi\u00f3n Nacional de Protecci\u00f3n Civil - Opini\u00f3n P\u00fablica","description":"Este d\u00eda, el Presidente Municipal, Cruz P\u00e9rez Cu\u00e9llar encabez\u00f3 una reuni\u00f3n de trabajo con representantes de la Comisi\u00f3n Nacional de Protecci\u00f3n Civil, con el obj"},"footnotes":""},"categories":[41],"tags":[],"class_list":["post-59325","post","type-post","status-publish","format-standard","has-post-thumbnail","hentry","category-juarez"],"acf":[],"_links":{"self":[{"href":"https:\/\/www.opinionpublica.tv\/portada\/wp-json\/wp\/v2\/posts\/59325","targetHints":{"allow":["GET"]}}],"collection":[{"href":"https:\/\/www.opinionpublica.tv\/portada\/wp-json\/wp\/v2\/posts"}],"about":[{"href":"https:\/\/www.opinionpublica.tv\/portada\/wp-json\/wp\/v2\/types\/post"}],"author":[{"embeddable":true,"href":"https:\/\/www.opinionpublica.tv\/portada\/wp-json\/wp\/v2\/users\/6"}],"replies":[{"embeddable":true,"href":"https:\/\/www.opinionpublica.tv\/portada\/wp-json\/wp\/v2\/comments?post=59325"}],"version-history":[{"count":1,"href":"https:\/\/www.opinionpublica.tv\/portada\/wp-json\/wp\/v2\/posts\/59325\/revisions"}],"predecessor-version":[{"id":59327,"href":"https:\/\/www.opinionpublica.tv\/portada\/wp-json\/wp\/v2\/posts\/59325\/revisions\/59327"}],"wp:featuredmedia":[{"embeddable":true,"href":"https:\/\/www.opinionpublica.tv\/portada\/wp-json\/wp\/v2\/media\/59326"}],"wp:attachment":[{"href":"https:\/\/www.opinionpublica.tv\/portada\/wp-json\/wp\/v2\/media?parent=59325"}],"wp:term":[{"taxonomy":"category","embeddable":true,"href":"https:\/\/www.opinionpublica.tv\/portada\/wp-json\/wp\/v2\/categories?post=59325"},{"taxonomy":"post_tag","embeddable":true,"href":"https:\/\/www.opinionpublica.tv\/portada\/wp-json\/wp\/v2\/tags?post=59325"}],"curies":[{"name":"wp","href":"https:\/\/api.w.org\/{rel}","templated":true}]}}