{"id":59319,"date":"2025-05-15T00:01:00","date_gmt":"2025-05-15T06:01:00","guid":{"rendered":"https:\/\/www.opinionpublica.tv\/portada\/?p=59319"},"modified":"2025-05-15T01:15:46","modified_gmt":"2025-05-15T07:15:46","slug":"abanderan-a-atletas-y-entrenadores-rumbo-a-olimpiada-nacional-2025","status":"publish","type":"post","link":"https:\/\/www.opinionpublica.tv\/portada\/abanderan-a-atletas-y-entrenadores-rumbo-a-olimpiada-nacional-2025\/","title":{"rendered":"Abanderan a atletas y entrenadores rumbo a Olimpiada Nacional 2025"},"content":{"rendered":"\n<figure class=\"wp-block-image size-large\"><img fetchpriority=\"high\" decoding=\"async\" width=\"963\" height=\"1024\" src=\"https:\/\/www.opinionpublica.tv\/portada\/wp-content\/uploads\/2025\/05\/Abanderan-a-atletas-y-entrenadores-rumbo-a-Olimpiada-Nacional-2025-963x1024.jpeg\" alt=\"Abanderan a atletas y entrenadores rumbo a olimpiada nacional 2025\" class=\"wp-image-59320\" srcset=\"https:\/\/www.opinionpublica.tv\/portada\/wp-content\/uploads\/2025\/05\/Abanderan-a-atletas-y-entrenadores-rumbo-a-Olimpiada-Nacional-2025-963x1024.jpeg 963w, https:\/\/www.opinionpublica.tv\/portada\/wp-content\/uploads\/2025\/05\/Abanderan-a-atletas-y-entrenadores-rumbo-a-Olimpiada-Nacional-2025-282x300.jpeg 282w, https:\/\/www.opinionpublica.tv\/portada\/wp-content\/uploads\/2025\/05\/Abanderan-a-atletas-y-entrenadores-rumbo-a-Olimpiada-Nacional-2025-768x817.jpeg 768w, https:\/\/www.opinionpublica.tv\/portada\/wp-content\/uploads\/2025\/05\/Abanderan-a-atletas-y-entrenadores-rumbo-a-Olimpiada-Nacional-2025-1444x1536.jpeg 1444w, https:\/\/www.opinionpublica.tv\/portada\/wp-content\/uploads\/2025\/05\/Abanderan-a-atletas-y-entrenadores-rumbo-a-Olimpiada-Nacional-2025.jpeg 1504w\" sizes=\"(max-width: 963px) 100vw, 963px\" \/><\/figure>\n\n\n\n<ul class=\"wp-block-list\">\n<li>La Delegaci\u00f3n Chihuahua est\u00e1 integrada por 800 atletas, 138 entrenadores y auxiliares, 5 fisiatras, 20 jueces, as\u00ed como 36 delegados y 34 oficiales y jefes de misi\u00f3n<br>\u00a0<br>El Patio Central de Palacio de Gobierno se engalan\u00f3 con la presencia de los atletas y entrenadores, que representar\u00e1n al estado de Chihuahua en la Olimpiada Nacional 2025, y que fueron abanderados rumbo a la m\u00e1xima justa nacional deportiva infantil y juvenil.<\/li>\n<\/ul>\n\n\n\n<p class=\"wp-block-paragraph\">Francisco Hugo Guti\u00e9rrez D\u00e1vila, secretario de Educaci\u00f3n y Deporte, en representaci\u00f3n de la gobernadora Maru Campos, fue el encargado de entregar el estandarte.<\/p>\n\n\n\n<p class=\"wp-block-paragraph\">La escolta de atletas estuvo integrada por Carolina Galaviz (ciclismo), Brenda Hern\u00e1ndez (rodeo), Celeste Arvayo (voleibol de sala), Sof\u00eda Acosta (gimnasia), as\u00ed como Ayrton Vallejo (basquetbol) y \u00c1ngel Dami\u00e1n Botello (handball).<\/p>\n\n\n\n<p class=\"wp-block-paragraph\">\u201cDurante este camino ustedes han brillado con luz propia en su lucha por ser los mejores, ahora representan al Chihuahua que queremos ver, un estado ganador y fuerte\u201d, dijo el funcionario a los j\u00f3venes deportistas.<\/p>\n\n\n\n<p class=\"wp-block-paragraph\">Les pidi\u00f3 portar con orgullo su uniforme: \u201cSe los encomiendo a su coraje, a su dignidad, a su amor por Chihuahua, sin duda, su esfuerzo ser\u00e1 premiado con el \u00e9xito\u201d.<\/p>\n\n\n\n<p class=\"wp-block-paragraph\">A\u00f1adi\u00f3 que son un ejemplo para las nuevas generaciones, el presente y el futuro del deporte chihuahuense, por lo que reiter\u00f3 el compromiso de impulsar su formaci\u00f3n y de fortalecer las pol\u00edticas p\u00fablicas que permiten construir un mejor ecosistema para los atletas.<\/p>\n\n\n\n<p class=\"wp-block-paragraph\">\u201cA sus entrenadoras y entrenadores, gracias por ser gu\u00edas, por formar con exigencias y humanidad. A sus familias, gracias por estar siempre ah\u00ed, celebrando sus triunfos y alentando en los momentos dif\u00edciles. A todas y todos ustedes, nuestra admiraci\u00f3n, nuestro respaldo y los mejores deseos. Lleven con orgullo el nombre de Chihuahua. Que su entrega inspire y su ejemplo trascienda\u201d, concluy\u00f3.<\/p>\n\n\n\n<p class=\"wp-block-paragraph\">En su mensaje de bienvenida, Teporaca Romero, directora del Instituto Chihuahuense del Deporte y Cultura F\u00edsica (ICHD), exhort\u00f3 a los j\u00f3venes a disfrutar de las competencias.<\/p>\n\n\n\n<p class=\"wp-block-paragraph\">\u201cAtesoren cada momento en la cancha, en el terreno de juego, sin duda, en su esfuerzo se ver\u00e1 reflejado todo el trabajo realizado para llegar a este evento, es el momento de brillar\u201d, dijo.<\/p>\n\n\n\n<p class=\"wp-block-paragraph\">En representaci\u00f3n de los atletas, Mia Michelle G\u00f3mez Aguilar, mencion\u00f3 a su compa\u00f1eros que el estar en este abanderamiento, es resultado de la decisi\u00f3n que tomaron cada d\u00eda para ir a entrenar.<\/p>\n\n\n\n<p class=\"wp-block-paragraph\">\u201cLas medallas se ganan en los entrenamientos. Hoy tenemos el reto de poner el nombre de Chihuahua en alto, hag\u00e1moslo con honor y toda la \u00e9tica que el deporte nos demanda\u201d, expres\u00f3.<\/p>\n\n\n\n<p class=\"wp-block-paragraph\">Como parte del acto, los atletas desfilaron con los uniformes de competencia, que utilizar\u00e1n en las 33 disciplinas deportivas en las que competir\u00e1n, en las sedes de Tlaxcala, Colima, Puebla, Jalisco y Yucat\u00e1n, del 15 de mayo al 25 de julio.<\/p>\n\n\n\n<p class=\"wp-block-paragraph\">La Delegaci\u00f3n Chihuahua est\u00e1 integrada por 800 atletas, 138 entrenadores y auxiliares, 5 fisioterapeutas, 20 jueces, as\u00ed como 36 delegados y 34 oficiales y jefes de misi\u00f3n.<\/p>\n\n\n\n<p class=\"wp-block-paragraph\"><\/p>\n","protected":false},"excerpt":{"rendered":"<p>Francisco Hugo Guti\u00e9rrez D\u00e1vila, secretario de Educaci\u00f3n y Deporte, en representaci\u00f3n de la gobernadora Maru Campos, fue el encargado de entregar el estandarte. La escolta de atletas estuvo integrada por Carolina Galaviz (ciclismo), Brenda Hern\u00e1ndez (rodeo), Celeste Arvayo (voleibol de sala), Sof\u00eda Acosta (gimnasia), as\u00ed como Ayrton Vallejo (basquetbol) y \u00c1ngel Dami\u00e1n Botello (handball). \u201cDurante [&hellip;]<\/p>\n","protected":false},"author":6,"featured_media":59320,"comment_status":"closed","ping_status":"closed","sticky":false,"template":"","format":"standard","meta":{"_acf_changed":false,"_monsterinsights_skip_tracking":false,"slim_seo":{"title":"Abanderan a atletas y entrenadores rumbo a Olimpiada Nacional 2025 - Opini\u00f3n P\u00fablica","description":"Francisco Hugo Guti\u00e9rrez D\u00e1vila, secretario de Educaci\u00f3n y Deporte, en representaci\u00f3n de la gobernadora Maru Campos, fue el encargado de entregar el estandarte."},"footnotes":""},"categories":[11],"tags":[],"class_list":["post-59319","post","type-post","status-publish","format-standard","has-post-thumbnail","hentry","category-tendencias"],"acf":[],"_links":{"self":[{"href":"https:\/\/www.opinionpublica.tv\/portada\/wp-json\/wp\/v2\/posts\/59319","targetHints":{"allow":["GET"]}}],"collection":[{"href":"https:\/\/www.opinionpublica.tv\/portada\/wp-json\/wp\/v2\/posts"}],"about":[{"href":"https:\/\/www.opinionpublica.tv\/portada\/wp-json\/wp\/v2\/types\/post"}],"author":[{"embeddable":true,"href":"https:\/\/www.opinionpublica.tv\/portada\/wp-json\/wp\/v2\/users\/6"}],"replies":[{"embeddable":true,"href":"https:\/\/www.opinionpublica.tv\/portada\/wp-json\/wp\/v2\/comments?post=59319"}],"version-history":[{"count":1,"href":"https:\/\/www.opinionpublica.tv\/portada\/wp-json\/wp\/v2\/posts\/59319\/revisions"}],"predecessor-version":[{"id":59321,"href":"https:\/\/www.opinionpublica.tv\/portada\/wp-json\/wp\/v2\/posts\/59319\/revisions\/59321"}],"wp:featuredmedia":[{"embeddable":true,"href":"https:\/\/www.opinionpublica.tv\/portada\/wp-json\/wp\/v2\/media\/59320"}],"wp:attachment":[{"href":"https:\/\/www.opinionpublica.tv\/portada\/wp-json\/wp\/v2\/media?parent=59319"}],"wp:term":[{"taxonomy":"category","embeddable":true,"href":"https:\/\/www.opinionpublica.tv\/portada\/wp-json\/wp\/v2\/categories?post=59319"},{"taxonomy":"post_tag","embeddable":true,"href":"https:\/\/www.opinionpublica.tv\/portada\/wp-json\/wp\/v2\/tags?post=59319"}],"curies":[{"name":"wp","href":"https:\/\/api.w.org\/{rel}","templated":true}]}}