{"id":59248,"date":"2025-05-13T00:01:00","date_gmt":"2025-05-13T06:01:00","guid":{"rendered":"https:\/\/www.opinionpublica.tv\/portada\/?p=59248"},"modified":"2025-05-13T04:35:49","modified_gmt":"2025-05-13T10:35:49","slug":"emite-proteccion-civil-estatal-alerta-por-fuertes-vientos-para-los-proximos-dias","status":"publish","type":"post","link":"https:\/\/www.opinionpublica.tv\/portada\/emite-proteccion-civil-estatal-alerta-por-fuertes-vientos-para-los-proximos-dias\/","title":{"rendered":"Emite Protecci\u00f3n Civil Estatal alerta por fuertes vientos para los pr\u00f3ximos d\u00edas"},"content":{"rendered":"\n<figure class=\"wp-block-image size-large\"><img fetchpriority=\"high\" decoding=\"async\" width=\"1024\" height=\"619\" src=\"https:\/\/www.opinionpublica.tv\/portada\/wp-content\/uploads\/2025\/05\/Emite-Proteccion-Civil-Estatal-alerta-por-fuertes-vientos-para-los-proximos-dias-1024x619.jpeg\" alt=\"Emite proteccion civil estatal alerta por fuertes vientos para los pro\u0301ximos dias\" class=\"wp-image-59249\" srcset=\"https:\/\/www.opinionpublica.tv\/portada\/wp-content\/uploads\/2025\/05\/Emite-Proteccion-Civil-Estatal-alerta-por-fuertes-vientos-para-los-proximos-dias-1024x619.jpeg 1024w, https:\/\/www.opinionpublica.tv\/portada\/wp-content\/uploads\/2025\/05\/Emite-Proteccion-Civil-Estatal-alerta-por-fuertes-vientos-para-los-proximos-dias-300x181.jpeg 300w, https:\/\/www.opinionpublica.tv\/portada\/wp-content\/uploads\/2025\/05\/Emite-Proteccion-Civil-Estatal-alerta-por-fuertes-vientos-para-los-proximos-dias-768x464.jpeg 768w, https:\/\/www.opinionpublica.tv\/portada\/wp-content\/uploads\/2025\/05\/Emite-Proteccion-Civil-Estatal-alerta-por-fuertes-vientos-para-los-proximos-dias.jpeg 1425w\" sizes=\"(max-width: 1024px) 100vw, 1024px\" \/><\/figure>\n\n\n\n<ul class=\"wp-block-list\">\n<li>Se prev\u00e9 la formaci\u00f3n de tolvaneras y de tormentas de arena en diversas regiones del estado<\/li>\n<\/ul>\n\n\n\n<p class=\"wp-block-paragraph\">La Coordinaci\u00f3n Estatal de Protecci\u00f3n Civil (CEPC), alert\u00f3 a la poblaci\u00f3n ante la presencia de vientos, con rachas que podr\u00edan superar los 65 kil\u00f3metros por hora (km\/h) en gran parte del territorio chihuahuense.<\/p>\n\n\n\n<p class=\"wp-block-paragraph\">Estas condiciones ser\u00e1n generadas por la entrada de un nuevo frente fr\u00edo al pa\u00eds, en interacci\u00f3n con la corriente en chorro subtropical, una circulaci\u00f3n anticicl\u00f3nica de la atm\u00f3sfera, un canal de baja presi\u00f3n y aire h\u00famedo oc\u00e9ano Pac\u00edfico.<\/p>\n\n\n\n<p class=\"wp-block-paragraph\">La velocidad de los vientos podr\u00eda generar la formaci\u00f3n de tolvaneras y tormentas de arena, que podr\u00edan impedir la visibilidad en algunos tramos carreteros.<br>Se espera adem\u00e1s un ambiente de fresco a templado por las ma\u00f1anas y de poco caluroso a muy caluroso por las tardes.<\/p>\n\n\n\n<p class=\"wp-block-paragraph\">Para hoy y ma\u00f1ana, se prev\u00e9n r\u00e1fagas superiores a 65 km\/h en las regiones norte y noroeste del estado, y de hasta 45 km\/h en el centro y sur del territorio.<\/p>\n\n\n\n<p class=\"wp-block-paragraph\">Adem\u00e1s hay probabilidad de lluvias aisladas en Matamoros y Coronado, mismas que podr\u00edan estar acompa\u00f1adas de actividad el\u00e9ctrica y posible ca\u00edda de granizo.<\/p>\n\n\n\n<p class=\"wp-block-paragraph\">Similares condiciones prevalecer\u00e1n este mi\u00e9rcoles, con r\u00e1fagas mayores a 65 km\/h en la regi\u00f3n norte, y de 55 km\/h en las zonas noroeste y sur.<\/p>\n\n\n\n<p class=\"wp-block-paragraph\">La CEPC hace un llamado a la poblaci\u00f3n a tomar precauciones e informarse sobre las condiciones meteorol\u00f3gicas, a trav\u00e9s de los medios oficiales.<\/p>\n","protected":false},"excerpt":{"rendered":"<p>La Coordinaci\u00f3n Estatal de Protecci\u00f3n Civil (CEPC), alert\u00f3 a la poblaci\u00f3n ante la presencia de vientos, con rachas que podr\u00edan superar los 65 kil\u00f3metros por hora (km\/h) en gran parte del territorio chihuahuense. Estas condiciones ser\u00e1n generadas por la entrada de un nuevo frente fr\u00edo al pa\u00eds, en interacci\u00f3n con la corriente en chorro subtropical, [&hellip;]<\/p>\n","protected":false},"author":6,"featured_media":59249,"comment_status":"closed","ping_status":"closed","sticky":false,"template":"","format":"standard","meta":{"_acf_changed":false,"_monsterinsights_skip_tracking":false,"slim_seo":{"title":"Emite Protecci\u00f3n Civil Estatal alerta por fuertes vientos para los pr\u00f3ximos d\u00edas - Opini\u00f3n P\u00fablica","description":"La Coordinaci\u00f3n Estatal de Protecci\u00f3n Civil (CEPC), alert\u00f3 a la poblaci\u00f3n ante la presencia de vientos, con rachas que podr\u00edan superar los 65 kil\u00f3metros por hor"},"footnotes":""},"categories":[11],"tags":[],"class_list":["post-59248","post","type-post","status-publish","format-standard","has-post-thumbnail","hentry","category-tendencias"],"acf":[],"_links":{"self":[{"href":"https:\/\/www.opinionpublica.tv\/portada\/wp-json\/wp\/v2\/posts\/59248","targetHints":{"allow":["GET"]}}],"collection":[{"href":"https:\/\/www.opinionpublica.tv\/portada\/wp-json\/wp\/v2\/posts"}],"about":[{"href":"https:\/\/www.opinionpublica.tv\/portada\/wp-json\/wp\/v2\/types\/post"}],"author":[{"embeddable":true,"href":"https:\/\/www.opinionpublica.tv\/portada\/wp-json\/wp\/v2\/users\/6"}],"replies":[{"embeddable":true,"href":"https:\/\/www.opinionpublica.tv\/portada\/wp-json\/wp\/v2\/comments?post=59248"}],"version-history":[{"count":1,"href":"https:\/\/www.opinionpublica.tv\/portada\/wp-json\/wp\/v2\/posts\/59248\/revisions"}],"predecessor-version":[{"id":59250,"href":"https:\/\/www.opinionpublica.tv\/portada\/wp-json\/wp\/v2\/posts\/59248\/revisions\/59250"}],"wp:featuredmedia":[{"embeddable":true,"href":"https:\/\/www.opinionpublica.tv\/portada\/wp-json\/wp\/v2\/media\/59249"}],"wp:attachment":[{"href":"https:\/\/www.opinionpublica.tv\/portada\/wp-json\/wp\/v2\/media?parent=59248"}],"wp:term":[{"taxonomy":"category","embeddable":true,"href":"https:\/\/www.opinionpublica.tv\/portada\/wp-json\/wp\/v2\/categories?post=59248"},{"taxonomy":"post_tag","embeddable":true,"href":"https:\/\/www.opinionpublica.tv\/portada\/wp-json\/wp\/v2\/tags?post=59248"}],"curies":[{"name":"wp","href":"https:\/\/api.w.org\/{rel}","templated":true}]}}