{"id":59175,"date":"2025-05-11T00:01:00","date_gmt":"2025-05-11T06:01:00","guid":{"rendered":"https:\/\/www.opinionpublica.tv\/portada\/?p=59175"},"modified":"2025-05-10T20:12:35","modified_gmt":"2025-05-11T02:12:35","slug":"realizaron-la-segunda-feria-stem-de-colegios-particulares-de-ciudad-juarez","status":"publish","type":"post","link":"https:\/\/www.opinionpublica.tv\/portada\/realizaron-la-segunda-feria-stem-de-colegios-particulares-de-ciudad-juarez\/","title":{"rendered":"Realizaron la Segunda Feria de Clases STEAM de Colegios Particulares\u00a0de Ciudad Ju\u00e1rez"},"content":{"rendered":"\n<figure class=\"wp-block-image size-large\"><img fetchpriority=\"high\" decoding=\"async\" width=\"1024\" height=\"682\" src=\"https:\/\/www.opinionpublica.tv\/portada\/wp-content\/uploads\/2025\/05\/Realizaron-la-Segunda-Feria-de-Clases-STEM-de-Colegios-Particulares-de-Ciudad-Juarez-1024x682.jpeg\" alt=\"Realizaron la segunda feria de clases stem de colegios particulares\u00a0de ciudad jua\u0301rez\" class=\"wp-image-59179\" srcset=\"https:\/\/www.opinionpublica.tv\/portada\/wp-content\/uploads\/2025\/05\/Realizaron-la-Segunda-Feria-de-Clases-STEM-de-Colegios-Particulares-de-Ciudad-Juarez-1024x682.jpeg 1024w, https:\/\/www.opinionpublica.tv\/portada\/wp-content\/uploads\/2025\/05\/Realizaron-la-Segunda-Feria-de-Clases-STEM-de-Colegios-Particulares-de-Ciudad-Juarez-300x200.jpeg 300w, https:\/\/www.opinionpublica.tv\/portada\/wp-content\/uploads\/2025\/05\/Realizaron-la-Segunda-Feria-de-Clases-STEM-de-Colegios-Particulares-de-Ciudad-Juarez-768x512.jpeg 768w, https:\/\/www.opinionpublica.tv\/portada\/wp-content\/uploads\/2025\/05\/Realizaron-la-Segunda-Feria-de-Clases-STEM-de-Colegios-Particulares-de-Ciudad-Juarez-1536x1023.jpeg 1536w, https:\/\/www.opinionpublica.tv\/portada\/wp-content\/uploads\/2025\/05\/Realizaron-la-Segunda-Feria-de-Clases-STEM-de-Colegios-Particulares-de-Ciudad-Juarez.jpeg 1600w\" sizes=\"(max-width: 1024px) 100vw, 1024px\" \/><\/figure>\n\n\n\n<p class=\"wp-block-paragraph\"><em>Ciudad Ju\u00e1rez, Chih<\/em>.- La Secretar\u00eda de Educaci\u00f3n y Deporte (SEyD) y la Coordinadora de Educaci\u00f3n de la Zona Norte, llevaron a cabo la inauguraci\u00f3n de la Segunda Feria STEAM de Colegios Particulares, en Ciudad Ju\u00e1rez.<\/p>\n\n\n\n<p class=\"wp-block-paragraph\">El evento se desarroll\u00f3 en el Instituto Anna Freud Valle del Sol y fue inaugurado por el subsecretario de Educaci\u00f3n en la Zona Norte, Maurilio Fuentes Estrada, quien felicit\u00f3 a los organizadores y al alumnado participante.<\/p>\n\n\n\n<p class=\"wp-block-paragraph\">\u201cSu entusiasmo, ingenio y dedicaci\u00f3n, han demostrado lo mejor de la ciencia, la tecnolog\u00eda, la ingenier\u00eda y las matem\u00e1ticas. Gracias a su esfuerzo y curiosidad hemos visto proyectos que inspiran a resolver problemas de la vida real\u201d, expres\u00f3.<\/p>\n\n\n\n<p class=\"wp-block-paragraph\">Marivel Ornelas Rasc\u00f3n, asesora t\u00e9cnica pedag\u00f3gica de la Zona Escolar No.40 y organizadora del evento, inform\u00f3 que este es el segundo a\u00f1o que se realiza la Feria, esta vez, con la participaci\u00f3n de 11 colegios, con el prop\u00f3sito de impulsar la inclusi\u00f3n del modelo STEM en todos los grados de Educaci\u00f3n Primaria.<\/p>\n\n\n\n<p class=\"wp-block-paragraph\">\u201cLas clases STEM promueven el desarrollo del pensamiento cient\u00edfico en nuestras ni\u00f1as y ni\u00f1os, la creatividad, la innovaci\u00f3n. Ya sabemos que tenemos varios retos en un futuro\u201d, afirm\u00f3.<\/p>\n\n\n\n<p class=\"wp-block-paragraph\">Omar Saucedo, gerente de Vinculaci\u00f3n para Tecpark en M\u00e9xico y l\u00edder de filantrop\u00eda de Microsoft, destac\u00f3 que es clave conectar la tecnolog\u00eda y la innovaci\u00f3n en los niveles de primaria y secundaria, porque es ah\u00ed donde los ni\u00f1os y j\u00f3venes empiezan a descubrir su potencial.<\/p>\n\n\n\n<p class=\"wp-block-paragraph\">Entre las&nbsp;instituciones que participaron se encuentran, el&nbsp;Instituto Teresa de \u00c1vila, Instituto Adela de Cornejo, y los colegios Casa Montessori, del Bosque y Santa Mar\u00eda.<\/p>\n\n\n\n<p class=\"wp-block-paragraph\">Adem\u00e1s del Instituto Kurowi, los colegios biling\u00fces Anna Freud y Anna Freud Valle del Sol, Tercer Centenario, Panamericano y el Centro Educativo Omega.<\/p>\n","protected":false},"excerpt":{"rendered":"<p>Ciudad Ju\u00e1rez, Chih.- La Secretar\u00eda de Educaci\u00f3n y Deporte (SEyD) y la Coordinadora de Educaci\u00f3n de la Zona Norte, llevaron a cabo la inauguraci\u00f3n de la Segunda Feria STEAM de Colegios Particulares, en Ciudad Ju\u00e1rez. El evento se desarroll\u00f3 en el Instituto Anna Freud Valle del Sol y fue inaugurado por el subsecretario de Educaci\u00f3n [&hellip;]<\/p>\n","protected":false},"author":6,"featured_media":59179,"comment_status":"closed","ping_status":"closed","sticky":false,"template":"","format":"standard","meta":{"_acf_changed":false,"_monsterinsights_skip_tracking":false,"slim_seo":{"title":"Realizaron la Segunda Feria de Clases STEAM de Colegios Particulares\u00a0de Ciudad Ju\u00e1rez - Opini\u00f3n P\u00fablica","description":"Ciudad Ju\u00e1rez, Chih .- La Secretar\u00eda de Educaci\u00f3n y Deporte (SEyD) y la Coordinadora de Educaci\u00f3n de la Zona Norte, llevaron a cabo la inauguraci\u00f3n de la Segund"},"footnotes":""},"categories":[11],"tags":[],"class_list":["post-59175","post","type-post","status-publish","format-standard","has-post-thumbnail","hentry","category-tendencias"],"acf":[],"_links":{"self":[{"href":"https:\/\/www.opinionpublica.tv\/portada\/wp-json\/wp\/v2\/posts\/59175","targetHints":{"allow":["GET"]}}],"collection":[{"href":"https:\/\/www.opinionpublica.tv\/portada\/wp-json\/wp\/v2\/posts"}],"about":[{"href":"https:\/\/www.opinionpublica.tv\/portada\/wp-json\/wp\/v2\/types\/post"}],"author":[{"embeddable":true,"href":"https:\/\/www.opinionpublica.tv\/portada\/wp-json\/wp\/v2\/users\/6"}],"replies":[{"embeddable":true,"href":"https:\/\/www.opinionpublica.tv\/portada\/wp-json\/wp\/v2\/comments?post=59175"}],"version-history":[{"count":3,"href":"https:\/\/www.opinionpublica.tv\/portada\/wp-json\/wp\/v2\/posts\/59175\/revisions"}],"predecessor-version":[{"id":59180,"href":"https:\/\/www.opinionpublica.tv\/portada\/wp-json\/wp\/v2\/posts\/59175\/revisions\/59180"}],"wp:featuredmedia":[{"embeddable":true,"href":"https:\/\/www.opinionpublica.tv\/portada\/wp-json\/wp\/v2\/media\/59179"}],"wp:attachment":[{"href":"https:\/\/www.opinionpublica.tv\/portada\/wp-json\/wp\/v2\/media?parent=59175"}],"wp:term":[{"taxonomy":"category","embeddable":true,"href":"https:\/\/www.opinionpublica.tv\/portada\/wp-json\/wp\/v2\/categories?post=59175"},{"taxonomy":"post_tag","embeddable":true,"href":"https:\/\/www.opinionpublica.tv\/portada\/wp-json\/wp\/v2\/tags?post=59175"}],"curies":[{"name":"wp","href":"https:\/\/api.w.org\/{rel}","templated":true}]}}