{"id":59170,"date":"2025-05-11T00:01:00","date_gmt":"2025-05-11T06:01:00","guid":{"rendered":"https:\/\/www.opinionpublica.tv\/portada\/?p=59170"},"modified":"2025-05-10T20:06:26","modified_gmt":"2025-05-11T02:06:26","slug":"llevan-comunicacion-satelital-y-suministros-a-combatientes-de-incendios-forestales","status":"publish","type":"post","link":"https:\/\/www.opinionpublica.tv\/portada\/llevan-comunicacion-satelital-y-suministros-a-combatientes-de-incendios-forestales\/","title":{"rendered":"Llevan comunicaci\u00f3n satelital y suministros a combatientes de los incendios forestales"},"content":{"rendered":"\n<figure class=\"wp-block-image size-large\"><img fetchpriority=\"high\" decoding=\"async\" width=\"1024\" height=\"768\" src=\"https:\/\/www.opinionpublica.tv\/portada\/wp-content\/uploads\/2025\/05\/Llevan-comunicacion-satelital-y-suministros-a-combatientes-de-los-incendios-forestales-1024x768.jpeg\" alt=\"Llevan comunicacio\u0301n satelital y suministros a combatientes de los incendios forestales\" class=\"wp-image-59173\" srcset=\"https:\/\/www.opinionpublica.tv\/portada\/wp-content\/uploads\/2025\/05\/Llevan-comunicacion-satelital-y-suministros-a-combatientes-de-los-incendios-forestales-1024x768.jpeg 1024w, https:\/\/www.opinionpublica.tv\/portada\/wp-content\/uploads\/2025\/05\/Llevan-comunicacion-satelital-y-suministros-a-combatientes-de-los-incendios-forestales-300x225.jpeg 300w, https:\/\/www.opinionpublica.tv\/portada\/wp-content\/uploads\/2025\/05\/Llevan-comunicacion-satelital-y-suministros-a-combatientes-de-los-incendios-forestales-768x576.jpeg 768w, https:\/\/www.opinionpublica.tv\/portada\/wp-content\/uploads\/2025\/05\/Llevan-comunicacion-satelital-y-suministros-a-combatientes-de-los-incendios-forestales-1536x1152.jpeg 1536w, https:\/\/www.opinionpublica.tv\/portada\/wp-content\/uploads\/2025\/05\/Llevan-comunicacion-satelital-y-suministros-a-combatientes-de-los-incendios-forestales.jpeg 1600w\" sizes=\"(max-width: 1024px) 100vw, 1024px\" \/><\/figure>\n\n\n\n<p class=\"wp-block-paragraph\"><em>Chihuahua, Chih<\/em>.- Personal de la Coordinaci\u00f3n Estatal de Protecci\u00f3n Civil (CEPC), llev\u00f3 a combatientes incendios forestales que trabajan en el municipio de Madera, equipo de comunicaci\u00f3n satelital y suministros esenciales, en apoyo a su labor.<\/p>\n\n\n\n<p class=\"wp-block-paragraph\">Las labores para el combate de los siniestros, se desarrollan en los ejidos El Largo Maderal y Pomonas.<\/p>\n\n\n\n<p class=\"wp-block-paragraph\">El equipo entregado mejorar\u00e1 la conectividad de los equipos t\u00e9cnicos, lo que permite una eficiente conexi\u00f3n para el env\u00edo de informaci\u00f3n.<\/p>\n\n\n\n<p class=\"wp-block-paragraph\">Tambi\u00e9n se brinda acompa\u00f1amiento con especialistas en cartograf\u00eda, que identifican puntos estrat\u00e9gicos para la obtenci\u00f3n de im\u00e1genes a\u00e9reas tomadas con drones, y as\u00ed optimizar el monitoreo de las \u00e1reas de combate del fuego.<\/p>\n\n\n\n<p class=\"wp-block-paragraph\">Adem\u00e1s, en colaboraci\u00f3n con la Secretar\u00eda de Desarrollo Rural y la Comisi\u00f3n Nacional Forestal, en los campamentos se entregaron insumos donados por la Cruz Roja, como agua embotellada y alimento no perecedero.<\/p>\n","protected":false},"excerpt":{"rendered":"<p>Chihuahua, Chih.- Personal de la Coordinaci\u00f3n Estatal de Protecci\u00f3n Civil (CEPC), llev\u00f3 a combatientes incendios forestales que trabajan en el municipio de Madera, equipo de comunicaci\u00f3n satelital y suministros esenciales, en apoyo a su labor. Las labores para el combate de los siniestros, se desarrollan en los ejidos El Largo Maderal y Pomonas. El equipo [&hellip;]<\/p>\n","protected":false},"author":6,"featured_media":59173,"comment_status":"closed","ping_status":"closed","sticky":false,"template":"","format":"standard","meta":{"_acf_changed":false,"_monsterinsights_skip_tracking":false,"slim_seo":{"title":"Llevan comunicaci\u00f3n satelital y suministros a combatientes de los incendios forestales - Opini\u00f3n P\u00fablica","description":"Chihuahua, Chih .- Personal de la Coordinaci\u00f3n Estatal de Protecci\u00f3n Civil (CEPC), llev\u00f3 a combatientes incendios forestales que trabajan en el municipio de Mad"},"footnotes":""},"categories":[11],"tags":[],"class_list":["post-59170","post","type-post","status-publish","format-standard","has-post-thumbnail","hentry","category-tendencias"],"acf":[],"_links":{"self":[{"href":"https:\/\/www.opinionpublica.tv\/portada\/wp-json\/wp\/v2\/posts\/59170","targetHints":{"allow":["GET"]}}],"collection":[{"href":"https:\/\/www.opinionpublica.tv\/portada\/wp-json\/wp\/v2\/posts"}],"about":[{"href":"https:\/\/www.opinionpublica.tv\/portada\/wp-json\/wp\/v2\/types\/post"}],"author":[{"embeddable":true,"href":"https:\/\/www.opinionpublica.tv\/portada\/wp-json\/wp\/v2\/users\/6"}],"replies":[{"embeddable":true,"href":"https:\/\/www.opinionpublica.tv\/portada\/wp-json\/wp\/v2\/comments?post=59170"}],"version-history":[{"count":2,"href":"https:\/\/www.opinionpublica.tv\/portada\/wp-json\/wp\/v2\/posts\/59170\/revisions"}],"predecessor-version":[{"id":59174,"href":"https:\/\/www.opinionpublica.tv\/portada\/wp-json\/wp\/v2\/posts\/59170\/revisions\/59174"}],"wp:featuredmedia":[{"embeddable":true,"href":"https:\/\/www.opinionpublica.tv\/portada\/wp-json\/wp\/v2\/media\/59173"}],"wp:attachment":[{"href":"https:\/\/www.opinionpublica.tv\/portada\/wp-json\/wp\/v2\/media?parent=59170"}],"wp:term":[{"taxonomy":"category","embeddable":true,"href":"https:\/\/www.opinionpublica.tv\/portada\/wp-json\/wp\/v2\/categories?post=59170"},{"taxonomy":"post_tag","embeddable":true,"href":"https:\/\/www.opinionpublica.tv\/portada\/wp-json\/wp\/v2\/tags?post=59170"}],"curies":[{"name":"wp","href":"https:\/\/api.w.org\/{rel}","templated":true}]}}