{"id":59156,"date":"2025-05-11T00:01:00","date_gmt":"2025-05-11T06:01:00","guid":{"rendered":"https:\/\/www.opinionpublica.tv\/portada\/?p=59156"},"modified":"2025-05-10T18:12:19","modified_gmt":"2025-05-11T00:12:19","slug":"volver-al-tema","status":"publish","type":"post","link":"https:\/\/www.opinionpublica.tv\/portada\/volver-al-tema\/","title":{"rendered":"Volver al tema"},"content":{"rendered":"\n<h4 class=\"wp-block-heading\">Jos\u00e9 Woldenberg<\/h4>\n\n\n\n<p class=\"wp-block-paragraph\">___________________________<\/p>\n\n\n\n<p class=\"wp-block-paragraph\">El expresidente Ernesto Zedillo public\u00f3 un duro y fundado ensayo sobre la destrucci\u00f3n de nuestra germinal democracia por los m\u00e1s recientes gobiernos: (\u201cM\u00e9xico: de la democracia a la tiran\u00eda\u201d, Letras Libres, mayo de 2025). No es el primero que lo dice. Decenas, quiz\u00e1 centenas de articulistas, acad\u00e9micos, agrupaciones civiles, organizaciones internacionales, han (hemos) apuntado en el mismo sentido.<\/p>\n\n\n\n<p class=\"wp-block-paragraph\">Pero, por supuesto, no es lo mismo que un expresidente lo se\u00f1ale, argumente y ponga los puntos sobre las \u00edes. Sus dichos tienen una mayor visibilidad p\u00fablica e impacto social.<\/p>\n\n\n\n<p class=\"wp-block-paragraph\">La reacci\u00f3n gubernamental, empezando por la presidenta, no se hizo esperar. No fue para debatir el estrat\u00e9gico y desolador tema que puso sobre la mesa el expresidente, sino para tratar de descalificar al \u201cmensajero\u201d de tal suerte que el mensaje no se escuchara. Intent\u00f3 y en buena medida logr\u00f3 desviar la atenci\u00f3n hacia otros temas: que si Fobaproa, que si las represiones, que si la esposa de Zedillo\u2026, y el propio expresidente tambi\u00e9n aliment\u00f3 la fuga hacia otros territorios: demand\u00f3 auditar las obras del Tren Maya, las de la refiner\u00eda de Dos Bocas\u2026 No sabemos debatir.<\/p>\n\n\n\n<p class=\"wp-block-paragraph\">Hace muchos a\u00f1os un buen amigo me dijo que, en Inglaterra, desde la primaria, a los ni\u00f1os en la escuela se les ensa\u00f1aba a discutir. Y la primera regla era excluir las respuestas ad hominem. Los ni\u00f1os deb\u00edan acostumbrarse a reaccionar ante los argumentos, no ante los atributos reales o inventados de la persona que los emit\u00eda, porque m\u00e1s all\u00e1 de filias y fobias, la persona pod\u00eda estar diciendo una verdad de a kilo. (Por cierto, nunca confirm\u00e9 esos dichos, pero si no es as\u00ed, as\u00ed deber\u00eda ser).<\/p>\n\n\n\n<p class=\"wp-block-paragraph\">Vuelvo entonces al tema o los temas. Pregunto a tutti frutti, morenistas, opositores, funcionarios, ciudadanos no alineados si es cierto o no\u2026 (transcribo algunas afirmaciones del expresidente):<\/p>\n\n\n\n<p class=\"wp-block-paragraph\">\u00bfQue AMLO \u201catac\u00f3 sin descanso la independencia y la capacidad institucional del INE\u2026 no dud\u00f3 en calumniar, insultar y amenazar tanto a la instituci\u00f3n como a personas\u201d? \u00bfQue \u201cel entonces presidente y miembros de alto nivel de su gobierno y su partido violaron en numerosas ocasiones los principios de imparcialidad, neutralidad y equidad durante las elecciones\u2026\u201d?<\/p>\n\n\n\n<p class=\"wp-block-paragraph\">\u00bfQue las autoridades electorales \u201cotorgaron al partido oficial y a sus socios de coalici\u00f3n el 74% de los esca\u00f1os en la C\u00e1mara de Diputados pese a haber obtenido el 54%\u201d de los votos? \u00bfQue con la reforma judicial \u201chabr\u00e1 jueces, magistrados y ministros que obedecer\u00e1n, no a la ley, sino al poder pol\u00edtico dominante\u201d? \u00bfQue la \u201cintenci\u00f3n es\u2026 arrasar con el poder judicial independiente y profesional y ponerlo al servicio de quienes detentan y concentran el poder pol\u00edtico\u201d?<\/p>\n\n\n\n<p class=\"wp-block-paragraph\">\u00bfQue \u201cse elimina la posibilidad de que la Suprema Corte ejerza control sobre el contenido de las reformas constitucionales\u201d? \u00bfQue la eliminaci\u00f3n de los \u00f3rganos aut\u00f3nomos del Estado crea \u201cmayores espacios para la arbitrariedad, decisiones con fines exclusivamente pol\u00edticos, opacidad y ocultamiento, y obviamente corrupci\u00f3n\u201d?<\/p>\n\n\n\n<p class=\"wp-block-paragraph\">\u00bf\u201cQue la Guardia Nacional -ahora un \u00f3rgano del Ej\u00e9rcito- podr\u00e1 investigar delitos con autonom\u00eda e independencia del ministerio p\u00fablico\u201d? \u00bfQue las reformas recientes \u201chan dispuesto la ampliaci\u00f3n de las causales de la ominosa prisi\u00f3n preventiva oficiosa\u201d? \u00bfQue se ha eliminado \u201cel portal que existi\u00f3 durante veintiocho a\u00f1os para conocer y revisar los contratos del gobierno\u201d?<\/p>\n\n\n\n<p class=\"wp-block-paragraph\">Ninguno de los anteriores asuntos es menor. Todo lo contrario. Y juntos resultan alarmantes. Digo, para volver al tema.<\/p>\n","protected":false},"excerpt":{"rendered":"<p>Jos\u00e9 Woldenberg ___________________________ El expresidente Ernesto Zedillo public\u00f3 un duro y fundado ensayo sobre la destrucci\u00f3n de nuestra germinal democracia por los m\u00e1s recientes gobiernos: (\u201cM\u00e9xico: de la democracia a la tiran\u00eda\u201d, Letras Libres, mayo de 2025). No es el primero que lo dice. Decenas, quiz\u00e1 centenas de articulistas, acad\u00e9micos, agrupaciones civiles, organizaciones internacionales, han [&hellip;]<\/p>\n","protected":false},"author":6,"featured_media":43694,"comment_status":"closed","ping_status":"closed","sticky":false,"template":"","format":"standard","meta":{"_acf_changed":false,"_monsterinsights_skip_tracking":false,"slim_seo":{"title":"Volver al tema - Opini\u00f3n P\u00fablica","description":"Jos\u00e9 Woldenberg ___________________________ El expresidente Ernesto Zedillo public\u00f3 un duro y fundado ensayo sobre la destrucci\u00f3n de nuestra germinal democracia"},"footnotes":""},"categories":[26],"tags":[],"class_list":["post-59156","post","type-post","status-publish","format-standard","has-post-thumbnail","hentry","category-de-chile-dulce-y-manteca-columna-invitada"],"acf":[],"_links":{"self":[{"href":"https:\/\/www.opinionpublica.tv\/portada\/wp-json\/wp\/v2\/posts\/59156","targetHints":{"allow":["GET"]}}],"collection":[{"href":"https:\/\/www.opinionpublica.tv\/portada\/wp-json\/wp\/v2\/posts"}],"about":[{"href":"https:\/\/www.opinionpublica.tv\/portada\/wp-json\/wp\/v2\/types\/post"}],"author":[{"embeddable":true,"href":"https:\/\/www.opinionpublica.tv\/portada\/wp-json\/wp\/v2\/users\/6"}],"replies":[{"embeddable":true,"href":"https:\/\/www.opinionpublica.tv\/portada\/wp-json\/wp\/v2\/comments?post=59156"}],"version-history":[{"count":3,"href":"https:\/\/www.opinionpublica.tv\/portada\/wp-json\/wp\/v2\/posts\/59156\/revisions"}],"predecessor-version":[{"id":59159,"href":"https:\/\/www.opinionpublica.tv\/portada\/wp-json\/wp\/v2\/posts\/59156\/revisions\/59159"}],"wp:featuredmedia":[{"embeddable":true,"href":"https:\/\/www.opinionpublica.tv\/portada\/wp-json\/wp\/v2\/media\/43694"}],"wp:attachment":[{"href":"https:\/\/www.opinionpublica.tv\/portada\/wp-json\/wp\/v2\/media?parent=59156"}],"wp:term":[{"taxonomy":"category","embeddable":true,"href":"https:\/\/www.opinionpublica.tv\/portada\/wp-json\/wp\/v2\/categories?post=59156"},{"taxonomy":"post_tag","embeddable":true,"href":"https:\/\/www.opinionpublica.tv\/portada\/wp-json\/wp\/v2\/tags?post=59156"}],"curies":[{"name":"wp","href":"https:\/\/api.w.org\/{rel}","templated":true}]}}