{"id":59153,"date":"2025-05-11T00:01:00","date_gmt":"2025-05-11T06:01:00","guid":{"rendered":"https:\/\/www.opinionpublica.tv\/portada\/?p=59153"},"modified":"2025-05-10T18:08:36","modified_gmt":"2025-05-11T00:08:36","slug":"video-el-evangelio-de-hoy-domingo-11-de-mayo-de-2025","status":"publish","type":"post","link":"https:\/\/www.opinionpublica.tv\/portada\/video-el-evangelio-de-hoy-domingo-11-de-mayo-de-2025\/","title":{"rendered":"Video: El Evangelio de hoy, domingo 11 de mayo de 2025"},"content":{"rendered":"\n<figure class=\"wp-block-embed is-type-video is-provider-youtube wp-block-embed-youtube wp-embed-aspect-16-9 wp-has-aspect-ratio\"><div class=\"wp-block-embed__wrapper\">\n<iframe title=\"Evangelio de Hoy Domingo 11 de Mayo de 2025 | REFLEXI\u00d3N | Red Catolica\" width=\"800\" height=\"450\" src=\"https:\/\/www.youtube.com\/embed\/OwCTuZo2dcI?feature=oembed\" frameborder=\"0\" allow=\"accelerometer; autoplay; clipboard-write; encrypted-media; gyroscope; picture-in-picture; web-share\" referrerpolicy=\"strict-origin-when-cross-origin\" allowfullscreen><\/iframe>\n<\/div><\/figure>\n\n\n\n<p class=\"wp-block-paragraph\"><em>\u00abAs\u00ed estaba escrito: el Mes\u00edas padecer\u00e1 y resucitar\u00e1 de entre los muertos al tercer d\u00eda\u00bb. Lucas 24,35-48<\/em>.<\/p>\n\n\n\n<p class=\"wp-block-paragraph\"><strong>Reflexiones para este domingo<\/strong><\/p>\n\n\n\n<p class=\"wp-block-paragraph\">1. Jes\u00fas, abre mi entendimiento.<\/p>\n\n\n\n<p class=\"wp-block-paragraph\">2. \u00c9l, la tarde de Pascua, abre la mente de los disc\u00edpulos al misterio de su muerte y resurrecci\u00f3n y les dice: \u201cUstedes son testigos de todo esto\u201d.<\/p>\n\n\n\n<p class=\"wp-block-paragraph\">3. Jes\u00fas, como los disc\u00edpulos, a veces veo el cumplimiento de tu voluntad como algo desproporcionado a mis fuerzas.<\/p>\n","protected":false},"excerpt":{"rendered":"<p>\u00abAs\u00ed estaba escrito: el Mes\u00edas padecer\u00e1 y resucitar\u00e1 de entre los muertos al tercer d\u00eda\u00bb. Lucas 24,35-48. Reflexiones para este domingo 1. Jes\u00fas, abre mi entendimiento. 2. \u00c9l, la tarde de Pascua, abre la mente de los disc\u00edpulos al misterio de su muerte y resurrecci\u00f3n y les dice: \u201cUstedes son testigos de todo esto\u201d. 3. [&hellip;]<\/p>\n","protected":false},"author":6,"featured_media":59155,"comment_status":"closed","ping_status":"closed","sticky":false,"template":"","format":"standard","meta":{"_acf_changed":false,"_monsterinsights_skip_tracking":false,"slim_seo":{"title":"Video: El Evangelio de hoy, domingo 11 de mayo de 2025 - Opini\u00f3n P\u00fablica","description":"https:\/\/youtu.be\/OwCTuZo2dcI?si=f7uGlocAKIZZYE3B \"As\u00ed estaba escrito: el Mes\u00edas padecer\u00e1 y resucitar\u00e1 de entre los muertos al tercer d\u00eda\". Lucas 24,35-48 . Refl"},"footnotes":""},"categories":[13,2,8],"tags":[],"class_list":["post-59153","post","type-post","status-publish","format-standard","has-post-thumbnail","hentry","category-videos-destacados-contenido","category-videos-destacados","category-videos"],"acf":[],"_links":{"self":[{"href":"https:\/\/www.opinionpublica.tv\/portada\/wp-json\/wp\/v2\/posts\/59153","targetHints":{"allow":["GET"]}}],"collection":[{"href":"https:\/\/www.opinionpublica.tv\/portada\/wp-json\/wp\/v2\/posts"}],"about":[{"href":"https:\/\/www.opinionpublica.tv\/portada\/wp-json\/wp\/v2\/types\/post"}],"author":[{"embeddable":true,"href":"https:\/\/www.opinionpublica.tv\/portada\/wp-json\/wp\/v2\/users\/6"}],"replies":[{"embeddable":true,"href":"https:\/\/www.opinionpublica.tv\/portada\/wp-json\/wp\/v2\/comments?post=59153"}],"version-history":[{"count":1,"href":"https:\/\/www.opinionpublica.tv\/portada\/wp-json\/wp\/v2\/posts\/59153\/revisions"}],"predecessor-version":[{"id":59154,"href":"https:\/\/www.opinionpublica.tv\/portada\/wp-json\/wp\/v2\/posts\/59153\/revisions\/59154"}],"wp:featuredmedia":[{"embeddable":true,"href":"https:\/\/www.opinionpublica.tv\/portada\/wp-json\/wp\/v2\/media\/59155"}],"wp:attachment":[{"href":"https:\/\/www.opinionpublica.tv\/portada\/wp-json\/wp\/v2\/media?parent=59153"}],"wp:term":[{"taxonomy":"category","embeddable":true,"href":"https:\/\/www.opinionpublica.tv\/portada\/wp-json\/wp\/v2\/categories?post=59153"},{"taxonomy":"post_tag","embeddable":true,"href":"https:\/\/www.opinionpublica.tv\/portada\/wp-json\/wp\/v2\/tags?post=59153"}],"curies":[{"name":"wp","href":"https:\/\/api.w.org\/{rel}","templated":true}]}}