{"id":59146,"date":"2025-05-11T00:01:00","date_gmt":"2025-05-11T06:01:00","guid":{"rendered":"https:\/\/www.opinionpublica.tv\/portada\/?p=59146"},"modified":"2025-05-10T18:03:19","modified_gmt":"2025-05-11T00:03:19","slug":"ine-pondra-en-marcha-un-sistema-de-computos-para-la-eleccion-judicial","status":"publish","type":"post","link":"https:\/\/www.opinionpublica.tv\/portada\/ine-pondra-en-marcha-un-sistema-de-computos-para-la-eleccion-judicial\/","title":{"rendered":"INE pondr\u00e1 en marcha nuevo \u00abSistema de C\u00f3mputos\u00bb para procesar la elecci\u00f3n judicial"},"content":{"rendered":"\n<figure class=\"wp-block-image size-large\"><img fetchpriority=\"high\" decoding=\"async\" width=\"1024\" height=\"683\" src=\"https:\/\/www.opinionpublica.tv\/portada\/wp-content\/uploads\/2025\/05\/INE-pondra-en-marcha-un-22Sistema-de-Computos22-para-procesar-la-eleccion-judicial-1024x683.webp\" alt=\"Ine pondra\u0301 en marcha un %22sistema de co\u0301mputos%22 para procesar la eleccio\u0301n judicial\" class=\"wp-image-59150\" srcset=\"https:\/\/www.opinionpublica.tv\/portada\/wp-content\/uploads\/2025\/05\/INE-pondra-en-marcha-un-22Sistema-de-Computos22-para-procesar-la-eleccion-judicial-1024x683.webp 1024w, https:\/\/www.opinionpublica.tv\/portada\/wp-content\/uploads\/2025\/05\/INE-pondra-en-marcha-un-22Sistema-de-Computos22-para-procesar-la-eleccion-judicial-300x200.webp 300w, https:\/\/www.opinionpublica.tv\/portada\/wp-content\/uploads\/2025\/05\/INE-pondra-en-marcha-un-22Sistema-de-Computos22-para-procesar-la-eleccion-judicial-768x512.webp 768w, https:\/\/www.opinionpublica.tv\/portada\/wp-content\/uploads\/2025\/05\/INE-pondra-en-marcha-un-22Sistema-de-Computos22-para-procesar-la-eleccion-judicial.webp 1080w\" sizes=\"(max-width: 1024px) 100vw, 1024px\" \/><\/figure>\n\n\n\n<p class=\"wp-block-paragraph\"><em>Ciudad de M\u00e9xico<\/em>.- Para la elecci\u00f3n judicial del pr\u00f3ximo 1 de junio, el Instituto Nacional Electoral (INE) pondr\u00e1 en marcha un \u201cSistema de C\u00f3mputos\u201d para dar a conocer &#8211; por internet y a trav\u00e9s de \u00abpantallas\u00bb- los resultados de cada contienda.<\/p>\n\n\n\n<p class=\"wp-block-paragraph\">A nivel interno servir\u00e1 para generar reportes oficiales que sirvan de base para la declaratoria de validez de la elecci\u00f3n, paso final a cargo del INE, programado para el 15 de junio.<\/p>\n\n\n\n<p class=\"wp-block-paragraph\">Lo anterior \u201cdota de certeza, seguridad y transparencia a los comicios, atendiendo al principio rector de m\u00e1xima publicidad establecido constitucionalmente\u201d, se indica en el documento aprobado este viernes por la comisi\u00f3n organizadora.<\/p>\n\n\n\n<p class=\"wp-block-paragraph\">El \u00abSistema\u00bb es un mecanismo de difusi\u00f3n de los resultados contenidos en las actas de escrutinio y c\u00f3mputo de todas las casillas seccionales instaladas en cada uno de los 300 distritos electorales.<\/p>\n\n\n\n<p class=\"wp-block-paragraph\">En el texto que ser\u00e1 llevado a consejo general la semana entrante se destaca la necesidad de generar una v\u00eda para abonar a la confianza, fortalecer la certeza y promover la transparencia en los procesos electorales.<\/p>\n\n\n\n<p class=\"wp-block-paragraph\">El Sistema de C\u00f3mputos contar\u00e1 con tres componentes: una plataforma web (intranet)para la captura de votos y generaci\u00f3n de actas digitales; otra de extracci\u00f3n de informaci\u00f3n (tambi\u00e9n de uso interno de los especialistas del INE), y una m\u00e1s de consulta ciudadana denominada \u201cC\u00f3mputos Web\u201d, en la cual se incluir\u00e1n los resultados, con la opci\u00f3n de descargar la informaci\u00f3n para facilitar el an\u00e1lisis y el uso de la misma.<\/p>\n\n\n\n<p class=\"wp-block-paragraph\">El prop\u00f3sito es dar certeza y transparencia en la determinaci\u00f3n de la suma de los resultados contenidos en las actas, y optimizar el procesamiento y consolidaci\u00f3n de los votos, as\u00ed como detectar inconsistencias, se indica en el proyecto de acuerdo.<\/p>\n\n\n\n<p class=\"wp-block-paragraph\">En cuanto a los informes operativos, la comisi\u00f3n inform\u00f3 que el 1 de junio ser\u00e1n instaladas en todo el pa\u00eds 84 mil 014 \u201ccasillas seccionales\u201d, mesas receptoras del voto de m\u00e1s de una secci\u00f3n cada una, es decir, se concentrar\u00e1 en cada casilla un mayor n\u00famero de electores, respecto de los niveles conocidos en los comicios ordinarios.<\/p>\n\n\n\n<p class=\"wp-block-paragraph\">Por otro lado, se dijo que de las 396 actividades en curso, igualmente de la elecci\u00f3n judicial, 367 est\u00e1n en plazo y 17 fuera de este; los atrasos se ubican en tareas de responsabilidad de los Organismos P\u00fablicos Locales Electorales.<\/p>\n\n\n\n<p class=\"wp-block-paragraph\">Esta semana se inform\u00f3 que de 19 entidades tendr\u00e1n tambi\u00e9n renovaci\u00f3n de su poder judicial local, cuatro &#8211; marcadamente Zacatecas- est\u00e1n en nivel de riesgo alto, por la carencia de recursos suficientes para avanzar en la organizaci\u00f3n de estas elecciones extraordinarias. (La Jornada)<\/p>\n","protected":false},"excerpt":{"rendered":"<p>Ciudad de M\u00e9xico.- Para la elecci\u00f3n judicial del pr\u00f3ximo 1 de junio, el Instituto Nacional Electoral (INE) pondr\u00e1 en marcha un \u201cSistema de C\u00f3mputos\u201d para dar a conocer &#8211; por internet y a trav\u00e9s de \u00abpantallas\u00bb- los resultados de cada contienda. A nivel interno servir\u00e1 para generar reportes oficiales que sirvan de base para la [&hellip;]<\/p>\n","protected":false},"author":6,"featured_media":59150,"comment_status":"closed","ping_status":"closed","sticky":false,"template":"","format":"standard","meta":{"_acf_changed":false,"_monsterinsights_skip_tracking":false,"slim_seo":{"title":"INE pondr\u00e1 en marcha nuevo \"Sistema de C\u00f3mputos\" para procesar la elecci\u00f3n judicial - Opini\u00f3n P\u00fablica","description":"Ciudad de M\u00e9xico .- Para la elecci\u00f3n judicial del pr\u00f3ximo 1 de junio, el Instituto Nacional Electoral (INE) pondr\u00e1 en marcha un \u201cSistema de C\u00f3mputos\u201d para dar a"},"footnotes":""},"categories":[4],"tags":[],"class_list":["post-59146","post","type-post","status-publish","format-standard","has-post-thumbnail","hentry","category-pulsopolitico"],"acf":[],"_links":{"self":[{"href":"https:\/\/www.opinionpublica.tv\/portada\/wp-json\/wp\/v2\/posts\/59146","targetHints":{"allow":["GET"]}}],"collection":[{"href":"https:\/\/www.opinionpublica.tv\/portada\/wp-json\/wp\/v2\/posts"}],"about":[{"href":"https:\/\/www.opinionpublica.tv\/portada\/wp-json\/wp\/v2\/types\/post"}],"author":[{"embeddable":true,"href":"https:\/\/www.opinionpublica.tv\/portada\/wp-json\/wp\/v2\/users\/6"}],"replies":[{"embeddable":true,"href":"https:\/\/www.opinionpublica.tv\/portada\/wp-json\/wp\/v2\/comments?post=59146"}],"version-history":[{"count":5,"href":"https:\/\/www.opinionpublica.tv\/portada\/wp-json\/wp\/v2\/posts\/59146\/revisions"}],"predecessor-version":[{"id":59152,"href":"https:\/\/www.opinionpublica.tv\/portada\/wp-json\/wp\/v2\/posts\/59146\/revisions\/59152"}],"wp:featuredmedia":[{"embeddable":true,"href":"https:\/\/www.opinionpublica.tv\/portada\/wp-json\/wp\/v2\/media\/59150"}],"wp:attachment":[{"href":"https:\/\/www.opinionpublica.tv\/portada\/wp-json\/wp\/v2\/media?parent=59146"}],"wp:term":[{"taxonomy":"category","embeddable":true,"href":"https:\/\/www.opinionpublica.tv\/portada\/wp-json\/wp\/v2\/categories?post=59146"},{"taxonomy":"post_tag","embeddable":true,"href":"https:\/\/www.opinionpublica.tv\/portada\/wp-json\/wp\/v2\/tags?post=59146"}],"curies":[{"name":"wp","href":"https:\/\/api.w.org\/{rel}","templated":true}]}}