{"id":59129,"date":"2025-05-11T00:01:00","date_gmt":"2025-05-11T06:01:00","guid":{"rendered":"https:\/\/www.opinionpublica.tv\/portada\/?p=59129"},"modified":"2025-05-10T17:52:22","modified_gmt":"2025-05-10T23:52:22","slug":"buscadoras-respaldan-a-la-onu-para-invocar-el-articulo-34-de-la-convencion-internacional-piden-intervencion-ante-crisis-de-desapariciones","status":"publish","type":"post","link":"https:\/\/www.opinionpublica.tv\/portada\/buscadoras-respaldan-a-la-onu-para-invocar-el-articulo-34-de-la-convencion-internacional-piden-intervencion-ante-crisis-de-desapariciones\/","title":{"rendered":"Buscadoras respaldan a la ONU para invocar el Art\u00edculo 34 de la Convenci\u00f3n Internacional ante m\u00e1s desapariciones"},"content":{"rendered":"\n<figure class=\"wp-block-image size-full\"><img fetchpriority=\"high\" decoding=\"async\" width=\"1100\" height=\"666\" src=\"https:\/\/www.opinionpublica.tv\/portada\/wp-content\/uploads\/2025\/05\/Buscadoras-respaldan-a-la-ONU-para-invocar-el-Articulo-34-de-la-Convencion-Internacional-por-mas-desapariciones.avif\" alt=\"Buscadoras respaldan a la onu para invocar el arti\u0301culo 34 de la convencio\u0301n internacional por ma\u0301s desapariciones\" class=\"wp-image-59136\"\/><\/figure>\n\n\n\n<p class=\"wp-block-paragraph\">Madres buscadoras de todo el pa\u00eds respaldaron p\u00fablicamente la decisi\u00f3n de la Organizaci\u00f3n de las Naciones Unidas (ONU) de invocar el Art\u00edculo 34 de la Convenci\u00f3n Internacional para la Protecci\u00f3n de Todas las Personas contra las Desapariciones Forzadas para que la comunidad internacional act\u00fae ante la aguda situaci\u00f3n de violencia que vivimos en M\u00e9xico.<\/p>\n\n\n\n<p class=\"wp-block-paragraph\">A su llegada al \u00c1ngel de la Independencia, tras asegurar que el Estado masacra a las y los buscadores con su indiferencia en la causa, las activistas exigieron que cesen los feminicidios, los ataques y las violaciones a los derechos humanos, no solo a la ciudadan\u00eda sino a las madres buscadoras que, recientemente, son violentadas brutalmente por su labor.<\/p>\n\n\n\n<p class=\"wp-block-paragraph\">\u201cSon casi dos d\u00e9cadas del inicio de esta guerra, donde los gobiernos, federal y locales, lejos de erradicar la violencia y el crimen organizado lo han permitido, tolerado, alentado multiplicando los negocios criminales y las v\u00edctimas. Gobiernos van y vienen, pero la respuesta es la misma: administrar estos cr\u00edmenes de lesa humanidad, estigmatizar a las v\u00edctimas y sus familias, jugar a la b\u00fasqueda y negar la verdad y la justicia.<\/p>\n\n\n\n<p class=\"wp-block-paragraph\">\u201c(\u2026) El Estado mexicano que nos ha despreciado, nos ha ignorado y sus operadores han justificado por intereses pol\u00edticos mezquinos las causas de la desaparici\u00f3n, ha fallado en garantizar seguridad y justicia para todas y todos, ha perpetuado la impunidad de los cr\u00edmenes atroces y ha mentido a la comunidad internacional\u201d, explicaron las buscadoras a micr\u00f3fono abierto.<\/p>\n\n\n\n<p class=\"wp-block-paragraph\">Acusaron que, pese a las atrocidades cometidas en el caso Teuchitl\u00e1n, que se repiten desde hace tres gobiernos, el gobierno federal se niega a reconocer que hay un genocidio en el pa\u00eds orquestado por bandas criminales y que las autoridades no acepten apoyo de instituciones internacionales para pacificar el pa\u00eds.<\/p>\n\n\n\n<p class=\"wp-block-paragraph\">\u201cHemos hecho de todo: una ley general, un mecanismo forense extraordinario, leyes y m\u00e1s leyes, protocolos, mesas de trabajo, la propuesta de gobiernos anteriores y el actual es simular hacer todo para que nada cambie, porque la realidad es que no se han querido fortalecer a las fiscal\u00edas y a las comisiones de b\u00fasqueda para que de verdad hagan su trabajo. Nos han desgastado en reuniones que no nos llevan a encontrar a nuestros desaparecidos. Ya basta de tanta farsa.<\/p>\n\n\n\n<p class=\"wp-block-paragraph\">\u201cSe\u00f1ora Presidenta Claudia Sheinbaum, debe saber que no nos enga\u00f1a con falsas promesas, con falsas reformas que no son la soluci\u00f3n, que no nos dar\u00e1n Verdad y Justicia, que no ser\u00e1n estrategias para frenar, para prevenir la escalada de desapariciones; la soluci\u00f3n va m\u00e1s all\u00e1, no somos ignorantes; somos personas sujetas de derechos, tenga respeto por nuestra lucha y nuestro dolor; en medida que opte por romper con los pactos de impunidad, podremos empezar a confiar en usted\u201d, reclamaron.<\/p>\n\n\n\n<p class=\"wp-block-paragraph\">As\u00ed, hicieron un llamado a la Presidenta a crear, junto al Secretario General de Naciones Unidas, un mecanismo independiente de investigaci\u00f3n y de impulso a la verdad y la justicia, con un componente de b\u00fasqueda e identificaci\u00f3n, para ser presentado a la Asamblea General de la ONU.<\/p>\n\n\n\n<p class=\"wp-block-paragraph\">Tambi\u00e9n, que en el marco de las discusiones del art\u00edculo 34 de la Convenci\u00f3n, junto con las v\u00edctimas, las organizaciones que las acompa\u00f1an y el Comit\u00e9 de Naciones Unidas contra la Desaparici\u00f3n Forzada (CED), se llame a conformar un mecanismo extraordinario que permita encontrar a los desaparecidos, iniciar investigaciones e implementar medidas de no repetici\u00f3n.<\/p>\n\n\n\n<p class=\"wp-block-paragraph\">\u201cEsa ser\u00e1 la muestra de voluntad pol\u00edtica de la presidenta\u201d para resolver la crisis de violencia y desapariciones, dijeron.<\/p>\n\n\n\n<p class=\"wp-block-paragraph\"><em>Con informaci\u00f3n de El Universal<\/em>.<\/p>\n","protected":false},"excerpt":{"rendered":"<p>Madres buscadoras de todo el pa\u00eds respaldaron p\u00fablicamente la decisi\u00f3n de la Organizaci\u00f3n de las Naciones Unidas (ONU) de invocar el Art\u00edculo 34 de la Convenci\u00f3n Internacional para la Protecci\u00f3n de Todas las Personas contra las Desapariciones Forzadas para que la comunidad internacional act\u00fae ante la aguda situaci\u00f3n de violencia que vivimos en M\u00e9xico. A [&hellip;]<\/p>\n","protected":false},"author":6,"featured_media":59136,"comment_status":"closed","ping_status":"closed","sticky":false,"template":"","format":"standard","meta":{"_acf_changed":false,"_monsterinsights_skip_tracking":false,"slim_seo":{"title":"Buscadoras respaldan a la ONU para invocar el Art\u00edculo 34 de la Convenci\u00f3n Internacional ante m\u00e1s desapariciones - Opini\u00f3n P\u00fablica","description":"Madres buscadoras de todo el pa\u00eds respaldaron p\u00fablicamente la decisi\u00f3n de la Organizaci\u00f3n de las Naciones Unidas (ONU) de invocar el Art\u00edculo 34 de la Convenci\u00f3"},"footnotes":""},"categories":[3],"tags":[],"class_list":["post-59129","post","type-post","status-publish","format-standard","has-post-thumbnail","hentry","category-principal"],"acf":[],"_links":{"self":[{"href":"https:\/\/www.opinionpublica.tv\/portada\/wp-json\/wp\/v2\/posts\/59129","targetHints":{"allow":["GET"]}}],"collection":[{"href":"https:\/\/www.opinionpublica.tv\/portada\/wp-json\/wp\/v2\/posts"}],"about":[{"href":"https:\/\/www.opinionpublica.tv\/portada\/wp-json\/wp\/v2\/types\/post"}],"author":[{"embeddable":true,"href":"https:\/\/www.opinionpublica.tv\/portada\/wp-json\/wp\/v2\/users\/6"}],"replies":[{"embeddable":true,"href":"https:\/\/www.opinionpublica.tv\/portada\/wp-json\/wp\/v2\/comments?post=59129"}],"version-history":[{"count":7,"href":"https:\/\/www.opinionpublica.tv\/portada\/wp-json\/wp\/v2\/posts\/59129\/revisions"}],"predecessor-version":[{"id":59138,"href":"https:\/\/www.opinionpublica.tv\/portada\/wp-json\/wp\/v2\/posts\/59129\/revisions\/59138"}],"wp:featuredmedia":[{"embeddable":true,"href":"https:\/\/www.opinionpublica.tv\/portada\/wp-json\/wp\/v2\/media\/59136"}],"wp:attachment":[{"href":"https:\/\/www.opinionpublica.tv\/portada\/wp-json\/wp\/v2\/media?parent=59129"}],"wp:term":[{"taxonomy":"category","embeddable":true,"href":"https:\/\/www.opinionpublica.tv\/portada\/wp-json\/wp\/v2\/categories?post=59129"},{"taxonomy":"post_tag","embeddable":true,"href":"https:\/\/www.opinionpublica.tv\/portada\/wp-json\/wp\/v2\/tags?post=59129"}],"curies":[{"name":"wp","href":"https:\/\/api.w.org\/{rel}","templated":true}]}}