{"id":59124,"date":"2025-05-11T00:01:00","date_gmt":"2025-05-11T06:01:00","guid":{"rendered":"https:\/\/www.opinionpublica.tv\/portada\/?p=59124"},"modified":"2025-05-10T17:28:09","modified_gmt":"2025-05-10T23:28:09","slug":"surgen-nuevas-revelaciones-sobre-la-votacion-secreta-que-eligio-al-papa-leon-xiv","status":"publish","type":"post","link":"https:\/\/www.opinionpublica.tv\/portada\/surgen-nuevas-revelaciones-sobre-la-votacion-secreta-que-eligio-al-papa-leon-xiv\/","title":{"rendered":"Surgen nuevas revelaciones sobre la votaci\u00f3n secreta que eligi\u00f3 al Papa Le\u00f3n XIV"},"content":{"rendered":"\n<figure class=\"wp-block-image size-full\"><img fetchpriority=\"high\" decoding=\"async\" width=\"1100\" height=\"666\" src=\"https:\/\/www.opinionpublica.tv\/portada\/wp-content\/uploads\/2025\/05\/Surgen-nuevas-revelaciones-sobre-la-votacion-secreta-que-eligio-al-Papa-Leon-XIV.avif\" alt=\"Surgen nuevas revelaciones sobre la votacio\u0301n secreta que eligio\u0301 al papa leo\u0301n xiv\" class=\"wp-image-59127\"\/><\/figure>\n\n\n\n<p class=\"wp-block-paragraph\"><em>Roma, Italia<\/em>.- El c\u00f3nclave es una elecci\u00f3n secreta, \u201ccum clave\u201d, con llave. Pero quienes participan de la elecci\u00f3n, los cardenales, aunque prestan juramento de que nunca dir\u00e1n nada de lo que pasa entre los bell\u00edsimos frescos de la Capilla Sixtina, son seres humanos. Por eso siempre los periodistas, de una forma u otra, tratan de reconstruir c\u00f3mo fue el c\u00f3nclave.<\/p>\n\n\n\n<p class=\"wp-block-paragraph\">Algunos diarios italianos este viernes hablaban de \u201cun generoso paso hacia atr\u00e1s\u201d del cardenal italiano Pietro Parolin, secretario de Estado, el gran favorito que \u201centr\u00f3 Papa y sali\u00f3 cardenal\u201d. Versi\u00f3n poco veros\u00edmil, porque lo que muchos dedujeron es que, en verdad, debe haber entrado con un paquete de votos mucho menos consistente de lo que se dec\u00eda, fiel reflejo de la divisi\u00f3n de los papables italianos y del efecto bumerang de su campa\u00f1a.<\/p>\n\n\n\n<p class=\"wp-block-paragraph\">Eso sin contar el \u201cdisgusto\u201d que caus\u00f3 que Parolin no hubiera resuelto antes el tema de la exclusi\u00f3n de la elecci\u00f3n del cardenal italiano Angelo Becciu, condenado en primer grado a cinco a\u00f1os de prisi\u00f3n por corrupci\u00f3n por un tribunal del Vaticano.<\/p>\n\n\n\n<p class=\"wp-block-paragraph\">El diario espa\u00f1ol ABC, en tanto, asegur\u00f3 que, seg\u00fan una fuente, en verdad desde el primer escrutinio, en la tarde del mi\u00e9rcoles, el cardenal estadounidense Robert Francis Prevost, tuvo m\u00e1s votos. Y que fueron las conversaciones informales que hubo en Santa Marta esa noche de encierro e incomunicaci\u00f3n, las que pusieron en marcha una din\u00e1mica por la que, al d\u00eda siguiente, despu\u00e9s de dos votaciones por la ma\u00f1ana y un almuerzo grupal, en la primera votaci\u00f3n de la tarde, la cuarta, obtuviera esa avalancha de 89 votos transversales que lo convirtieron en el nuevo Papa.<\/p>\n\n\n\n<p class=\"wp-block-paragraph\">\u201cEch\u00e9 un vistazo a Bob porque su nombre hab\u00eda estado flotando por ah\u00ed, y ten\u00eda la cabeza entre las manos&#8230; Pero cuando acept\u00f3 [el encargo], es como si hubiera estado hecho para \u00e9l. Toda su angustia se resolvi\u00f3\u201c, cont\u00f3 el cardenal estadounidense Joseph William Tobin, arzobispo de Newark y que conoce desde hace 30 a\u00f1os a Prevost.<\/p>\n\n\n\n<p class=\"wp-block-paragraph\">Prelado progresista que fue jefe de la orden de los redentoristas cuando Prevost lo fue de los agustinianos, ambos en Roma, y que sol\u00eda llamar al flamante Le\u00f3n XIV, \u201cBob\u201d, revel\u00f3 tambi\u00e9n que enseguida despu\u00e9s de que fue electo \u201cle agradec\u00ed que aceptara porque es una responsabilidad impresionante\u201d. Lo record\u00f3 en una conferencia de prensa que dieron varios cardenales estadounidenses en el Colegio Norteamericano de Roma, en la colina del Gianicolo, a la que asisti\u00f3 LA NACION.<\/p>\n\n\n\n<p class=\"wp-block-paragraph\">En medio de t\u00edpicas bromas estadounidenses que hicieron estallar risas en el auditorio del NAC (North American College), Tobin defini\u00f3 su primer c\u00f3nclave como un \u201cmomento de oscuridad, no s\u00f3lo porque ocurre despu\u00e9s del per\u00edodo de luto posterior a la muerte del Papa, pero tambi\u00e9n por la falta de dispositivos\u201d. \u201cDe alguna manera, la votaci\u00f3n es como ver c\u00f3mo se mueven los glaciares&#8230; Pero los glaciares bajo estr\u00e9s se mueven m\u00e1s r\u00e1pido\u201d, a\u00f1adi\u00f3. Y dijo tambi\u00e9n que \u201ces el Esp\u00edritu Santo el que une a la Iglesia, que hace posible la reconciliaci\u00f3n\u201d.<\/p>\n\n\n\n<p class=\"wp-block-paragraph\">En un clima muy distendido, adem\u00e1s de Tobin, participaron otros tres cardenales progresistas de Estados Unidos, que se descuenta que respaldaron la candidatura de Prevost: el arzobispo de Chicago -ciudad natal del nuevo papa-, Blase Cupich, el flamante arzobispo de Washington DC, Robert Walter McElroy, y su antecesor, Wilton Gregory, todos ellos designados por Francisco. Todos elogiaron su capacidad de escucha.<\/p>\n\n\n\n<p class=\"wp-block-paragraph\">Con semblante no tan satisfecho como ellos, tambi\u00e9n estuvieron dos cardenales conservadores que se descuenta que no votaron a Prevost: el arzobispo de Nueva York, Timothy Dolan -que estuvo en la asunci\u00f3n de Donald Trump el 20 de enero y lo respald\u00f3 p\u00fablicamente pese a sus poco evang\u00e9licos programas de deportaci\u00f3n masivas de migrantes- y Daniel Di Nardo, arzobispo em\u00e9rito de Galveston-Houston. Ambos fueron creados por Benedicto XVI, ambos resaltaron que era su segunda experiencia en un c\u00f3nclave.<\/p>\n\n\n\n<p class=\"wp-block-paragraph\">\u201cEste fue mi primer c\u00f3nclave y espero que sea el \u00faltimo, as\u00ed que \u00a1viva el Papa!\u201d, dijo Cupich, que subray\u00f3 \u201cla rapidez\u201d con la que llegaron a una decisi\u00f3n a pesar de las diferencias que hab\u00eda entre los 133 electores en idiomas, culturas, nacionalidades. \u201cEn menos de 24 horas pudimos encontrar unidad y espero que sea una se\u00f1al para el mundo\u201d.<\/p>\n\n\n\n<p class=\"wp-block-paragraph\">Como los dem\u00e1s compatriotas, habl\u00f3 de \u201cuna experiencia espiritual\u201d, m\u00e1s all\u00e1 de las divisiones. \u201cCuando empezamos a votar, las cosas empezaron a calmarse y nos pusieron en el camino de la unidad\u201d, insisti\u00f3.<\/p>\n\n\n\n<p class=\"wp-block-paragraph\">Gregory revel\u00f3 que, al saludarlo y prometerle obediencia -algo que suele suceder tambi\u00e9n a puertas cerradas despu\u00e9s que el pont\u00edfice electo acepta el cargo-, le dijo al nuevo Papa: \u201cDe un South Sider, a otro, te prometo mi respeto, mi fidelidad y mi amor\u201d, aludiendo al barrio del sur de Chicago del que ambos provienen.<\/p>\n\n\n\n<p class=\"wp-block-paragraph\">\u201cSiempre pens\u00e9 que ser\u00eda imposible tener un papa estadounidense en mi vida\u201c, confes\u00f3, a su turno, el cardenal McElroy -que reemplaz\u00f3 a Gregory como arzobispo de Washington hace unos meses, una movida de Francisco en vista de la asunci\u00f3n de Donald Trump-, quien tambi\u00e9n resalt\u00f3 el clima de profundo recogimiento del c\u00f3nclave.<\/p>\n\n\n\n<p class=\"wp-block-paragraph\">\u201cEs una experiencia magn\u00edfica, et\u00e9rea, entrar a la Capilla Sixtina mientras se canta la letan\u00eda de los santos, un recordatorio de nuestra comuni\u00f3n con los santos y toda la humanidad y en ese momento. Cuando entramos y vimos el Juicio Final de Miguel \u00c1ngel, todos sentimos que las divisiones del mundo se ca\u00edan. Est\u00e1bamos mirando en ese momento dentro de las almas de los dem\u00e1s para encontrar qui\u00e9n deb\u00eda continuar con esta misi\u00f3n\u201d, cont\u00f3.<\/p>\n\n\n\n<p class=\"wp-block-paragraph\">\u201cHubo un gran movimiento en el segundo d\u00eda dentro de los cardenales que est\u00e1bamos all\u00ed\u201d, a\u00f1adi\u00f3, al coincidir que la elecci\u00f3n del primer cardenal estadounidense -pero tambi\u00e9n de nacionalidad peruana y \u201cahora ciudadano del mundo\u201d (como defini\u00f3 Dolan)- fue m\u00e1s r\u00e1pida de lo que esperaba, ya que casi enseguida hubo consenso. (El Universal)<\/p>\n","protected":false},"excerpt":{"rendered":"<p>Roma, Italia.- El c\u00f3nclave es una elecci\u00f3n secreta, \u201ccum clave\u201d, con llave. Pero quienes participan de la elecci\u00f3n, los cardenales, aunque prestan juramento de que nunca dir\u00e1n nada de lo que pasa entre los bell\u00edsimos frescos de la Capilla Sixtina, son seres humanos. Por eso siempre los periodistas, de una forma u otra, tratan de [&hellip;]<\/p>\n","protected":false},"author":6,"featured_media":59127,"comment_status":"closed","ping_status":"closed","sticky":false,"template":"","format":"standard","meta":{"_acf_changed":false,"_monsterinsights_skip_tracking":false,"slim_seo":{"title":"Surgen nuevas revelaciones sobre la votaci\u00f3n secreta que eligi\u00f3 al Papa Le\u00f3n XIV - Opini\u00f3n P\u00fablica","description":"Roma, Italia .- El c\u00f3nclave es una elecci\u00f3n secreta, \u201ccum clave\u201d, con llave. Pero quienes participan de la elecci\u00f3n, los cardenales, aunque prestan juramento de"},"footnotes":""},"categories":[4],"tags":[],"class_list":["post-59124","post","type-post","status-publish","format-standard","has-post-thumbnail","hentry","category-pulsopolitico"],"acf":[],"_links":{"self":[{"href":"https:\/\/www.opinionpublica.tv\/portada\/wp-json\/wp\/v2\/posts\/59124","targetHints":{"allow":["GET"]}}],"collection":[{"href":"https:\/\/www.opinionpublica.tv\/portada\/wp-json\/wp\/v2\/posts"}],"about":[{"href":"https:\/\/www.opinionpublica.tv\/portada\/wp-json\/wp\/v2\/types\/post"}],"author":[{"embeddable":true,"href":"https:\/\/www.opinionpublica.tv\/portada\/wp-json\/wp\/v2\/users\/6"}],"replies":[{"embeddable":true,"href":"https:\/\/www.opinionpublica.tv\/portada\/wp-json\/wp\/v2\/comments?post=59124"}],"version-history":[{"count":2,"href":"https:\/\/www.opinionpublica.tv\/portada\/wp-json\/wp\/v2\/posts\/59124\/revisions"}],"predecessor-version":[{"id":59128,"href":"https:\/\/www.opinionpublica.tv\/portada\/wp-json\/wp\/v2\/posts\/59124\/revisions\/59128"}],"wp:featuredmedia":[{"embeddable":true,"href":"https:\/\/www.opinionpublica.tv\/portada\/wp-json\/wp\/v2\/media\/59127"}],"wp:attachment":[{"href":"https:\/\/www.opinionpublica.tv\/portada\/wp-json\/wp\/v2\/media?parent=59124"}],"wp:term":[{"taxonomy":"category","embeddable":true,"href":"https:\/\/www.opinionpublica.tv\/portada\/wp-json\/wp\/v2\/categories?post=59124"},{"taxonomy":"post_tag","embeddable":true,"href":"https:\/\/www.opinionpublica.tv\/portada\/wp-json\/wp\/v2\/tags?post=59124"}],"curies":[{"name":"wp","href":"https:\/\/api.w.org\/{rel}","templated":true}]}}