{"id":59026,"date":"2025-05-09T00:01:00","date_gmt":"2025-05-09T06:01:00","guid":{"rendered":"https:\/\/www.opinionpublica.tv\/portada\/?p=59026"},"modified":"2025-05-08T21:56:12","modified_gmt":"2025-05-09T03:56:12","slug":"invita-alcalde-perez-cuellar-a-los-juarenses-a-votar-en-el-presupuesto-participativo","status":"publish","type":"post","link":"https:\/\/www.opinionpublica.tv\/portada\/invita-alcalde-perez-cuellar-a-los-juarenses-a-votar-en-el-presupuesto-participativo\/","title":{"rendered":"Invita alcalde P\u00e9rez Cu\u00e9llar a los juarenses a votar en el Presupuesto Participativo"},"content":{"rendered":"\n<figure class=\"wp-block-image size-large\"><img fetchpriority=\"high\" decoding=\"async\" width=\"1024\" height=\"682\" src=\"https:\/\/www.opinionpublica.tv\/portada\/wp-content\/uploads\/2025\/05\/Invita-alcalde-Perez-Cuellar-a-los-juarenses-a-votar-en-el-Presupuesto-Participativo-1024x682.jpeg\" alt=\"Invita alcalde pe\u0301rez cue\u0301llar a los juarenses a votar en el presupuesto participativo\" class=\"wp-image-59029\" srcset=\"https:\/\/www.opinionpublica.tv\/portada\/wp-content\/uploads\/2025\/05\/Invita-alcalde-Perez-Cuellar-a-los-juarenses-a-votar-en-el-Presupuesto-Participativo-1024x682.jpeg 1024w, https:\/\/www.opinionpublica.tv\/portada\/wp-content\/uploads\/2025\/05\/Invita-alcalde-Perez-Cuellar-a-los-juarenses-a-votar-en-el-Presupuesto-Participativo-300x200.jpeg 300w, https:\/\/www.opinionpublica.tv\/portada\/wp-content\/uploads\/2025\/05\/Invita-alcalde-Perez-Cuellar-a-los-juarenses-a-votar-en-el-Presupuesto-Participativo-768x512.jpeg 768w, https:\/\/www.opinionpublica.tv\/portada\/wp-content\/uploads\/2025\/05\/Invita-alcalde-Perez-Cuellar-a-los-juarenses-a-votar-en-el-Presupuesto-Participativo-1536x1023.jpeg 1536w, https:\/\/www.opinionpublica.tv\/portada\/wp-content\/uploads\/2025\/05\/Invita-alcalde-Perez-Cuellar-a-los-juarenses-a-votar-en-el-Presupuesto-Participativo.jpeg 1600w\" sizes=\"(max-width: 1024px) 100vw, 1024px\" \/><\/figure>\n\n\n\n<p class=\"wp-block-paragraph\"><em>Ciudad Ju\u00e1rez, Chih<\/em>.- El presidente municipal, Cruz P\u00e9rez Cu\u00e9llar, invit\u00f3 a la ciudadan\u00eda a participar en el programa del Presupuesto Participativo 2025 acudiendo a votar por los proyectos que m\u00e1s les beneficien.<\/p>\n\n\n\n<p class=\"wp-block-paragraph\">Indic\u00f3 que este a\u00f1o se dispondr\u00e1 de 200 puntos para que los juarenses acudan a emitir sus votaciones, adem\u00e1s de que el proceso de realizar\u00e1 durante dos d\u00edas, el s\u00e1bado 17 y el domingo 18 de mayo, por lo que ser\u00e1 m\u00e1s sencillo que la poblaci\u00f3n participe.<\/p>\n\n\n\n<p class=\"wp-block-paragraph\">Platic\u00f3 que de los 900 proyectos propuestos, los juarenses tendr\u00e1n la oportunidad de seleccionar cuatro. Adem\u00e1s de los adultos, pueden participar ni\u00f1os desde los seis a\u00f1os de edad presentando su Clave \u00danica de Registro de Poblaci\u00f3n.<\/p>\n\n\n\n<p class=\"wp-block-paragraph\">Coment\u00f3 que el Presupuesto Participativo ha tenido una gran aceptaci\u00f3n entre los juarenses, ya que ahora tienen la oportunidad de seleccionar qu\u00e9 obras desean que desarrolle el Gobierno Municipal.<\/p>\n\n\n\n<p class=\"wp-block-paragraph\">Una vez que se tenga los proyectos ganadores, se organizar\u00e1 la informaci\u00f3n para responder con el desarrollo de obras solicitadas, a\u00f1adi\u00f3 P\u00e9rez Cu\u00e9llar.<\/p>\n","protected":false},"excerpt":{"rendered":"<p>Ciudad Ju\u00e1rez, Chih.- El presidente municipal, Cruz P\u00e9rez Cu\u00e9llar, invit\u00f3 a la ciudadan\u00eda a participar en el programa del Presupuesto Participativo 2025 acudiendo a votar por los proyectos que m\u00e1s les beneficien. Indic\u00f3 que este a\u00f1o se dispondr\u00e1 de 200 puntos para que los juarenses acudan a emitir sus votaciones, adem\u00e1s de que el proceso [&hellip;]<\/p>\n","protected":false},"author":6,"featured_media":59029,"comment_status":"closed","ping_status":"closed","sticky":false,"template":"","format":"standard","meta":{"_acf_changed":false,"_monsterinsights_skip_tracking":false,"slim_seo":{"title":"Invita alcalde P\u00e9rez Cu\u00e9llar a los juarenses a votar en el Presupuesto Participativo - Opini\u00f3n P\u00fablica","description":"Ciudad Ju\u00e1rez, Chih .- El presidente municipal, Cruz P\u00e9rez Cu\u00e9llar, invit\u00f3 a la ciudadan\u00eda a participar en el programa del Presupuesto Participativo 2025 acudie"},"footnotes":""},"categories":[41],"tags":[],"class_list":["post-59026","post","type-post","status-publish","format-standard","has-post-thumbnail","hentry","category-juarez"],"acf":[],"_links":{"self":[{"href":"https:\/\/www.opinionpublica.tv\/portada\/wp-json\/wp\/v2\/posts\/59026","targetHints":{"allow":["GET"]}}],"collection":[{"href":"https:\/\/www.opinionpublica.tv\/portada\/wp-json\/wp\/v2\/posts"}],"about":[{"href":"https:\/\/www.opinionpublica.tv\/portada\/wp-json\/wp\/v2\/types\/post"}],"author":[{"embeddable":true,"href":"https:\/\/www.opinionpublica.tv\/portada\/wp-json\/wp\/v2\/users\/6"}],"replies":[{"embeddable":true,"href":"https:\/\/www.opinionpublica.tv\/portada\/wp-json\/wp\/v2\/comments?post=59026"}],"version-history":[{"count":2,"href":"https:\/\/www.opinionpublica.tv\/portada\/wp-json\/wp\/v2\/posts\/59026\/revisions"}],"predecessor-version":[{"id":59030,"href":"https:\/\/www.opinionpublica.tv\/portada\/wp-json\/wp\/v2\/posts\/59026\/revisions\/59030"}],"wp:featuredmedia":[{"embeddable":true,"href":"https:\/\/www.opinionpublica.tv\/portada\/wp-json\/wp\/v2\/media\/59029"}],"wp:attachment":[{"href":"https:\/\/www.opinionpublica.tv\/portada\/wp-json\/wp\/v2\/media?parent=59026"}],"wp:term":[{"taxonomy":"category","embeddable":true,"href":"https:\/\/www.opinionpublica.tv\/portada\/wp-json\/wp\/v2\/categories?post=59026"},{"taxonomy":"post_tag","embeddable":true,"href":"https:\/\/www.opinionpublica.tv\/portada\/wp-json\/wp\/v2\/tags?post=59026"}],"curies":[{"name":"wp","href":"https:\/\/api.w.org\/{rel}","templated":true}]}}