{"id":59021,"date":"2025-05-09T00:01:00","date_gmt":"2025-05-09T06:01:00","guid":{"rendered":"https:\/\/www.opinionpublica.tv\/portada\/?p=59021"},"modified":"2025-05-08T21:50:35","modified_gmt":"2025-05-09T03:50:35","slug":"chihuahua-consolida-su-liderazgo-en-la-industria-aeroespacial-maru-campos","status":"publish","type":"post","link":"https:\/\/www.opinionpublica.tv\/portada\/chihuahua-consolida-su-liderazgo-en-la-industria-aeroespacial-maru-campos\/","title":{"rendered":"Chihuahua consolida su liderazgo en la industria aeroespacial: Maru Campos"},"content":{"rendered":"\n<figure class=\"wp-block-image size-large\"><img fetchpriority=\"high\" decoding=\"async\" width=\"1024\" height=\"682\" src=\"https:\/\/www.opinionpublica.tv\/portada\/wp-content\/uploads\/2025\/05\/Chihuahua-consolida-su-liderazgo-en-la-industria-aeroespacial-Maru-Campos-1024x682.jpeg\" alt=\"Chihuahua consolida su liderazgo en la industria aeroespacial maru campos\" class=\"wp-image-59024\" srcset=\"https:\/\/www.opinionpublica.tv\/portada\/wp-content\/uploads\/2025\/05\/Chihuahua-consolida-su-liderazgo-en-la-industria-aeroespacial-Maru-Campos-1024x682.jpeg 1024w, https:\/\/www.opinionpublica.tv\/portada\/wp-content\/uploads\/2025\/05\/Chihuahua-consolida-su-liderazgo-en-la-industria-aeroespacial-Maru-Campos-300x200.jpeg 300w, https:\/\/www.opinionpublica.tv\/portada\/wp-content\/uploads\/2025\/05\/Chihuahua-consolida-su-liderazgo-en-la-industria-aeroespacial-Maru-Campos-768x512.jpeg 768w, https:\/\/www.opinionpublica.tv\/portada\/wp-content\/uploads\/2025\/05\/Chihuahua-consolida-su-liderazgo-en-la-industria-aeroespacial-Maru-Campos-1536x1023.jpeg 1536w, https:\/\/www.opinionpublica.tv\/portada\/wp-content\/uploads\/2025\/05\/Chihuahua-consolida-su-liderazgo-en-la-industria-aeroespacial-Maru-Campos.jpeg 1600w\" sizes=\"(max-width: 1024px) 100vw, 1024px\" \/><\/figure>\n\n\n\n<p class=\"wp-block-paragraph\"><em>Chihuahua, Chih<\/em>.- En el marco de la inauguraci\u00f3n de la Planta 6 de la compa\u00f1\u00eda francesa Safran Aerosystems, en el Parque Industrial Supra de la ciudad de Chihuahua, la gobernadora Maru Campos afirm\u00f3 que la entidad avanza en su consolidaci\u00f3n como referente nacional en el sector aeroespacial.<\/p>\n\n\n\n<p class=\"wp-block-paragraph\">En estas nuevas instalaciones el corporativo realiz\u00f3 una inversi\u00f3n de 6 millones de euros, generar\u00e1 m\u00e1s de 225 empleos directos y se proyecta que inicie operaciones durante el transcurso del presente mes.<\/p>\n\n\n\n<p class=\"wp-block-paragraph\">En su mensaje, la mandataria estatal reconoci\u00f3 la labor de cada persona que colabora en la empresa, para fortalecerla cada d\u00eda y a su vez traer prosperidad a esta tierra, donde la firma ha depositado su confianza.<\/p>\n\n\n\n<p class=\"wp-block-paragraph\">\u201cHoy quiero celebrar esta fruct\u00edfera relaci\u00f3n de Safran con Chihuahua. Vivimos en un mundo actualmente dominado por la desconfianza entre naciones y por una tendencia al proteccionismo y al aislamiento, pero aqu\u00ed son bienvenidos todos. Todos podemos salir adelante con unidad y esperanza, ese es nuestro m\u00e9todo de gobernanza\u201d, subray\u00f3.<\/p>\n\n\n\n<p class=\"wp-block-paragraph\">Enfatiz\u00f3 que la entidad mantiene su objetivo de posicionarse como actor clave en la econom\u00eda del pa\u00eds, por el potencial que tiene en el sector aeroespacial.<\/p>\n\n\n\n<p class=\"wp-block-paragraph\">Refiri\u00f3 que Chihuahua es el estado donde Safran Aerosystems, emplea a la mayor cantidad de personas a nivel nacional con una plantilla de 8 mil 500 trabajadores, lo que representa el 60 por ciento de su personal en M\u00e9xico.<\/p>\n\n\n\n<p class=\"wp-block-paragraph\">Es adem\u00e1s un eslab\u00f3n importante en la cadena de proveedur\u00eda para la industria en Norteam\u00e9rica, ya que cuenta con cinco empresas fabricantes de equipos originales y m\u00e1s de 40 certificadas para proveer este tipo de insumos, con la colaboraci\u00f3n de 16 mil personas en este rubro.<\/p>\n\n\n\n<p class=\"wp-block-paragraph\">La titular del Ejecutivo agreg\u00f3 que, como parte del impulso al desarrollo econ\u00f3mico, mantiene firme su compromiso con el apoyo a la educaci\u00f3n, al crecimiento de talento y a la innovaci\u00f3n, con m\u00e1s de 27 mil j\u00f3venes que estudian carreras que, en el futuro, enriquecer\u00e1n al sector aerospacial en la entidad.<\/p>\n\n\n\n<p class=\"wp-block-paragraph\">\u201cChihuahua es un socio confiable y un aliado en la lucha por la libertad, por los derechos democr\u00e1ticos de los ciudadanos y por supuesto por el libre mercado. Cuentan conmigo para seguir trayendo prosperidad a nuestra tierra\u201d, finaliz\u00f3, para luego realizar la declaratoria inaugural y recorrer las instalaciones.<\/p>\n\n\n\n<p class=\"wp-block-paragraph\">Sebastian Weber, CEO de Safran Aerosystems, agradeci\u00f3 a Maru Campos por ofrecer y facilitar las condiciones ideales para operar y hacer posible logros como \u00e9ste, y asegur\u00f3 que hoy se refrenda el compromiso de la empresa con Chihuahua, y con mantener la innovaci\u00f3n en la industria aeroespacial.<\/p>\n\n\n\n<p class=\"wp-block-paragraph\">Por su parte, Jorge Acosta, gerente general de Safran Aerosystems M\u00e9xico, reconoci\u00f3 el apoyo de los diferentes niveles de Gobierno y asegur\u00f3 que esta entidad, ofrece un ecosistema propicio para crecer, que se refleja en estas instalaciones que se consolidan tras un proceso de casi tres a\u00f1os.<\/p>\n\n\n\n<p class=\"wp-block-paragraph\">Safran Aerosystems, con 125 a\u00f1os de historia, es l\u00edder mundial en la industria aeroespacial. Tiene presencia en 27 pa\u00edses y es el empleador n\u00famero 1 de este sector en M\u00e9xico. La nueva planta en Chihuahua (n\u00famero 12 en la capital del estado), est\u00e1 equipada con tecnolog\u00eda de punta que cumple con los m\u00e1s altos est\u00e1ndares de calidad y sostenibilidad, donde se fabricar\u00e1n toboganes, balsas de evacuaci\u00f3n, entre otros insumos.<\/p>\n","protected":false},"excerpt":{"rendered":"<p>Chihuahua, Chih.- En el marco de la inauguraci\u00f3n de la Planta 6 de la compa\u00f1\u00eda francesa Safran Aerosystems, en el Parque Industrial Supra de la ciudad de Chihuahua, la gobernadora Maru Campos afirm\u00f3 que la entidad avanza en su consolidaci\u00f3n como referente nacional en el sector aeroespacial. En estas nuevas instalaciones el corporativo realiz\u00f3 una [&hellip;]<\/p>\n","protected":false},"author":6,"featured_media":59024,"comment_status":"closed","ping_status":"closed","sticky":false,"template":"","format":"standard","meta":{"_acf_changed":false,"_monsterinsights_skip_tracking":false,"slim_seo":{"title":"Chihuahua consolida su liderazgo en la industria aeroespacial: Maru Campos - Opini\u00f3n P\u00fablica","description":"Chihuahua, Chih .- En el marco de la inauguraci\u00f3n de la Planta 6 de la compa\u00f1\u00eda francesa Safran Aerosystems, en el Parque Industrial Supra de la ciudad de Chihu"},"footnotes":""},"categories":[11],"tags":[],"class_list":["post-59021","post","type-post","status-publish","format-standard","has-post-thumbnail","hentry","category-tendencias"],"acf":[],"_links":{"self":[{"href":"https:\/\/www.opinionpublica.tv\/portada\/wp-json\/wp\/v2\/posts\/59021","targetHints":{"allow":["GET"]}}],"collection":[{"href":"https:\/\/www.opinionpublica.tv\/portada\/wp-json\/wp\/v2\/posts"}],"about":[{"href":"https:\/\/www.opinionpublica.tv\/portada\/wp-json\/wp\/v2\/types\/post"}],"author":[{"embeddable":true,"href":"https:\/\/www.opinionpublica.tv\/portada\/wp-json\/wp\/v2\/users\/6"}],"replies":[{"embeddable":true,"href":"https:\/\/www.opinionpublica.tv\/portada\/wp-json\/wp\/v2\/comments?post=59021"}],"version-history":[{"count":2,"href":"https:\/\/www.opinionpublica.tv\/portada\/wp-json\/wp\/v2\/posts\/59021\/revisions"}],"predecessor-version":[{"id":59025,"href":"https:\/\/www.opinionpublica.tv\/portada\/wp-json\/wp\/v2\/posts\/59021\/revisions\/59025"}],"wp:featuredmedia":[{"embeddable":true,"href":"https:\/\/www.opinionpublica.tv\/portada\/wp-json\/wp\/v2\/media\/59024"}],"wp:attachment":[{"href":"https:\/\/www.opinionpublica.tv\/portada\/wp-json\/wp\/v2\/media?parent=59021"}],"wp:term":[{"taxonomy":"category","embeddable":true,"href":"https:\/\/www.opinionpublica.tv\/portada\/wp-json\/wp\/v2\/categories?post=59021"},{"taxonomy":"post_tag","embeddable":true,"href":"https:\/\/www.opinionpublica.tv\/portada\/wp-json\/wp\/v2\/tags?post=59021"}],"curies":[{"name":"wp","href":"https:\/\/api.w.org\/{rel}","templated":true}]}}