{"id":59011,"date":"2025-05-09T00:01:00","date_gmt":"2025-05-09T06:01:00","guid":{"rendered":"https:\/\/www.opinionpublica.tv\/portada\/?p=59011"},"modified":"2025-05-08T21:42:38","modified_gmt":"2025-05-09T03:42:38","slug":"video-quien-es-robert-prevost-el-nuevo-papa-de-la-iglesia-catolica-bbc-mundo","status":"publish","type":"post","link":"https:\/\/www.opinionpublica.tv\/portada\/video-quien-es-robert-prevost-el-nuevo-papa-de-la-iglesia-catolica-bbc-mundo\/","title":{"rendered":"Video: Qui\u00e9n es Robert Francis Prevost, el nuevo Papa de la Iglesia Cat\u00f3lica | BBC Mundo"},"content":{"rendered":"\n<figure class=\"wp-block-embed is-type-video is-provider-youtube wp-block-embed-youtube wp-embed-aspect-16-9 wp-has-aspect-ratio\"><div class=\"wp-block-embed__wrapper\">\n<iframe title=\"Qui\u00e9n es Robert Prevost, el nuevo Papa de la Iglesia cat\u00f3lica (y qu\u00e9 se puede esperar de su papado)\" width=\"800\" height=\"450\" src=\"https:\/\/www.youtube.com\/embed\/YFuRmjCt6dc?feature=oembed\" frameborder=\"0\" allow=\"accelerometer; autoplay; clipboard-write; encrypted-media; gyroscope; picture-in-picture; web-share\" referrerpolicy=\"strict-origin-when-cross-origin\" allowfullscreen><\/iframe>\n<\/div><\/figure>\n\n\n\n<p class=\"wp-block-paragraph\">Robert Francis Prevost Mart\u00ednez es el nuevo l\u00edder de la Iglesia Cat\u00f3lica Apost\u00f3lica Romana. De 69 a\u00f1os, nacido en Estados Unidos y tambi\u00e9n con nacionalidad peruana desde 2015, Prevost llevar\u00e1 su papado bajo el nombre de Le\u00f3n XIV tras ser electo en la cuarta votaci\u00f3n del c\u00f3nclave que reuni\u00f3 a 133 cardenales de la iglesia para elegir al sucesor de Francisco.<\/p>\n\n\n\n<p class=\"wp-block-paragraph\">Es el papa 267 en la historia del catolicismo. Es el primer pont\u00edfice de Estados Unidos, el segundo de todo el continente americano despu\u00e9s del Papa Francisco, y el primer papa agustino.<\/p>\n\n\n\n<p class=\"wp-block-paragraph\">Dedic\u00f3 gran parte de su carrera a ser misionero en Per\u00fa. All\u00ed fue obispo en la ciudad de Chiclayo\u2026 \u00bfQui\u00e9n es Robert Francis Prevost y qu\u00e9 puede esperar el mundo de su papado?<\/p>\n\n\n\n<p class=\"wp-block-paragraph\"><em>Cr\u00e9ditos: BBC Mundo<\/em>.<\/p>\n","protected":false},"excerpt":{"rendered":"<p>Robert Francis Prevost Mart\u00ednez es el nuevo l\u00edder de la Iglesia Cat\u00f3lica Apost\u00f3lica Romana. De 69 a\u00f1os, nacido en Estados Unidos y tambi\u00e9n con nacionalidad peruana desde 2015, Prevost llevar\u00e1 su papado bajo el nombre de Le\u00f3n XIV tras ser electo en la cuarta votaci\u00f3n del c\u00f3nclave que reuni\u00f3 a 133 cardenales de la iglesia [&hellip;]<\/p>\n","protected":false},"author":6,"featured_media":59015,"comment_status":"closed","ping_status":"closed","sticky":false,"template":"","format":"standard","meta":{"_acf_changed":false,"_monsterinsights_skip_tracking":false,"slim_seo":{"title":"Video: Qui\u00e9n es Robert Francis Prevost, el nuevo Papa de la Iglesia Cat\u00f3lica | BBC Mundo - Opini\u00f3n P\u00fablica","description":"https:\/\/youtu.be\/YFuRmjCt6dc?si=7op5G595Ro1SYcW_ Robert Francis Prevost Mart\u00ednez es el nuevo l\u00edder de la Iglesia Cat\u00f3lica Apost\u00f3lica Romana. De 69 a\u00f1os, nacido"},"footnotes":""},"categories":[2,13,8],"tags":[],"class_list":["post-59011","post","type-post","status-publish","format-standard","has-post-thumbnail","hentry","category-videos-destacados","category-videos-destacados-contenido","category-videos"],"acf":[],"_links":{"self":[{"href":"https:\/\/www.opinionpublica.tv\/portada\/wp-json\/wp\/v2\/posts\/59011","targetHints":{"allow":["GET"]}}],"collection":[{"href":"https:\/\/www.opinionpublica.tv\/portada\/wp-json\/wp\/v2\/posts"}],"about":[{"href":"https:\/\/www.opinionpublica.tv\/portada\/wp-json\/wp\/v2\/types\/post"}],"author":[{"embeddable":true,"href":"https:\/\/www.opinionpublica.tv\/portada\/wp-json\/wp\/v2\/users\/6"}],"replies":[{"embeddable":true,"href":"https:\/\/www.opinionpublica.tv\/portada\/wp-json\/wp\/v2\/comments?post=59011"}],"version-history":[{"count":2,"href":"https:\/\/www.opinionpublica.tv\/portada\/wp-json\/wp\/v2\/posts\/59011\/revisions"}],"predecessor-version":[{"id":59014,"href":"https:\/\/www.opinionpublica.tv\/portada\/wp-json\/wp\/v2\/posts\/59011\/revisions\/59014"}],"wp:featuredmedia":[{"embeddable":true,"href":"https:\/\/www.opinionpublica.tv\/portada\/wp-json\/wp\/v2\/media\/59015"}],"wp:attachment":[{"href":"https:\/\/www.opinionpublica.tv\/portada\/wp-json\/wp\/v2\/media?parent=59011"}],"wp:term":[{"taxonomy":"category","embeddable":true,"href":"https:\/\/www.opinionpublica.tv\/portada\/wp-json\/wp\/v2\/categories?post=59011"},{"taxonomy":"post_tag","embeddable":true,"href":"https:\/\/www.opinionpublica.tv\/portada\/wp-json\/wp\/v2\/tags?post=59011"}],"curies":[{"name":"wp","href":"https:\/\/api.w.org\/{rel}","templated":true}]}}