{"id":59006,"date":"2025-05-09T00:01:00","date_gmt":"2025-05-09T06:01:00","guid":{"rendered":"https:\/\/www.opinionpublica.tv\/portada\/?p=59006"},"modified":"2025-05-08T21:35:17","modified_gmt":"2025-05-09T03:35:17","slug":"sistematica-actuacion-de-jueces-ha-favorecido-al-crimen-organizado-harfuch","status":"publish","type":"post","link":"https:\/\/www.opinionpublica.tv\/portada\/sistematica-actuacion-de-jueces-ha-favorecido-al-crimen-organizado-harfuch\/","title":{"rendered":"Sistem\u00e1tica actuaci\u00f3n de jueces ha favorecido al crimen organizado: Garc\u00eda Harfuch"},"content":{"rendered":"\n<figure class=\"wp-block-image size-large\"><img fetchpriority=\"high\" decoding=\"async\" width=\"1024\" height=\"627\" src=\"https:\/\/www.opinionpublica.tv\/portada\/wp-content\/uploads\/2025\/05\/Sistematica-actuacion-de-jueces-ha-favorecido-al-crimen-organizado-Garcia-Harfuch-1024x627.png\" alt=\"Sistema\u0301tica actuacio\u0301n de jueces ha favorecido al crimen organizado garci\u0301a harfuch\" class=\"wp-image-59009\" srcset=\"https:\/\/www.opinionpublica.tv\/portada\/wp-content\/uploads\/2025\/05\/Sistematica-actuacion-de-jueces-ha-favorecido-al-crimen-organizado-Garcia-Harfuch-1024x627.png 1024w, https:\/\/www.opinionpublica.tv\/portada\/wp-content\/uploads\/2025\/05\/Sistematica-actuacion-de-jueces-ha-favorecido-al-crimen-organizado-Garcia-Harfuch-300x184.png 300w, https:\/\/www.opinionpublica.tv\/portada\/wp-content\/uploads\/2025\/05\/Sistematica-actuacion-de-jueces-ha-favorecido-al-crimen-organizado-Garcia-Harfuch-768x470.png 768w, https:\/\/www.opinionpublica.tv\/portada\/wp-content\/uploads\/2025\/05\/Sistematica-actuacion-de-jueces-ha-favorecido-al-crimen-organizado-Garcia-Harfuch-1536x940.png 1536w, https:\/\/www.opinionpublica.tv\/portada\/wp-content\/uploads\/2025\/05\/Sistematica-actuacion-de-jueces-ha-favorecido-al-crimen-organizado-Garcia-Harfuch-2048x1254.png 2048w\" sizes=\"(max-width: 1024px) 100vw, 1024px\" \/><\/figure>\n\n\n\n<p class=\"wp-block-paragraph\">Ciudad de M\u00e9xico. El secretario de Seguridad P\u00fablica y Protecci\u00f3n Ciudadana, Omar Garc\u00eda Harfuch denunci\u00f3 la sistem\u00e1tica actuaci\u00f3n de jueces cuyas resoluciones definitivas o modificaciones de medidas cautelares han favorecido a 193 delincuentes presuntamente vinculados al crimen organizado.<\/p>\n\n\n\n<p class=\"wp-block-paragraph\">Casi 200 decisiones de \u00f3rganos jurisdiccionales que favorecieron o pretenden beneficiar a presuntos delincuentes con traslados, liberaciones y egresos definitivos.<\/p>\n\n\n\n<p class=\"wp-block-paragraph\">Durante la conferencia presidencial, Garc\u00eda Harfuch dijo que derivado de estas determinaciones, se han concretado 164 egresos por cambio de medida cautelar y dos egresos definitivos, lo que significa m\u00e1s de 100 delincuentes que regresaron a las calles.<\/p>\n\n\n\n<p class=\"wp-block-paragraph\">Resalt\u00f3 particularmente el caso del juez Gregorio Salazar Hern\u00e1ndez, adscrito al Centro de Justicia Penal Federal en el estado de M\u00e9xico, quien ha resuelto medidas que han facilitado la liberaci\u00f3n de personas procesadas por delitos de delincuencia, organizada, operaciones con recursos de procedencia il\u00edcita, peculado y corrupci\u00f3n. La m\u00e1s reciente fue el 24 de abril con el egreso de Gerardo Ponceas, identificado como uno de los l\u00edderes de C\u00e1rtel del Pac\u00edfico, quien fue trasladado al Centro estatal de Aguaruto.<\/p>\n\n\n\n<p class=\"wp-block-paragraph\">Dijo que este juez orden\u00f3 la libertad de Mario Alberto Nez, sobrino de Osiel C\u00e1rdenas Guill\u00e9n, en marzo de 2024, dict\u00f3 auto de no vinculaci\u00f3n a proceso de Juan Enrique N alias La Pingua, operador del c\u00e1rtel del Golfo, facci\u00f3n de Los Escorpiones. En noviembre de 2024, revoc\u00f3 la medida de prisi\u00f3n preventiva de Jos\u00e9 Alfredo, alias El Contador, sobrino de Osiel C\u00e1rdenas, l\u00edder del C\u00e1rtel del Golfo, y revoc\u00f3 la medida de prisi\u00f3n preventiva a Eduardo Alejandro N, vinculado con otros delitos.<\/p>\n\n\n\n<p class=\"wp-block-paragraph\">Adem\u00e1s, asever\u00f3 que entre los 18 juzgadores que han favorecido con 27 traslados, destaca Silvestre Pe\u00f1a Crespo, con cinco resoluciones de traslado en Ceresos de personas privadas de la libertad, vinculadas con delitos de alto impacto, como secuestro, privaci\u00f3n ilegal de la libertad, corrupci\u00f3n de menores, portaci\u00f3n de arma de fuego y otros delitos.<\/p>\n\n\n\n<p class=\"wp-block-paragraph\">Denunci\u00f3 que otros 42 juzgadores que han favorecido con 164 egresos por cambio de medida cautelar, entre ellos est\u00e1 Enrique Hern\u00e1ndez Miranda, de Sonora, con 58 resoluciones, y An\u00edbal Castro Borb\u00f3n, tambi\u00e9n de Sonora, con 15 resoluciones. Quiero destacar que octubre de 2024 abril de 2025 fueron liberadas 26 personas que pertenec\u00edan a diferentes organizaciones criminales como C\u00e1rtel de Sinaloa, Golfo, Jalisco, Familia Michoacana, Zetas, Los Rojos, etc\u00e9tera, dijo.<\/p>\n\n\n\n<p class=\"wp-block-paragraph\">En este sentido, la presidenta Claudia Sheinbaum cuestion\u00f3 a quienes descalifican la elecci\u00f3n en el Poder Judicial que no digan nada sobre lo que est\u00e1 ocurriendo actualmente \u201c\u00bfD\u00f3nde est\u00e1 la cr\u00edtica a lo que est\u00e1 pasando ahora no solamente el nepotismo, la corrupci\u00f3n conocida denunciada por la propia Presidenta de la Corte, sino estos casos en donde es incre\u00edble pues es impresionante que jueces liberen y liberen y liberen y liberen delincuentes\u201d.<\/p>\n\n\n\n<p class=\"wp-block-paragraph\">Presente en la conferencia presidencial, el fiscal General de la Rep\u00fablica, Alejandro Gertz Manero dijo que han encontrado casos, con mucha frecuencia, de \u201cconductas ilegales que tienen todas las caracter\u00edsticas para poder iniciar un procedimiento en contra de un juez, un magistrado o un ministro que es lo que nos ha ocurrido que no nos dejan en el Poder Judicial proceder, porque dictaron un acuerdo interno en el que ning\u00fan juez puede ser procesado, si ellos no lo autorizan\u201d.<\/p>\n\n\n\n<p class=\"wp-block-paragraph\">Y a\u00f1adi\u00f3: \u201cEso en el nuevo cambio y con la democratizaci\u00f3n del sistema judicial se acab\u00f3; tenemos todos esos casos preparados y los vamos a llevar a cabo\u00bb. (La Jornada)<\/p>\n","protected":false},"excerpt":{"rendered":"<p>Ciudad de M\u00e9xico. El secretario de Seguridad P\u00fablica y Protecci\u00f3n Ciudadana, Omar Garc\u00eda Harfuch denunci\u00f3 la sistem\u00e1tica actuaci\u00f3n de jueces cuyas resoluciones definitivas o modificaciones de medidas cautelares han favorecido a 193 delincuentes presuntamente vinculados al crimen organizado. Casi 200 decisiones de \u00f3rganos jurisdiccionales que favorecieron o pretenden beneficiar a presuntos delincuentes con traslados, liberaciones [&hellip;]<\/p>\n","protected":false},"author":6,"featured_media":59009,"comment_status":"closed","ping_status":"closed","sticky":false,"template":"","format":"standard","meta":{"_acf_changed":false,"_monsterinsights_skip_tracking":false,"slim_seo":{"title":"Sistem\u00e1tica actuaci\u00f3n de jueces ha favorecido al crimen organizado: Garc\u00eda Harfuch - Opini\u00f3n P\u00fablica","description":"Ciudad de M\u00e9xico. El secretario de Seguridad P\u00fablica y Protecci\u00f3n Ciudadana, Omar Garc\u00eda Harfuch denunci\u00f3 la sistem\u00e1tica actuaci\u00f3n de jueces cuyas resoluciones"},"footnotes":""},"categories":[4],"tags":[],"class_list":["post-59006","post","type-post","status-publish","format-standard","has-post-thumbnail","hentry","category-pulsopolitico"],"acf":[],"_links":{"self":[{"href":"https:\/\/www.opinionpublica.tv\/portada\/wp-json\/wp\/v2\/posts\/59006","targetHints":{"allow":["GET"]}}],"collection":[{"href":"https:\/\/www.opinionpublica.tv\/portada\/wp-json\/wp\/v2\/posts"}],"about":[{"href":"https:\/\/www.opinionpublica.tv\/portada\/wp-json\/wp\/v2\/types\/post"}],"author":[{"embeddable":true,"href":"https:\/\/www.opinionpublica.tv\/portada\/wp-json\/wp\/v2\/users\/6"}],"replies":[{"embeddable":true,"href":"https:\/\/www.opinionpublica.tv\/portada\/wp-json\/wp\/v2\/comments?post=59006"}],"version-history":[{"count":2,"href":"https:\/\/www.opinionpublica.tv\/portada\/wp-json\/wp\/v2\/posts\/59006\/revisions"}],"predecessor-version":[{"id":59010,"href":"https:\/\/www.opinionpublica.tv\/portada\/wp-json\/wp\/v2\/posts\/59006\/revisions\/59010"}],"wp:featuredmedia":[{"embeddable":true,"href":"https:\/\/www.opinionpublica.tv\/portada\/wp-json\/wp\/v2\/media\/59009"}],"wp:attachment":[{"href":"https:\/\/www.opinionpublica.tv\/portada\/wp-json\/wp\/v2\/media?parent=59006"}],"wp:term":[{"taxonomy":"category","embeddable":true,"href":"https:\/\/www.opinionpublica.tv\/portada\/wp-json\/wp\/v2\/categories?post=59006"},{"taxonomy":"post_tag","embeddable":true,"href":"https:\/\/www.opinionpublica.tv\/portada\/wp-json\/wp\/v2\/tags?post=59006"}],"curies":[{"name":"wp","href":"https:\/\/api.w.org\/{rel}","templated":true}]}}