{"id":58994,"date":"2025-05-09T00:01:00","date_gmt":"2025-05-09T06:01:00","guid":{"rendered":"https:\/\/www.opinionpublica.tv\/portada\/?p=58994"},"modified":"2025-05-08T21:10:53","modified_gmt":"2025-05-09T03:10:53","slug":"sheinbaum-pide-mayor-acceso-a-creditos-para-el-pueblo-en-88-convencion-bancaria","status":"publish","type":"post","link":"https:\/\/www.opinionpublica.tv\/portada\/sheinbaum-pide-mayor-acceso-a-creditos-para-el-pueblo-en-88-convencion-bancaria\/","title":{"rendered":"Sheinbaum pide acceso a cr\u00e9ditos para el pueblo en la 88 Convenci\u00f3n Bancaria"},"content":{"rendered":"\n<figure class=\"wp-block-image size-full\"><img fetchpriority=\"high\" decoding=\"async\" width=\"1100\" height=\"666\" src=\"https:\/\/www.opinionpublica.tv\/portada\/wp-content\/uploads\/2025\/05\/Sheinbaum-pide-acceso-a-creditos-para-el-pueblo-en-la-88-Convencion-Bancaria.avif\" alt=\"Sheinbaum pide acceso a cre\u0301ditos para el pueblo en la 88 convencio\u0301n bancaria\" class=\"wp-image-58998\"\/><\/figure>\n\n\n\n<p class=\"wp-block-paragraph\">Al reconocer que hay un \u00abproblema\u00bb en el acceso para cr\u00e9dito para las y los mexicanos, la presidenta Claudia Sheinbaum pidi\u00f3 a los presentes en la 88 Convenci\u00f3n Bancaria voltear a ver este tema pues con ello podr\u00eda haber mayor crecimiento, \u00aby fundamentalmente bienestar\u00bb.<\/p>\n\n\n\n<p class=\"wp-block-paragraph\">Dijo que comparaci\u00f3n con pa\u00edses como Jap\u00f3n, Estados Unidos, Corea, Francia y Chile, \u00abel acceso al cr\u00e9dito de las y los mexicanos s\u00f3lo alcanza el 33%\u00bb.<\/p>\n\n\n\n<p class=\"wp-block-paragraph\">\u00abUn objetivo del gobierno y de la banca tiene que ser el mayor acceso al cr\u00e9dito si queremos que haya crecimiento sino fundamentalmente bienestar para las y los mexicanos\u00bb.<\/p>\n\n\n\n<p class=\"wp-block-paragraph\">Por otro lado, asegur\u00f3 \u00abyo soy optimista, hemos logrado una buena relaci\u00f3n con el gobierno de los Estados Unidos. No solamente una relaci\u00f3n de respeto, sino tambi\u00e9n una muy buena relaci\u00f3n entre los secretarios de Estado (&#8230;). \u00abEso ha permitido, dentro de las circunstancias que vive el mundo, una situaci\u00f3n en donde somos optimistas y creemos que tenemos todo por delante\u00bb, afirm\u00f3. (El Universal)<\/p>\n","protected":false},"excerpt":{"rendered":"<p>Al reconocer que hay un \u00abproblema\u00bb en el acceso para cr\u00e9dito para las y los mexicanos, la presidenta Claudia Sheinbaum pidi\u00f3 a los presentes en la 88 Convenci\u00f3n Bancaria voltear a ver este tema pues con ello podr\u00eda haber mayor crecimiento, \u00aby fundamentalmente bienestar\u00bb. Dijo que comparaci\u00f3n con pa\u00edses como Jap\u00f3n, Estados Unidos, Corea, Francia [&hellip;]<\/p>\n","protected":false},"author":6,"featured_media":58998,"comment_status":"closed","ping_status":"closed","sticky":false,"template":"","format":"standard","meta":{"_acf_changed":false,"_monsterinsights_skip_tracking":false,"slim_seo":{"title":"Sheinbaum pide acceso a cr\u00e9ditos para el pueblo en la 88 Convenci\u00f3n Bancaria - Opini\u00f3n P\u00fablica","description":"Al reconocer que hay un \"problema\" en el acceso para cr\u00e9dito para las y los mexicanos, la presidenta Claudia Sheinbaum pidi\u00f3 a los presentes en la 88 Convenci\u00f3n"},"footnotes":""},"categories":[4],"tags":[],"class_list":["post-58994","post","type-post","status-publish","format-standard","has-post-thumbnail","hentry","category-pulsopolitico"],"acf":[],"_links":{"self":[{"href":"https:\/\/www.opinionpublica.tv\/portada\/wp-json\/wp\/v2\/posts\/58994","targetHints":{"allow":["GET"]}}],"collection":[{"href":"https:\/\/www.opinionpublica.tv\/portada\/wp-json\/wp\/v2\/posts"}],"about":[{"href":"https:\/\/www.opinionpublica.tv\/portada\/wp-json\/wp\/v2\/types\/post"}],"author":[{"embeddable":true,"href":"https:\/\/www.opinionpublica.tv\/portada\/wp-json\/wp\/v2\/users\/6"}],"replies":[{"embeddable":true,"href":"https:\/\/www.opinionpublica.tv\/portada\/wp-json\/wp\/v2\/comments?post=58994"}],"version-history":[{"count":3,"href":"https:\/\/www.opinionpublica.tv\/portada\/wp-json\/wp\/v2\/posts\/58994\/revisions"}],"predecessor-version":[{"id":58999,"href":"https:\/\/www.opinionpublica.tv\/portada\/wp-json\/wp\/v2\/posts\/58994\/revisions\/58999"}],"wp:featuredmedia":[{"embeddable":true,"href":"https:\/\/www.opinionpublica.tv\/portada\/wp-json\/wp\/v2\/media\/58998"}],"wp:attachment":[{"href":"https:\/\/www.opinionpublica.tv\/portada\/wp-json\/wp\/v2\/media?parent=58994"}],"wp:term":[{"taxonomy":"category","embeddable":true,"href":"https:\/\/www.opinionpublica.tv\/portada\/wp-json\/wp\/v2\/categories?post=58994"},{"taxonomy":"post_tag","embeddable":true,"href":"https:\/\/www.opinionpublica.tv\/portada\/wp-json\/wp\/v2\/tags?post=58994"}],"curies":[{"name":"wp","href":"https:\/\/api.w.org\/{rel}","templated":true}]}}