{"id":58978,"date":"2025-05-09T00:01:00","date_gmt":"2025-05-09T06:01:00","guid":{"rendered":"https:\/\/www.opinionpublica.tv\/portada\/?p=58978"},"modified":"2025-05-08T20:40:49","modified_gmt":"2025-05-09T02:40:49","slug":"efemerides-9-de-mayo-6","status":"publish","type":"post","link":"https:\/\/www.opinionpublica.tv\/portada\/efemerides-9-de-mayo-6\/","title":{"rendered":"Efem\u00e9rides 9 de mayo"},"content":{"rendered":"\n<p class=\"wp-block-paragraph\"><em>Un d\u00eda 9 de mayo como hoy, pero de 2018, Mahathir Mohamed gana las presidenciales de Malasia y se convierte con 92 a\u00f1os en el l\u00edder m\u00e1s veterano del mundo<\/em>.<\/p>\n\n\n\n<figure class=\"wp-block-image size-full\"><img fetchpriority=\"high\" decoding=\"async\" width=\"450\" height=\"313\" src=\"https:\/\/www.opinionpublica.tv\/portada\/wp-content\/uploads\/2025\/05\/Mahathir-Mohamed-gana-las-presidenciales-de-Malasia-y-se-convierte-con-92-anos-en-el-lider-mas-veterano-del-mundo.jpg\" alt=\"Mahathir mohamed gana las presidenciales de malasia y se convierte con 92 an\u0303os en el li\u0301der ma\u0301s veterano del mundo\" class=\"wp-image-58979\" srcset=\"https:\/\/www.opinionpublica.tv\/portada\/wp-content\/uploads\/2025\/05\/Mahathir-Mohamed-gana-las-presidenciales-de-Malasia-y-se-convierte-con-92-anos-en-el-lider-mas-veterano-del-mundo.jpg 450w, https:\/\/www.opinionpublica.tv\/portada\/wp-content\/uploads\/2025\/05\/Mahathir-Mohamed-gana-las-presidenciales-de-Malasia-y-se-convierte-con-92-anos-en-el-lider-mas-veterano-del-mundo-300x209.jpg 300w\" sizes=\"(max-width: 450px) 100vw, 450px\" \/><\/figure>\n\n\n\n<p class=\"wp-block-paragraph\"><strong>Otras efem\u00e9rides<\/strong><\/p>\n\n\n\n<p class=\"wp-block-paragraph\">1502.- Crist\u00f3bal Col\u00f3n sale de C\u00e1diz en su cuarto viaje rumbo a Am\u00e9rica.<\/p>\n\n\n\n<p class=\"wp-block-paragraph\">1846.- El general estadounidense Zachary Taylor, m\u00e1s tarde presidente de EEUU, derrota a las tropas mexicanas cerca de Matamoros, en la desembocadura de R\u00edo Grande del Norte.<\/p>\n\n\n\n<p class=\"wp-block-paragraph\">1919.- Los Pa\u00edses Bajos reconocen el derecho al voto femenino.<\/p>\n\n\n\n<p class=\"wp-block-paragraph\">1927.- La ciudad de Camberra es elegida sede del Gobierno de Australia.<\/p>\n\n\n\n<p class=\"wp-block-paragraph\">1945.- Se registra la victoria sovi\u00e9tica sobre la Alemania nazi durante la Segunda Guerra Mundial.<\/p>\n\n\n\n<p class=\"wp-block-paragraph\">1946.- El rey de Italia, V\u00edctor Manuel III, abdica en su hijo, quien se proclama a s\u00ed mismo Humberto II.<\/p>\n\n\n\n<p class=\"wp-block-paragraph\">1949.- Con 26 a\u00f1os, Rainiero se convierte en el pr\u00edncipe de los monegascos al morir su abuelo Luis II.<\/p>\n\n\n\n<p class=\"wp-block-paragraph\">1950.- Los franceses Robert Schuman y Jean Monnet hacen p\u00fablica su propuesta de integraci\u00f3n europea, conocida como \u00abDeclaraci\u00f3n Schuman\u00bb.<\/p>\n\n\n\n<p class=\"wp-block-paragraph\">1960.- La Administraci\u00f3n de Alimentos y Medicamentos de Estados Unidos (FDA, en ingl\u00e9s) aprueba el Enovid magnesio 10 para el uso anticonceptivo.<\/p>\n\n\n\n<p class=\"wp-block-paragraph\">1978.- Hallado en Roma, dentro de un coche, el cad\u00e1ver de Aldo Moro, asesinado por las Brigadas Rojas tras 55 d\u00edas de secuestro.<\/p>\n\n\n\n<p class=\"wp-block-paragraph\">1985.- Los Jefes de Estado y de Gobierno europeos deciden en Mil\u00e1n conmemorar el 9 de mayo como \u00abD\u00eda de Europa\u00bb, en recuerdo de la \u00abDeclaraci\u00f3n Schuman\u00bb (1950).<\/p>\n\n\n\n<p class=\"wp-block-paragraph\">1989.- Tropas leales al Gobierno constitucional de Guatemala, que preside Vinicio Cerezo, desarticulan una intentona golpista de un grupo de oficiales expulsados de las FAS.<\/p>\n\n\n\n<p class=\"wp-block-paragraph\">1987.- Mueren 183 personas al estrellarse un avi\u00f3n de la compa\u00f1\u00eda polaca LOT, tras despegar del aeropuerto de Varsovia.<\/p>\n\n\n\n<p class=\"wp-block-paragraph\">1990.- Operaci\u00f3n Sundevil: el Servicio Secreto de Estados Unidos lleva a cabo la primera redada nacional anti-Hackers.<\/p>\n\n\n\n<p class=\"wp-block-paragraph\">1993.- El oficialista Partido Colorado vence en las primeras elecciones presidenciales y legislativas celebradas en Paraguay en 39 a\u00f1os.<\/p>\n\n\n\n<p class=\"wp-block-paragraph\">1994.- Nelson Mandela es investido como el primer presidente negro de Sud\u00e1frica.<\/p>\n\n\n\n<p class=\"wp-block-paragraph\">1996.- El escritor peruano-espa\u00f1ol Mario Vargas Llosa es galardonado con el Premio de la Paz de la Asociaci\u00f3n de Editores y Libreros de Alemania.<\/p>\n\n\n\n<p class=\"wp-block-paragraph\">2001.- El escritor y humanista franc\u00e9s George Steiner es galardonado con el Premio Pr\u00edncipe de Asturias de Comunicaci\u00f3n y Humanidades 2001.<\/p>\n\n\n\n<p class=\"wp-block-paragraph\">2004.- El presidente de Chechenia, Ajmad Kad\u00edrov, muere en un atentado en Grozni, durante los festejos del 59 aniversario de la victoria de Rusia sobre la Alemania nazi en la II Guerra Mundial.<\/p>\n\n\n\n<p class=\"wp-block-paragraph\">2006.- La Audiencia Nacional interviene las sociedades Afinsa y F\u00f3rum Filat\u00e9lico.<\/p>\n\n\n\n<p class=\"wp-block-paragraph\">2007.- El primer ministro y Nobel de la Paz 1996, Jos\u00e9 Ramos Horta, gana las elecciones presidenciales en Timor Oriental.<\/p>\n\n\n\n<p class=\"wp-block-paragraph\">2011.- La Justicia guatemalteca absuelve de corrupci\u00f3n al expresidente Alfonso Portillo (2000-2004) y a dos de sus exministros.<\/p>\n\n\n\n<p class=\"wp-block-paragraph\">2017.- El presidente de EEUU, Donald Trump, cesa al director del FBI, James Comey.<\/p>\n\n\n\n<p class=\"wp-block-paragraph\">2019.- El papa Francisco firma una norma que obliga a denunciar cualquier presunto abuso sexual o de poder por parte de un cl\u00e9rigo.<\/p>\n\n\n\n<p class=\"wp-block-paragraph\">2020.- Brasil, con 10.627 fallecidos por coronavirus, supera los diez mil decesos y es el pa\u00eds m\u00e1s afectado de Latinoam\u00e9rica.<\/p>\n\n\n\n<p class=\"wp-block-paragraph\">2022.- 44 reclusos mueren en un mot\u00edn registrado en la c\u00e1rcel de Santa Domingo de los Ts\u00e1chilas, en el centro de Ecuador.<\/p>\n\n\n\n<p class=\"wp-block-paragraph\"><strong>Nacimientos<\/strong><\/p>\n\n\n\n<p class=\"wp-block-paragraph\">1883.- Jos\u00e9 Ortega y Gasset, escritor y fil\u00f3sofo espa\u00f1ol.<\/p>\n\n\n\n<p class=\"wp-block-paragraph\">1887.- Francisco Alonso, compositor espa\u00f1ol.<\/p>\n\n\n\n<p class=\"wp-block-paragraph\">1905.- Lil\u00ed Alvarez, tenista espa\u00f1ola.<\/p>\n\n\n\n<p class=\"wp-block-paragraph\">1936.- Glenda Jackson, actriz brit\u00e1nica.<\/p>\n\n\n\n<p class=\"wp-block-paragraph\">1936.- Albert Finney, cineasta brit\u00e1nico.<\/p>\n\n\n\n<p class=\"wp-block-paragraph\">1937.- Rafael Moneo, arquitecto espa\u00f1ol.<\/p>\n\n\n\n<p class=\"wp-block-paragraph\">1947.- V\u00edctor Ullate, bailar\u00edn espa\u00f1ol.<\/p>\n\n\n\n<p class=\"wp-block-paragraph\"><strong>Defunciones<\/strong><\/p>\n\n\n\n<p class=\"wp-block-paragraph\">1805.- Johann Christoph Fredrich von Schiller, poeta alem\u00e1n.<\/p>\n\n\n\n<p class=\"wp-block-paragraph\">1850.- Joseph Louis Gay-Lussac, f\u00edsico y qu\u00edmico franc\u00e9s.<\/p>\n\n\n\n<p class=\"wp-block-paragraph\">1997.- Marco Ferreri, cineasta italiano.<\/p>\n\n\n\n<p class=\"wp-block-paragraph\">2001.- Manuel Moreno Fraginals, historiador cubano.<\/p>\n\n\n\n<p class=\"wp-block-paragraph\">2003.- Pedro Zarco, cardi\u00f3logo espa\u00f1ol, introductor del cateterismo.<\/p>\n\n\n\n<p class=\"wp-block-paragraph\">2020.- Little Richard, cantante y compositor estadounidense, considerado el padre del Rock and Roll.<\/p>\n","protected":false},"excerpt":{"rendered":"<p>Un d\u00eda 9 de mayo como hoy, pero de 2018, Mahathir Mohamed gana las presidenciales de Malasia y se convierte con 92 a\u00f1os en el l\u00edder m\u00e1s veterano del mundo. Otras efem\u00e9rides 1502.- Crist\u00f3bal Col\u00f3n sale de C\u00e1diz en su cuarto viaje rumbo a Am\u00e9rica. 1846.- El general estadounidense Zachary Taylor, m\u00e1s tarde presidente de [&hellip;]<\/p>\n","protected":false},"author":6,"featured_media":58979,"comment_status":"closed","ping_status":"closed","sticky":false,"template":"","format":"standard","meta":{"_acf_changed":false,"_monsterinsights_skip_tracking":false,"slim_seo":{"title":"Efem\u00e9rides 9 de mayo - Opini\u00f3n P\u00fablica","description":"Un d\u00eda 9 de mayo como hoy, pero de 2018, Mahathir Mohamed gana las presidenciales de Malasia y se convierte con 92 a\u00f1os en el l\u00edder m\u00e1s veterano del mundo . Otr"},"footnotes":""},"categories":[27],"tags":[],"class_list":["post-58978","post","type-post","status-publish","format-standard","has-post-thumbnail","hentry","category-un-dia-como-hoy"],"acf":[],"_links":{"self":[{"href":"https:\/\/www.opinionpublica.tv\/portada\/wp-json\/wp\/v2\/posts\/58978","targetHints":{"allow":["GET"]}}],"collection":[{"href":"https:\/\/www.opinionpublica.tv\/portada\/wp-json\/wp\/v2\/posts"}],"about":[{"href":"https:\/\/www.opinionpublica.tv\/portada\/wp-json\/wp\/v2\/types\/post"}],"author":[{"embeddable":true,"href":"https:\/\/www.opinionpublica.tv\/portada\/wp-json\/wp\/v2\/users\/6"}],"replies":[{"embeddable":true,"href":"https:\/\/www.opinionpublica.tv\/portada\/wp-json\/wp\/v2\/comments?post=58978"}],"version-history":[{"count":2,"href":"https:\/\/www.opinionpublica.tv\/portada\/wp-json\/wp\/v2\/posts\/58978\/revisions"}],"predecessor-version":[{"id":58981,"href":"https:\/\/www.opinionpublica.tv\/portada\/wp-json\/wp\/v2\/posts\/58978\/revisions\/58981"}],"wp:featuredmedia":[{"embeddable":true,"href":"https:\/\/www.opinionpublica.tv\/portada\/wp-json\/wp\/v2\/media\/58979"}],"wp:attachment":[{"href":"https:\/\/www.opinionpublica.tv\/portada\/wp-json\/wp\/v2\/media?parent=58978"}],"wp:term":[{"taxonomy":"category","embeddable":true,"href":"https:\/\/www.opinionpublica.tv\/portada\/wp-json\/wp\/v2\/categories?post=58978"},{"taxonomy":"post_tag","embeddable":true,"href":"https:\/\/www.opinionpublica.tv\/portada\/wp-json\/wp\/v2\/tags?post=58978"}],"curies":[{"name":"wp","href":"https:\/\/api.w.org\/{rel}","templated":true}]}}