{"id":58934,"date":"2025-05-08T00:01:00","date_gmt":"2025-05-08T06:01:00","guid":{"rendered":"https:\/\/www.opinionpublica.tv\/portada\/?p=58934"},"modified":"2025-05-07T21:55:17","modified_gmt":"2025-05-08T03:55:17","slug":"maru-campos-y-greg-abbott-fortalecen-relacion-bilateral-entre-chihuahua-y-texas","status":"publish","type":"post","link":"https:\/\/www.opinionpublica.tv\/portada\/maru-campos-y-greg-abbott-fortalecen-relacion-bilateral-entre-chihuahua-y-texas\/","title":{"rendered":"Maru Campos y Greg Abbott fortalecen relaci\u00f3n bilateral entre Chihuahua y Texas"},"content":{"rendered":"\n<figure class=\"wp-block-image size-large\"><img fetchpriority=\"high\" decoding=\"async\" width=\"1024\" height=\"768\" src=\"https:\/\/www.opinionpublica.tv\/portada\/wp-content\/uploads\/2025\/05\/Maru-Campos-y-Greg-Abbott-fortalecen-relacion-bilateral-entre-Chihuahua-y-Texas-1024x768.jpeg\" alt=\"Maru campos y greg abbott fortalecen relacio\u0301n bilateral entre chihuahua y texas\" class=\"wp-image-58937\" srcset=\"https:\/\/www.opinionpublica.tv\/portada\/wp-content\/uploads\/2025\/05\/Maru-Campos-y-Greg-Abbott-fortalecen-relacion-bilateral-entre-Chihuahua-y-Texas-1024x768.jpeg 1024w, https:\/\/www.opinionpublica.tv\/portada\/wp-content\/uploads\/2025\/05\/Maru-Campos-y-Greg-Abbott-fortalecen-relacion-bilateral-entre-Chihuahua-y-Texas-300x225.jpeg 300w, https:\/\/www.opinionpublica.tv\/portada\/wp-content\/uploads\/2025\/05\/Maru-Campos-y-Greg-Abbott-fortalecen-relacion-bilateral-entre-Chihuahua-y-Texas-768x576.jpeg 768w, https:\/\/www.opinionpublica.tv\/portada\/wp-content\/uploads\/2025\/05\/Maru-Campos-y-Greg-Abbott-fortalecen-relacion-bilateral-entre-Chihuahua-y-Texas-1536x1152.jpeg 1536w, https:\/\/www.opinionpublica.tv\/portada\/wp-content\/uploads\/2025\/05\/Maru-Campos-y-Greg-Abbott-fortalecen-relacion-bilateral-entre-Chihuahua-y-Texas.jpeg 1600w\" sizes=\"(max-width: 1024px) 100vw, 1024px\" \/><\/figure>\n\n\n\n<p class=\"wp-block-paragraph\"><em>Austin, Texas<\/em>.- La gobernadora Maru Campos se reuni\u00f3 en la ciudad de Austin con el gobernador de Texas, Greg Abbott y miembros de su gabinete, con la finalidad de fortalecer la relaci\u00f3n bilateral, en temas prioritarios para la tranquilidad y el impulso de ambos estados fronterizos.<\/p>\n\n\n\n<p class=\"wp-block-paragraph\">En el encuentro se abordaron estrategias en los rubros de desarrollo econ\u00f3mico, seguridad fronteriza y migraci\u00f3n, con la visi\u00f3n conjunta de definir acciones que deriven en el bienestar de las y los habitantes de las respectivas entidades.<\/p>\n\n\n\n<p class=\"wp-block-paragraph\">La mandataria estatal acord\u00f3 con Abbott, mantener la suma de voluntades y seguir con la coordinaci\u00f3n para enriquecer la relaci\u00f3n entre Chihuahua y Texas, en torno a un paradigma de responsabilidad compartida para dar soluciones binacionales y transnacionales.&nbsp;&nbsp;<\/p>\n\n\n\n<p class=\"wp-block-paragraph\">Acompa\u00f1ada por los secretarios de Seguridad P\u00fablica, Gilberto Loya y de Innovaci\u00f3n y Desarrollo Econ\u00f3mico, Ulises Fern\u00e1ndez, Maru Campos refrend\u00f3 su compromiso de coadyuvar para generar las condiciones necesarias, para que el estado sea un lugar \u00f3ptimo para la inversi\u00f3n y el desarrollo integral de las familias chihuahuenses.<\/p>\n\n\n\n<p class=\"wp-block-paragraph\">Como parte de la comitiva estatal, tambi\u00e9n asisti\u00f3 Ra\u00fal de Le\u00f3n, presidente del Fideicomiso para la Competitividad y Seguridad Ciudadana (Ficosec), en representaci\u00f3n del empresariado local.<\/p>\n\n\n\n<p class=\"wp-block-paragraph\">Por parte del Gobierno de Texas, estuvieron presentes Jane Nelson, secretaria de Estado; Adriana Cruz, directora para la Oficina de Desarrollo Econ\u00f3mico y Turismo; Freeman Martin, director del Departamento de Seguridad P\u00fablica; Carlos Ealy, subsecretario para Asuntos Mexicanos y Fronterizos y James Taylor, director de la Oficina de Texas en M\u00e9xico.<\/p>\n","protected":false},"excerpt":{"rendered":"<p>Austin, Texas.- La gobernadora Maru Campos se reuni\u00f3 en la ciudad de Austin con el gobernador de Texas, Greg Abbott y miembros de su gabinete, con la finalidad de fortalecer la relaci\u00f3n bilateral, en temas prioritarios para la tranquilidad y el impulso de ambos estados fronterizos. En el encuentro se abordaron estrategias en los rubros [&hellip;]<\/p>\n","protected":false},"author":6,"featured_media":58937,"comment_status":"closed","ping_status":"closed","sticky":false,"template":"","format":"standard","meta":{"_acf_changed":false,"_monsterinsights_skip_tracking":false,"slim_seo":{"title":"Maru Campos y Greg Abbott fortalecen relaci\u00f3n bilateral entre Chihuahua y Texas - Opini\u00f3n P\u00fablica","description":"Austin, Texas .- La gobernadora Maru Campos se reuni\u00f3 en la ciudad de Austin con el gobernador de Texas, Greg Abbott y miembros de su gabinete, con la finalidad"},"footnotes":""},"categories":[11],"tags":[],"class_list":["post-58934","post","type-post","status-publish","format-standard","has-post-thumbnail","hentry","category-tendencias"],"acf":[],"_links":{"self":[{"href":"https:\/\/www.opinionpublica.tv\/portada\/wp-json\/wp\/v2\/posts\/58934","targetHints":{"allow":["GET"]}}],"collection":[{"href":"https:\/\/www.opinionpublica.tv\/portada\/wp-json\/wp\/v2\/posts"}],"about":[{"href":"https:\/\/www.opinionpublica.tv\/portada\/wp-json\/wp\/v2\/types\/post"}],"author":[{"embeddable":true,"href":"https:\/\/www.opinionpublica.tv\/portada\/wp-json\/wp\/v2\/users\/6"}],"replies":[{"embeddable":true,"href":"https:\/\/www.opinionpublica.tv\/portada\/wp-json\/wp\/v2\/comments?post=58934"}],"version-history":[{"count":2,"href":"https:\/\/www.opinionpublica.tv\/portada\/wp-json\/wp\/v2\/posts\/58934\/revisions"}],"predecessor-version":[{"id":58938,"href":"https:\/\/www.opinionpublica.tv\/portada\/wp-json\/wp\/v2\/posts\/58934\/revisions\/58938"}],"wp:featuredmedia":[{"embeddable":true,"href":"https:\/\/www.opinionpublica.tv\/portada\/wp-json\/wp\/v2\/media\/58937"}],"wp:attachment":[{"href":"https:\/\/www.opinionpublica.tv\/portada\/wp-json\/wp\/v2\/media?parent=58934"}],"wp:term":[{"taxonomy":"category","embeddable":true,"href":"https:\/\/www.opinionpublica.tv\/portada\/wp-json\/wp\/v2\/categories?post=58934"},{"taxonomy":"post_tag","embeddable":true,"href":"https:\/\/www.opinionpublica.tv\/portada\/wp-json\/wp\/v2\/tags?post=58934"}],"curies":[{"name":"wp","href":"https:\/\/api.w.org\/{rel}","templated":true}]}}