{"id":58927,"date":"2025-05-08T00:01:00","date_gmt":"2025-05-08T06:01:00","guid":{"rendered":"https:\/\/www.opinionpublica.tv\/portada\/?p=58927"},"modified":"2025-05-07T21:58:47","modified_gmt":"2025-05-08T03:58:47","slug":"el-ipacult-invita-a-conmemorar-el-114-aniversario-de-la-toma-de-ciudad-juarez","status":"publish","type":"post","link":"https:\/\/www.opinionpublica.tv\/portada\/el-ipacult-invita-a-conmemorar-el-114-aniversario-de-la-toma-de-ciudad-juarez\/","title":{"rendered":"Invita IPACULT a conmemorar el 114 aniversario de la \u00abToma de Ciudad Ju\u00e1rez\u00bb"},"content":{"rendered":"\n<figure class=\"wp-block-image size-large\"><img fetchpriority=\"high\" decoding=\"async\" width=\"1024\" height=\"857\" src=\"https:\/\/www.opinionpublica.tv\/portada\/wp-content\/uploads\/2025\/05\/Invita-IPACULT-a-conmemorar-el-114-aniversario-de-la-22Toma-de-Ciudad-Juarez22-1024x857.png\" alt=\"Invita ipacult a conmemorar el 114 aniversario de la %22toma de ciudad jua\u0301rez%22\" class=\"wp-image-58932\" srcset=\"https:\/\/www.opinionpublica.tv\/portada\/wp-content\/uploads\/2025\/05\/Invita-IPACULT-a-conmemorar-el-114-aniversario-de-la-22Toma-de-Ciudad-Juarez22-1024x857.png 1024w, https:\/\/www.opinionpublica.tv\/portada\/wp-content\/uploads\/2025\/05\/Invita-IPACULT-a-conmemorar-el-114-aniversario-de-la-22Toma-de-Ciudad-Juarez22-300x251.png 300w, https:\/\/www.opinionpublica.tv\/portada\/wp-content\/uploads\/2025\/05\/Invita-IPACULT-a-conmemorar-el-114-aniversario-de-la-22Toma-de-Ciudad-Juarez22-768x643.png 768w, https:\/\/www.opinionpublica.tv\/portada\/wp-content\/uploads\/2025\/05\/Invita-IPACULT-a-conmemorar-el-114-aniversario-de-la-22Toma-de-Ciudad-Juarez22-1536x1285.png 1536w, https:\/\/www.opinionpublica.tv\/portada\/wp-content\/uploads\/2025\/05\/Invita-IPACULT-a-conmemorar-el-114-aniversario-de-la-22Toma-de-Ciudad-Juarez22.png 1616w\" sizes=\"(max-width: 1024px) 100vw, 1024px\" \/><\/figure>\n\n\n\n<p class=\"wp-block-paragraph\"><em>Ciudad Ju\u00e1rez, Chih<\/em>.- Con el objetivo de rescatar y promover la memoria hist\u00f3rica y cultural de la ciudad, el Instituto para la Cultura del Municipio de Ju\u00e1rez (IPACULT) invita a la ciudadan\u00eda a dos eventos especiales para conmemorar el 114 aniversario de La Toma de Ju\u00e1rez, un episodio clave de la Revoluci\u00f3n Mexicana.<\/p>\n\n\n\n<p class=\"wp-block-paragraph\">Los eventos se llevar\u00e1n a cabo este jueves 8 y viernes 9 de mayo en el Centro Hist\u00f3rico y en el Museo Casa de Adobe, donde se presentar\u00e1n espect\u00e1culos art\u00edsticos y una representaci\u00f3n esc\u00e9nica que recrea la hist\u00f3rica toma de Ciudad Ju\u00e1rez en mayo de 1911 por las fuerzas revolucionarias lideradas por Francisco I. Madero, Pascual Orozco y Francisco Villa.<\/p>\n\n\n\n<p class=\"wp-block-paragraph\">La jornada conmemorativa dar\u00e1 inicio el jueves 8 a las 7:00 de la tarde en el exterior de la antigua Presidencia Municipal, donde los asistentes podr\u00e1n disfrutar de una proyecci\u00f3n de video mapping sobre la fachada del edificio, con im\u00e1genes alusivas al suceso hist\u00f3rico.<\/p>\n\n\n\n<p class=\"wp-block-paragraph\">El espect\u00e1culo incluir\u00e1 tambi\u00e9n cuadros de danza folcl\u00f3rica que enriquecer\u00e1n la experiencia cultural.<\/p>\n\n\n\n<p class=\"wp-block-paragraph\">El viernes 9, a partir de las 9:00 de la ma\u00f1ana, las actividades se trasladar\u00e1n al Museo Casa de Adobe; en este emblem\u00e1tico lugar se presentar\u00e1 la Banda Sinf\u00f3nica de Selecci\u00f3n del Sistema Ju\u00e1rez, la Compa\u00f1\u00eda de Danza del Centro Municipal de las Artes \u201cM\u00e9xico, Fiesta y Tradici\u00f3n\u201d y la Compa\u00f1\u00eda de Teatro del CMA con una representaci\u00f3n dramatizada de La Toma de Ju\u00e1rez.<\/p>\n\n\n\n<p class=\"wp-block-paragraph\">Adem\u00e1s, Antonio Ramos dar\u00e1 vida al Coronel Rosendo Mart\u00ednez \u201cDon Chendo\u201d, compartiendo relatos hist\u00f3ricos que contextualizan este acontecimiento revolucionario.<\/p>\n\n\n\n<p class=\"wp-block-paragraph\">La directora del IPACULT, Myrna Judith Barajas Mart\u00ednez, destac\u00f3 que estas actividades tienen como prop\u00f3sito \u00abpromover el arte y la cultura, brindando espacios de expresi\u00f3n dignos para nuestros artistas y ofreciendo espect\u00e1culos de calidad para la comunidad en general\u00bb.<\/p>\n","protected":false},"excerpt":{"rendered":"<p>Ciudad Ju\u00e1rez, Chih.- Con el objetivo de rescatar y promover la memoria hist\u00f3rica y cultural de la ciudad, el Instituto para la Cultura del Municipio de Ju\u00e1rez (IPACULT) invita a la ciudadan\u00eda a dos eventos especiales para conmemorar el 114 aniversario de La Toma de Ju\u00e1rez, un episodio clave de la Revoluci\u00f3n Mexicana. Los eventos [&hellip;]<\/p>\n","protected":false},"author":6,"featured_media":58932,"comment_status":"closed","ping_status":"closed","sticky":false,"template":"","format":"standard","meta":{"_acf_changed":false,"_monsterinsights_skip_tracking":false,"slim_seo":{"title":"Invita IPACULT a conmemorar el 114 aniversario de la \"Toma de Ciudad Ju\u00e1rez\" - Opini\u00f3n P\u00fablica","description":"Ciudad Ju\u00e1rez, Chih .- Con el objetivo de rescatar y promover la memoria hist\u00f3rica y cultural de la ciudad, el Instituto para la Cultura del Municipio de Ju\u00e1rez"},"footnotes":""},"categories":[41],"tags":[],"class_list":["post-58927","post","type-post","status-publish","format-standard","has-post-thumbnail","hentry","category-juarez"],"acf":[],"_links":{"self":[{"href":"https:\/\/www.opinionpublica.tv\/portada\/wp-json\/wp\/v2\/posts\/58927","targetHints":{"allow":["GET"]}}],"collection":[{"href":"https:\/\/www.opinionpublica.tv\/portada\/wp-json\/wp\/v2\/posts"}],"about":[{"href":"https:\/\/www.opinionpublica.tv\/portada\/wp-json\/wp\/v2\/types\/post"}],"author":[{"embeddable":true,"href":"https:\/\/www.opinionpublica.tv\/portada\/wp-json\/wp\/v2\/users\/6"}],"replies":[{"embeddable":true,"href":"https:\/\/www.opinionpublica.tv\/portada\/wp-json\/wp\/v2\/comments?post=58927"}],"version-history":[{"count":4,"href":"https:\/\/www.opinionpublica.tv\/portada\/wp-json\/wp\/v2\/posts\/58927\/revisions"}],"predecessor-version":[{"id":58933,"href":"https:\/\/www.opinionpublica.tv\/portada\/wp-json\/wp\/v2\/posts\/58927\/revisions\/58933"}],"wp:featuredmedia":[{"embeddable":true,"href":"https:\/\/www.opinionpublica.tv\/portada\/wp-json\/wp\/v2\/media\/58932"}],"wp:attachment":[{"href":"https:\/\/www.opinionpublica.tv\/portada\/wp-json\/wp\/v2\/media?parent=58927"}],"wp:term":[{"taxonomy":"category","embeddable":true,"href":"https:\/\/www.opinionpublica.tv\/portada\/wp-json\/wp\/v2\/categories?post=58927"},{"taxonomy":"post_tag","embeddable":true,"href":"https:\/\/www.opinionpublica.tv\/portada\/wp-json\/wp\/v2\/tags?post=58927"}],"curies":[{"name":"wp","href":"https:\/\/api.w.org\/{rel}","templated":true}]}}